{"id":263495,"date":"2026-01-27T13:19:32","date_gmt":"2026-01-27T19:19:32","guid":{"rendered":"https:\/\/laredsocial-noticias.com\/wp\/?p=263495"},"modified":"2026-01-27T13:19:56","modified_gmt":"2026-01-27T19:19:56","slug":"juez-de-minnesota-ordena-comparecer-al-jefe-en-funciones-del-ice","status":"publish","type":"post","link":"https:\/\/laredsocial-noticias.com\/wp\/juez-de-minnesota-ordena-comparecer-al-jefe-en-funciones-del-ice\/","title":{"rendered":"Juez de Minnesota ordena comparecer al jefe en funciones del ICE"},"content":{"rendered":"<p>El juez presidente de la corte federal del Minnesota orden\u00f3 al jefe en funciones del Servicio de Inmigraci\u00f3n y Control de Aduanas de Estados Unidos (ICE) que comparezca ante el tribunal el viernes para explicar en persona por qu\u00e9 esa agencia no ha cumplido decenas de \u00f3rdenes judiciales en las \u00faltimas semanas.<\/p>\n<p>En una presentaci\u00f3n a \u00faltima hora del lunes, el juez Patrick Schiltz dijo que el director interino del ICE, Todd Lyons, debe explicar por qu\u00e9 no debe ser declarado en desacato despu\u00e9s de que su agencia incumpli\u00f3 un plazo para proporcionar a un detenido una audiencia de fianza.<\/p>\n<p>Manifestantes protestan contra actuaci\u00f3n del ICE en Minnesota.AFP<br \/>\nEste tribunal ha sido extremadamente paciente con los demandados, pese a que decidieron enviar a miles de agentes a Minnesota para detener a extranjeros sin hacer ninguna previsi\u00f3n para hacer frente a los cientos de peticiones de h\u00e1beas y otras demandas que seguramente resultar\u00edan&#8221;, escribi\u00f3 Schiltz. &#8220;La paciencia del tribunal ha llegado a su fin&#8221;.<\/p>\n<p>Schiltz dijo que cancelar\u00e1 la audiencia del viernes si el detenido es puesto en libertad. El juez, que tiene su sede en Mine\u00e1polis, fue nombrado para el cargo por el presidente republicano George W. Bush.<\/p>\n<p>Manifestantes protestan contra actuaci\u00f3n del ICE en Minnesota<\/p>\n<p>La orden de Schiltz se produjo en un momento en que los manifestantes se quejan de las t\u00e1cticas de ICE para avanzar en la represi\u00f3n de la inmigraci\u00f3n por parte del presidente Donald Trump.<\/p>\n<p>Agentes de ICE dispararon y mataron a dos ciudadanos estadunidenses, Renee Good y Alex Pretti, en dos incidentes ocurridos en Mine\u00e1polis este mes.<\/p>\n","protected":false},"excerpt":{"rendered":"<p>El juez presidente de la corte federal del Minnesota orden\u00f3 al jefe en funciones del Servicio de Inmigraci\u00f3n y Control&#8230;<\/p>\n","protected":false},"author":1,"featured_media":263497,"comment_status":"open","ping_status":"closed","sticky":false,"template":"","format":"standard","meta":{"footnotes":""},"categories":[101,102],"tags":[],"class_list":["post-263495","post","type-post","status-publish","format-standard","has-post-thumbnail","hentry","category-internacional","category-internacionales"],"yoast_head":"<!-- This site is optimized with the Yoast SEO plugin v26.5 - https:\/\/yoast.com\/wordpress\/plugins\/seo\/ -->\n<title>Juez de Minnesota ordena comparecer al jefe en funciones del ICE - NOTICIAS<\/title>\n<meta name=\"robots\" content=\"index, follow, max-snippet:-1, max-image-preview:large, max-video-preview:-1\" \/>\n<link rel=\"canonical\" href=\"https:\/\/laredsocial-noticias.com\/wp\/juez-de-minnesota-ordena-comparecer-al-jefe-en-funciones-del-ice\/\" \/>\n<meta property=\"og:locale\" content=\"es_ES\" \/>\n<meta property=\"og:type\" content=\"article\" \/>\n<meta property=\"og:title\" content=\"Juez de Minnesota ordena comparecer al jefe en funciones del ICE - NOTICIAS\" \/>\n<meta property=\"og:description\" content=\"El juez presidente de la corte federal del Minnesota orden\u00f3 al jefe en funciones del Servicio de Inmigraci\u00f3n y Control...\" \/>\n<meta property=\"og:url\" content=\"https:\/\/laredsocial-noticias.com\/wp\/juez-de-minnesota-ordena-comparecer-al-jefe-en-funciones-del-ice\/\" \/>\n<meta property=\"og:site_name\" content=\"NOTICIAS\" \/>\n<meta property=\"article:published_time\" content=\"2026-01-27T19:19:32+00:00\" \/>\n<meta property=\"article:modified_time\" content=\"2026-01-27T19:19:56+00:00\" \/>\n<meta name=\"author\" content=\"Editor en Jefe\" \/>\n<meta name=\"twitter:card\" content=\"summary_large_image\" \/>\n<meta name=\"twitter:label1\" content=\"Escrito por\" \/>\n\t<meta name=\"twitter:data1\" content=\"Editor en Jefe\" \/>\n\t<meta name=\"twitter:label2\" content=\"Tiempo de lectura\" \/>\n\t<meta name=\"twitter:data2\" content=\"1 minuto\" \/>\n<!-- \/ Yoast SEO plugin. -->","yoast_head_json":{"title":"Juez de Minnesota ordena comparecer al jefe en funciones del ICE - NOTICIAS","robots":{"index":"index","follow":"follow","max-snippet":"max-snippet:-1","max-image-preview":"max-image-preview:large","max-video-preview":"max-video-preview:-1"},"canonical":"https:\/\/laredsocial-noticias.com\/wp\/juez-de-minnesota-ordena-comparecer-al-jefe-en-funciones-del-ice\/","og_locale":"es_ES","og_type":"article","og_title":"Juez de Minnesota ordena comparecer al jefe en funciones del ICE - NOTICIAS","og_description":"El juez presidente de la corte federal del Minnesota orden\u00f3 al jefe en funciones del Servicio de Inmigraci\u00f3n y Control...","og_url":"https:\/\/laredsocial-noticias.com\/wp\/juez-de-minnesota-ordena-comparecer-al-jefe-en-funciones-del-ice\/","og_site_name":"NOTICIAS","article_published_time":"2026-01-27T19:19:32+00:00","article_modified_time":"2026-01-27T19:19:56+00:00","author":"Editor en Jefe","twitter_card":"summary_large_image","twitter_misc":{"Escrito por":"Editor en Jefe","Tiempo de lectura":"1 minuto"},"schema":{"@context":"https:\/\/schema.org","@graph":[{"@type":"WebPage","@id":"https:\/\/laredsocial-noticias.com\/wp\/juez-de-minnesota-ordena-comparecer-al-jefe-en-funciones-del-ice\/","url":"https:\/\/laredsocial-noticias.com\/wp\/juez-de-minnesota-ordena-comparecer-al-jefe-en-funciones-del-ice\/","name":"Juez de Minnesota ordena comparecer al jefe en funciones del ICE - NOTICIAS","isPartOf":{"@id":"https:\/\/laredsocial-noticias.com\/wp\/#website"},"primaryImageOfPage":{"@id":"https:\/\/laredsocial-noticias.com\/wp\/juez-de-minnesota-ordena-comparecer-al-jefe-en-funciones-del-ice\/#primaryimage"},"image":{"@id":"https:\/\/laredsocial-noticias.com\/wp\/juez-de-minnesota-ordena-comparecer-al-jefe-en-funciones-del-ice\/#primaryimage"},"thumbnailUrl":"https:\/\/laredsocial-noticias.com\/wp\/wp-content\/uploads\/2026\/01\/n2v86ur42mkwqlgi1.jpg","datePublished":"2026-01-27T19:19:32+00:00","dateModified":"2026-01-27T19:19:56+00:00","author":{"@id":"https:\/\/laredsocial-noticias.com\/wp\/#\/schema\/person\/0ce78643f2de7aae6f6ef10e8453a6e0"},"breadcrumb":{"@id":"https:\/\/laredsocial-noticias.com\/wp\/juez-de-minnesota-ordena-comparecer-al-jefe-en-funciones-del-ice\/#breadcrumb"},"inLanguage":"es","potentialAction":[{"@type":"ReadAction","target":["https:\/\/laredsocial-noticias.com\/wp\/juez-de-minnesota-ordena-comparecer-al-jefe-en-funciones-del-ice\/"]}]},{"@type":"ImageObject","inLanguage":"es","@id":"https:\/\/laredsocial-noticias.com\/wp\/juez-de-minnesota-ordena-comparecer-al-jefe-en-funciones-del-ice\/#primaryimage","url":"https:\/\/laredsocial-noticias.com\/wp\/wp-content\/uploads\/2026\/01\/n2v86ur42mkwqlgi1.jpg","contentUrl":"https:\/\/laredsocial-noticias.com\/wp\/wp-content\/uploads\/2026\/01\/n2v86ur42mkwqlgi1.jpg","width":1200,"height":800},{"@type":"BreadcrumbList","@id":"https:\/\/laredsocial-noticias.com\/wp\/juez-de-minnesota-ordena-comparecer-al-jefe-en-funciones-del-ice\/#breadcrumb","itemListElement":[{"@type":"ListItem","position":1,"name":"Portada","item":"https:\/\/laredsocial-noticias.com\/wp\/"},{"@type":"ListItem","position":2,"name":"Juez de Minnesota ordena comparecer al jefe en funciones del ICE"}]},{"@type":"WebSite","@id":"https:\/\/laredsocial-noticias.com\/wp\/#website","url":"https:\/\/laredsocial-noticias.com\/wp\/","name":"NOTICIAS","description":"Lo que se ve y se dice en las redes sociales","potentialAction":[{"@type":"SearchAction","target":{"@type":"EntryPoint","urlTemplate":"https:\/\/laredsocial-noticias.com\/wp\/?s={search_term_string}"},"query-input":{"@type":"PropertyValueSpecification","valueRequired":true,"valueName":"search_term_string"}}],"inLanguage":"es"},{"@type":"Person","@id":"https:\/\/laredsocial-noticias.com\/wp\/#\/schema\/person\/0ce78643f2de7aae6f6ef10e8453a6e0","name":"Editor en Jefe","url":"https:\/\/laredsocial-noticias.com\/wp\/author\/jorgeochoa\/"}]}},"_links":{"self":[{"href":"https:\/\/laredsocial-noticias.com\/wp\/wp-json\/wp\/v2\/posts\/263495","targetHints":{"allow":["GET"]}}],"collection":[{"href":"https:\/\/laredsocial-noticias.com\/wp\/wp-json\/wp\/v2\/posts"}],"about":[{"href":"https:\/\/laredsocial-noticias.com\/wp\/wp-json\/wp\/v2\/types\/post"}],"author":[{"embeddable":true,"href":"https:\/\/laredsocial-noticias.com\/wp\/wp-json\/wp\/v2\/users\/1"}],"replies":[{"embeddable":true,"href":"https:\/\/laredsocial-noticias.com\/wp\/wp-json\/wp\/v2\/comments?post=263495"}],"version-history":[{"count":1,"href":"https:\/\/laredsocial-noticias.com\/wp\/wp-json\/wp\/v2\/posts\/263495\/revisions"}],"predecessor-version":[{"id":263496,"href":"https:\/\/laredsocial-noticias.com\/wp\/wp-json\/wp\/v2\/posts\/263495\/revisions\/263496"}],"wp:featuredmedia":[{"embeddable":true,"href":"https:\/\/laredsocial-noticias.com\/wp\/wp-json\/wp\/v2\/media\/263497"}],"wp:attachment":[{"href":"https:\/\/laredsocial-noticias.com\/wp\/wp-json\/wp\/v2\/media?parent=263495"}],"wp:term":[{"taxonomy":"category","embeddable":true,"href":"https:\/\/laredsocial-noticias.com\/wp\/wp-json\/wp\/v2\/categories?post=263495"},{"taxonomy":"post_tag","embeddable":true,"href":"https:\/\/laredsocial-noticias.com\/wp\/wp-json\/wp\/v2\/tags?post=263495"}],"curies":[{"name":"wp","href":"https:\/\/api.w.org\/{rel}","templated":true}]}}