{"id":263703,"date":"2026-01-30T16:00:10","date_gmt":"2026-01-30T22:00:10","guid":{"rendered":"https:\/\/laredsocial-noticias.com\/wp\/?p=263703"},"modified":"2026-01-30T16:00:11","modified_gmt":"2026-01-30T22:00:11","slug":"diabetes-crisis-de-salud-por-combatir-con-prevencion-digital","status":"publish","type":"post","link":"https:\/\/laredsocial-noticias.com\/wp\/diabetes-crisis-de-salud-por-combatir-con-prevencion-digital\/","title":{"rendered":"Diabetes, crisis de salud por combatir con prevenci\u00f3n digital"},"content":{"rendered":"<div class=\"wp-block-image\">\n<figure class=\"aligncenter size-large is-resized\"><img loading=\"lazy\" decoding=\"async\" width=\"1024\" height=\"768\" src=\"https:\/\/laredsocial-noticias.com\/wp\/wp-content\/uploads\/2026\/01\/IMG-20260128-WA0046-1024x768.jpg\" alt=\"\" class=\"wp-image-263705\" style=\"width:388px;height:auto\" srcset=\"https:\/\/laredsocial-noticias.com\/wp\/wp-content\/uploads\/2026\/01\/IMG-20260128-WA0046-1024x768.jpg 1024w, https:\/\/laredsocial-noticias.com\/wp\/wp-content\/uploads\/2026\/01\/IMG-20260128-WA0046-300x225.jpg 300w, https:\/\/laredsocial-noticias.com\/wp\/wp-content\/uploads\/2026\/01\/IMG-20260128-WA0046-768x576.jpg 768w, https:\/\/laredsocial-noticias.com\/wp\/wp-content\/uploads\/2026\/01\/IMG-20260128-WA0046-1536x1152.jpg 1536w, https:\/\/laredsocial-noticias.com\/wp\/wp-content\/uploads\/2026\/01\/IMG-20260128-WA0046.jpg 1600w\" sizes=\"auto, (max-width: 1024px) 100vw, 1024px\" \/><\/figure>\n<\/div>\n\n\n<p><strong>Los diputados Nora Arias Contreras y Pablo Trejo P\u00e9rez, integrantes del Grupo Parlamentario del Partido de la Revoluci\u00f3n Democr\u00e1tica en el Congreso de la Ciudad de M\u00e9xico, presentaron ante la Comisi\u00f3n Permanente una proposici\u00f3n con punto de acuerdo para combatir la crisis de salud que representa esta enfermedad<\/strong><strong>.<\/strong><\/p>\n\n\n\n<p><strong>Por Guillermo Pimentel Balderas<\/strong><\/p>\n\n\n<div class=\"wp-block-image\">\n<figure class=\"alignright size-full is-resized\"><img loading=\"lazy\" decoding=\"async\" width=\"215\" height=\"148\" src=\"https:\/\/laredsocial-noticias.com\/wp\/wp-content\/uploads\/2026\/01\/diabetes.jpg\" alt=\"\" class=\"wp-image-263706\" style=\"width:266px;height:auto\"\/><\/figure>\n<\/div>\n\n\n<p>Seg\u00fan datos de la Encuesta Nacional de Salud y Nutrici\u00f3n (ENSANUT), la diabetes representa un grave problema de salud p\u00fablica con control gluc\u00e9mico insuficiente. En el panorama nacional, la situaci\u00f3n cada vez es m\u00e1s alarmante, por ser la principal causa de muerte en el pa\u00eds y una de las mayores razones de discapacidad, ceguera, amputaciones e insuficiencia renal.<\/p>\n\n\n\n<p>Las dificultades en el diagn\u00f3stico temprano y la falta de adherencia al tratamiento han contribuido a que la diabetes siga avanzando sin freno. Tan solo en la Ciudad de M\u00e9xico y la regi\u00f3n centro, la prevalencia de diabetes tipo 2 supera el 20% de acuerdo con la ENSANUT, cifra que incluye tanto casos diagnosticados como no diagnosticados. En 2023, m\u00e1s de la mitad de las personas con diabetes permanec\u00edan descontroladas, a pesar de que el 93% de los pacientes diagnosticados segu\u00eda alg\u00fan tratamiento.<\/p>\n\n\n<div class=\"wp-block-image\">\n<figure class=\"alignright size-full is-resized\"><img loading=\"lazy\" decoding=\"async\" width=\"220\" height=\"148\" src=\"https:\/\/laredsocial-noticias.com\/wp\/wp-content\/uploads\/2026\/01\/diabetes-3-1.jpg\" alt=\"\" class=\"wp-image-263707\" style=\"width:363px;height:auto\"\/><\/figure>\n<\/div>\n\n\n<p>Ante esta terrible realidad, en el Congreso de la Ciudad de M\u00e9xico, ante la Comisi\u00f3n Permanente, los legisladores Nora Arias Contreras y Pablo Trejo P\u00e9rez, integrantes del Grupo Parlamentario del Partido de la Revoluci\u00f3n Democr\u00e1tica, presentaron &nbsp;una proposici\u00f3n con punto de acuerdo para combatir la crisis de salud que representa la diabetes.<\/p>\n\n\n\n<p>Exhortan a la Secretar\u00eda de Salud de la Ciudad de M\u00e9xico para que refuerce la implementaci\u00f3n de herramientas digitales enfocadas en la prevenci\u00f3n de esta enfermedad cr\u00f3nica, en lo particular, en la alcald\u00eda Iztacalco.<\/p>\n\n\n\n<p>En el documento, subrayan que el uso de la tecnolog\u00eda puede democratizar el cuidado de la salud y fomentar h\u00e1bitos de vida saludables en \u00e1reas cr\u00edticas como el ejercicio f\u00edsico, la alimentaci\u00f3n, la educaci\u00f3n terap\u00e9utica y la gesti\u00f3n emocional de los pacientes.<\/p>\n\n\n\n<p>Adem\u00e1s, citan que la Organizaci\u00f3n Mundial de la Salud (OMS) define la diabetes como una enfermedad cr\u00f3nica que se presenta cuando el p\u00e1ncreas no produce suficiente insulina o cuando el cuerpo no puede utilizar eficazmente la hormona que regula la glucosa en la sangre.<\/p>\n\n\n\n<p>Los representantes populares fundamentan la propuesta al destacar que la Ciudad de M\u00e9xico y la regi\u00f3n centro del pa\u00eds se encuentran entre las zonas m\u00e1s afectadas por este padecimiento a nivel nacional y especifican que seg\u00fan datos de la ENSANUT (citados en la propuesta), la enfermedad representa un grave problema de salud p\u00fablica con control gluc\u00e9mico insuficiente en la capital.<\/p>\n\n\n\n<p>En el panorama nacional, la situaci\u00f3n es igualmente alarmante, ya que la diabetes es la principal causa de muerte en el pa\u00eds y una de las mayores causas de discapacidad, ceguera, amputaciones e insuficiencia renal. Las dificultades en el diagn\u00f3stico temprano y la falta de adherencia al tratamiento han contribuido a que la diabetes siga avanzando sin freno.<\/p>\n\n\n\n<p>Los promoventes hicieron especial \u00e9nfasis en la situaci\u00f3n de Iztacalco, se\u00f1alando que sus caracter\u00edsticas sociodemogr\u00e1ficas exigen intervenciones focalizadas e inmediatas. Los legisladores explicaron que la elevada concentraci\u00f3n de habitantes en la alcald\u00eda, sumada a la agrupaci\u00f3n de sectores vulnerables y las brechas en el acceso a programas preventivos, justifican plenamente que se convierta en una zona prioritaria para el despliegue de soluciones digitales.<\/p>\n\n\n\n<p>Manifiestan en el texto presentado en el Congreso que es urgente reforzar la implementaci\u00f3n de herramientas tecnol\u00f3gicas en la demarcaci\u00f3n para optimizar el acceso a la salud preventiva, destacando que esta estrategia no solo empodera al paciente hacia el autocuidado, sino que tambi\u00e9n ayuda a reducir la carga hospitalaria local al transitar de un modelo curativo a uno preventivo e integral.<\/p>\n\n\n\n<p>La propuesta tambi\u00e9n aborda las diferencias t\u00e9cnicas entre los tipos de diabetes para concientizar sobre la importancia de un monitoreo especializado. Se record\u00f3 que mientras la diabetes tipo 2 suele estar asociada a factores de estilo de vida, la diabetes tipo 1 es una condici\u00f3n autoinmune que destruye las c\u00e9lulas beta del p\u00e1ncreas y requiere administraci\u00f3n diaria de insulina de por vida.<\/p>\n\n\n\n<p>Especifican que el art\u00edculo 116 de la Ley de Salud de la Ciudad de M\u00e9xico, establece que la Secretar\u00eda de Salud implementar\u00e1 herramientas digitales que coadyuven a la prevenci\u00f3n y fomenten la adopci\u00f3n de estilos de vida saludables en coordinaci\u00f3n con la Agencia Digital de Innovaci\u00f3n P\u00fablica.<\/p>\n\n\n\n<p>Adem\u00e1s, la tecnolog\u00eda permite superar barreras de tiempo y movilidad, facilitando que los pacientes reciban educaci\u00f3n continua y apoyo emocional, factores que son clave para la adherencia al tratamiento pues, el avance de la enfermedad exige una respuesta integral donde el esfuerzo del sistema de salud se combine con el compromiso social para promover estilos de vida m\u00e1s saludables, refieren.<\/p>\n\n\n\n<p>\u201cCon la proposici\u00f3n se busca garantizar el derecho al m\u00e1s alto nivel posible de salud f\u00edsica y mental, tal como lo mandata la Constituci\u00f3n local y los tratados internacionales en la materia. La educaci\u00f3n en salud y la detecci\u00f3n oportuna son pasos necesarios para mitigar los efectos de esta enfermedad en el pa\u00eds\u201d, se destaca.<\/p>\n\n\n\n<p>La propuesta se envi\u00f3 a la Comisi\u00f3n de Salud para su an\u00e1lisis, discusi\u00f3n y eventual aprobaci\u00f3n.<\/p>\n","protected":false},"excerpt":{"rendered":"<p>Los diputados Nora Arias Contreras y Pablo Trejo P\u00e9rez, integrantes del Grupo Parlamentario del Partido de la Revoluci\u00f3n Democr\u00e1tica en&#8230;<\/p>\n","protected":false},"author":10,"featured_media":0,"comment_status":"closed","ping_status":"closed","sticky":false,"template":"","format":"standard","meta":{"footnotes":""},"categories":[10900,9343,33],"tags":[],"class_list":["post-263703","post","type-post","status-publish","format-standard","hentry","category-congreso-cdmx","category-noticias","category-prd"],"yoast_head":"<!-- This site is optimized with the Yoast SEO plugin v26.5 - https:\/\/yoast.com\/wordpress\/plugins\/seo\/ -->\n<title>Diabetes, crisis de salud por combatir con prevenci\u00f3n digital - NOTICIAS<\/title>\n<meta name=\"robots\" content=\"index, follow, max-snippet:-1, max-image-preview:large, max-video-preview:-1\" \/>\n<link rel=\"canonical\" href=\"https:\/\/laredsocial-noticias.com\/wp\/diabetes-crisis-de-salud-por-combatir-con-prevencion-digital\/\" \/>\n<meta property=\"og:locale\" content=\"es_ES\" \/>\n<meta property=\"og:type\" content=\"article\" \/>\n<meta property=\"og:title\" content=\"Diabetes, crisis de salud por combatir con prevenci\u00f3n digital - NOTICIAS\" \/>\n<meta property=\"og:description\" content=\"Los diputados Nora Arias Contreras y Pablo Trejo P\u00e9rez, integrantes del Grupo Parlamentario del Partido de la Revoluci\u00f3n Democr\u00e1tica en...\" \/>\n<meta property=\"og:url\" content=\"https:\/\/laredsocial-noticias.com\/wp\/diabetes-crisis-de-salud-por-combatir-con-prevencion-digital\/\" \/>\n<meta property=\"og:site_name\" content=\"NOTICIAS\" \/>\n<meta property=\"article:published_time\" content=\"2026-01-30T22:00:10+00:00\" \/>\n<meta property=\"article:modified_time\" content=\"2026-01-30T22:00:11+00:00\" \/>\n<meta property=\"og:image\" content=\"https:\/\/laredsocial-noticias.com\/wp\/wp-content\/uploads\/2026\/01\/IMG-20260128-WA0046.jpg\" \/>\n\t<meta property=\"og:image:width\" content=\"1600\" \/>\n\t<meta property=\"og:image:height\" content=\"1200\" \/>\n\t<meta property=\"og:image:type\" content=\"image\/jpeg\" \/>\n<meta name=\"author\" content=\"Guillermo Pimentel\" \/>\n<meta name=\"twitter:card\" content=\"summary_large_image\" \/>\n<meta name=\"twitter:label1\" content=\"Escrito por\" \/>\n\t<meta name=\"twitter:data1\" content=\"Guillermo Pimentel\" \/>\n\t<meta name=\"twitter:label2\" content=\"Tiempo de lectura\" \/>\n\t<meta name=\"twitter:data2\" content=\"5 minutos\" \/>\n<!-- \/ Yoast SEO plugin. -->","yoast_head_json":{"title":"Diabetes, crisis de salud por combatir con prevenci\u00f3n digital - NOTICIAS","robots":{"index":"index","follow":"follow","max-snippet":"max-snippet:-1","max-image-preview":"max-image-preview:large","max-video-preview":"max-video-preview:-1"},"canonical":"https:\/\/laredsocial-noticias.com\/wp\/diabetes-crisis-de-salud-por-combatir-con-prevencion-digital\/","og_locale":"es_ES","og_type":"article","og_title":"Diabetes, crisis de salud por combatir con prevenci\u00f3n digital - NOTICIAS","og_description":"Los diputados Nora Arias Contreras y Pablo Trejo P\u00e9rez, integrantes del Grupo Parlamentario del Partido de la Revoluci\u00f3n Democr\u00e1tica en...","og_url":"https:\/\/laredsocial-noticias.com\/wp\/diabetes-crisis-de-salud-por-combatir-con-prevencion-digital\/","og_site_name":"NOTICIAS","article_published_time":"2026-01-30T22:00:10+00:00","article_modified_time":"2026-01-30T22:00:11+00:00","og_image":[{"width":1600,"height":1200,"url":"https:\/\/laredsocial-noticias.com\/wp\/wp-content\/uploads\/2026\/01\/IMG-20260128-WA0046.jpg","type":"image\/jpeg"}],"author":"Guillermo Pimentel","twitter_card":"summary_large_image","twitter_misc":{"Escrito por":"Guillermo Pimentel","Tiempo de lectura":"5 minutos"},"schema":{"@context":"https:\/\/schema.org","@graph":[{"@type":"WebPage","@id":"https:\/\/laredsocial-noticias.com\/wp\/diabetes-crisis-de-salud-por-combatir-con-prevencion-digital\/","url":"https:\/\/laredsocial-noticias.com\/wp\/diabetes-crisis-de-salud-por-combatir-con-prevencion-digital\/","name":"Diabetes, crisis de salud por combatir con prevenci\u00f3n digital - NOTICIAS","isPartOf":{"@id":"https:\/\/laredsocial-noticias.com\/wp\/#website"},"primaryImageOfPage":{"@id":"https:\/\/laredsocial-noticias.com\/wp\/diabetes-crisis-de-salud-por-combatir-con-prevencion-digital\/#primaryimage"},"image":{"@id":"https:\/\/laredsocial-noticias.com\/wp\/diabetes-crisis-de-salud-por-combatir-con-prevencion-digital\/#primaryimage"},"thumbnailUrl":"https:\/\/laredsocial-noticias.com\/wp\/wp-content\/uploads\/2026\/01\/IMG-20260128-WA0046-1024x768.jpg","datePublished":"2026-01-30T22:00:10+00:00","dateModified":"2026-01-30T22:00:11+00:00","author":{"@id":"https:\/\/laredsocial-noticias.com\/wp\/#\/schema\/person\/9c09eb8c35c46dac6d30e2baff4b64d6"},"breadcrumb":{"@id":"https:\/\/laredsocial-noticias.com\/wp\/diabetes-crisis-de-salud-por-combatir-con-prevencion-digital\/#breadcrumb"},"inLanguage":"es","potentialAction":[{"@type":"ReadAction","target":["https:\/\/laredsocial-noticias.com\/wp\/diabetes-crisis-de-salud-por-combatir-con-prevencion-digital\/"]}]},{"@type":"ImageObject","inLanguage":"es","@id":"https:\/\/laredsocial-noticias.com\/wp\/diabetes-crisis-de-salud-por-combatir-con-prevencion-digital\/#primaryimage","url":"https:\/\/laredsocial-noticias.com\/wp\/wp-content\/uploads\/2026\/01\/IMG-20260128-WA0046.jpg","contentUrl":"https:\/\/laredsocial-noticias.com\/wp\/wp-content\/uploads\/2026\/01\/IMG-20260128-WA0046.jpg","width":1600,"height":1200},{"@type":"BreadcrumbList","@id":"https:\/\/laredsocial-noticias.com\/wp\/diabetes-crisis-de-salud-por-combatir-con-prevencion-digital\/#breadcrumb","itemListElement":[{"@type":"ListItem","position":1,"name":"Portada","item":"https:\/\/laredsocial-noticias.com\/wp\/"},{"@type":"ListItem","position":2,"name":"Diabetes, crisis de salud por combatir con prevenci\u00f3n digital"}]},{"@type":"WebSite","@id":"https:\/\/laredsocial-noticias.com\/wp\/#website","url":"https:\/\/laredsocial-noticias.com\/wp\/","name":"NOTICIAS","description":"Lo que se ve y se dice en las redes sociales","potentialAction":[{"@type":"SearchAction","target":{"@type":"EntryPoint","urlTemplate":"https:\/\/laredsocial-noticias.com\/wp\/?s={search_term_string}"},"query-input":{"@type":"PropertyValueSpecification","valueRequired":true,"valueName":"search_term_string"}}],"inLanguage":"es"},{"@type":"Person","@id":"https:\/\/laredsocial-noticias.com\/wp\/#\/schema\/person\/9c09eb8c35c46dac6d30e2baff4b64d6","name":"Guillermo Pimentel","url":"https:\/\/laredsocial-noticias.com\/wp\/author\/guillermo\/"}]}},"_links":{"self":[{"href":"https:\/\/laredsocial-noticias.com\/wp\/wp-json\/wp\/v2\/posts\/263703","targetHints":{"allow":["GET"]}}],"collection":[{"href":"https:\/\/laredsocial-noticias.com\/wp\/wp-json\/wp\/v2\/posts"}],"about":[{"href":"https:\/\/laredsocial-noticias.com\/wp\/wp-json\/wp\/v2\/types\/post"}],"author":[{"embeddable":true,"href":"https:\/\/laredsocial-noticias.com\/wp\/wp-json\/wp\/v2\/users\/10"}],"replies":[{"embeddable":true,"href":"https:\/\/laredsocial-noticias.com\/wp\/wp-json\/wp\/v2\/comments?post=263703"}],"version-history":[{"count":1,"href":"https:\/\/laredsocial-noticias.com\/wp\/wp-json\/wp\/v2\/posts\/263703\/revisions"}],"predecessor-version":[{"id":263708,"href":"https:\/\/laredsocial-noticias.com\/wp\/wp-json\/wp\/v2\/posts\/263703\/revisions\/263708"}],"wp:attachment":[{"href":"https:\/\/laredsocial-noticias.com\/wp\/wp-json\/wp\/v2\/media?parent=263703"}],"wp:term":[{"taxonomy":"category","embeddable":true,"href":"https:\/\/laredsocial-noticias.com\/wp\/wp-json\/wp\/v2\/categories?post=263703"},{"taxonomy":"post_tag","embeddable":true,"href":"https:\/\/laredsocial-noticias.com\/wp\/wp-json\/wp\/v2\/tags?post=263703"}],"curies":[{"name":"wp","href":"https:\/\/api.w.org\/{rel}","templated":true}]}}