{"id":26406,"date":"2016-09-04T09:42:16","date_gmt":"2016-09-04T14:42:16","guid":{"rendered":"http:\/\/laredsocial-noticias.com\/wp\/?p=26406"},"modified":"2016-09-04T09:42:16","modified_gmt":"2016-09-04T14:42:16","slug":"balacera-en-la-merced-murio-el-agresor-de-un-policia","status":"publish","type":"post","link":"https:\/\/laredsocial-noticias.com\/wp\/balacera-en-la-merced-murio-el-agresor-de-un-policia\/","title":{"rendered":"Balacera en la merced; muri\u00f3 el agresor de un polic\u00eda"},"content":{"rendered":"<p class=\"ecxMsoNormal\" align=\"center\">\n<p class=\"ecxMsoNormal\"><img loading=\"lazy\" decoding=\"async\" class=\"alignright size-full wp-image-26407\" src=\"http:\/\/laredsocial-noticias.com\/wp\/wp-content\/uploads\/2016\/09\/BALACERA-EN-LA-MERCED.jpeg\" alt=\"BALACERA EN LA MERCED\" width=\"726\" height=\"400\" data-wp-pid=\"26407\" \/><\/p>\n<p class=\"ecxMsoNormal\">El agente del Ministerio P\u00fablico adscrito al Hospital Balbuena notific\u00f3 del fallecimiento del presunto asaltante que atac\u00f3 a un Polic\u00eda de Investigaci\u00f3n (PDI) en el interior del mercado de La Merced, despu\u00e9s de desapoderar de dinero a un comerciante en la colonia Centro. Se espera el restablecimiento de las v\u00edctimas que resultaron lesionadas en el enfrentamiento, a fin de que sean entrevistadas.<\/p>\n<p class=\"ecxMsoNormal\">\n<p class=\"ecxMsoNormal\">En tanto, la Polic\u00eda de Investigaci\u00f3n contin\u00faa con la b\u00fasqueda del c\u00f3mplice que particip\u00f3 en el hurto cometido en la esquina de las calles Regina y Correo Mayor,\u00a0alrededor de las 12:45 horas, y con quien huy\u00f3 a bordo de una motocicleta.<\/p>\n<p class=\"ecxMsoNormal\">\n<p class=\"ecxMsoNormal\">De esa acci\u00f3n, se percat\u00f3 un polic\u00eda de investigaci\u00f3n de esta procuradur\u00eda, quien persigui\u00f3 a uno de los implicados hasta la nave menor del pasillo principal de dicho mercado.<\/p>\n<p class=\"ecxMsoNormal\"><span lang=\"ES-TRAD\">En ese lugar, el presunto ladr\u00f3n comenz\u00f3 a disparar, por lo que el servidor p\u00fablico repeli\u00f3 la acci\u00f3n para proteger a visitantes y trabajadores del sitio; sin embargo, result\u00f3 lesionado con cuatro impactos de bala, por lo que fue trasladado al Hospital Balbuena, donde muri\u00f3.<\/span><\/p>\n<p class=\"ecxMsoNormal\"><span lang=\"ES-TRAD\">\u00a0<\/span><\/p>\n<p class=\"ecxMsoNormal\"><span lang=\"ES-TRAD\">Durante el enfrentamiento, el probable responsable tambi\u00e9n fue herido de bala, y mientras era sitiado por el elemento tom\u00f3 como reh\u00e9n a un tablajero, al que lesion\u00f3 en la regi\u00f3n p\u00e9lvica. Ambos fueron trasladados al mismo nosocomio, junto con otro comerciante herido en el t\u00f3rax. Horas m\u00e1s tarde el imputado muri\u00f3.<\/span><\/p>\n<p class=\"ecxMsoNormal\">\n<p class=\"ecxMsoNormal\"><span lang=\"ES-TRAD\">De igual manera, una mujer que realizaba compras en el mercado, fue lesionada en la pantorrilla izquierda, y trasladada al hospital de La Villa.\u00a0<\/span><\/p>\n<blockquote class=\"wp-embedded-content\" data-secret=\"UKy4hp2huT\"><p><a href=\"https:\/\/laredsocial-noticias.com\/wp\/rescatan-a-mujeres-explotadas-sexualmente\/\">Rescatan a mujeres explotadas sexualmente<\/a><\/p><\/blockquote>\n<p><iframe loading=\"lazy\" class=\"wp-embedded-content\" sandbox=\"allow-scripts\" security=\"restricted\" style=\"position: absolute; visibility: hidden;\" title=\"\u00abRescatan a mujeres explotadas sexualmente\u00bb \u2014 NOTICIAS\" src=\"https:\/\/laredsocial-noticias.com\/wp\/rescatan-a-mujeres-explotadas-sexualmente\/embed\/#?secret=s9WiCwZHdK#?secret=UKy4hp2huT\" data-secret=\"UKy4hp2huT\" width=\"600\" height=\"338\" frameborder=\"0\" marginwidth=\"0\" marginheight=\"0\" scrolling=\"no\"><\/iframe><\/p>\n","protected":false},"excerpt":{"rendered":"<p>El agente del Ministerio P\u00fablico adscrito al Hospital Balbuena notific\u00f3 del fallecimiento del presunto asaltante que atac\u00f3 a un Polic\u00eda&#8230;<\/p>\n","protected":false},"author":1,"featured_media":0,"comment_status":"open","ping_status":"open","sticky":false,"template":"","format":"standard","meta":{"footnotes":""},"categories":[91],"tags":[],"class_list":["post-26406","post","type-post","status-publish","format-standard","hentry","category-cdmx"],"yoast_head":"<!-- This site is optimized with the Yoast SEO plugin v26.5 - https:\/\/yoast.com\/wordpress\/plugins\/seo\/ -->\n<title>Balacera en la merced; muri\u00f3 el agresor de un polic\u00eda - NOTICIAS<\/title>\n<meta name=\"robots\" content=\"index, follow, max-snippet:-1, max-image-preview:large, max-video-preview:-1\" \/>\n<link rel=\"canonical\" href=\"https:\/\/laredsocial-noticias.com\/wp\/balacera-en-la-merced-murio-el-agresor-de-un-policia\/\" \/>\n<meta property=\"og:locale\" content=\"es_ES\" \/>\n<meta property=\"og:type\" content=\"article\" \/>\n<meta property=\"og:title\" content=\"Balacera en la merced; muri\u00f3 el agresor de un polic\u00eda - NOTICIAS\" \/>\n<meta property=\"og:description\" content=\"El agente del Ministerio P\u00fablico adscrito al Hospital Balbuena notific\u00f3 del fallecimiento del presunto asaltante que atac\u00f3 a un Polic\u00eda...\" \/>\n<meta property=\"og:url\" content=\"https:\/\/laredsocial-noticias.com\/wp\/balacera-en-la-merced-murio-el-agresor-de-un-policia\/\" \/>\n<meta property=\"og:site_name\" content=\"NOTICIAS\" \/>\n<meta property=\"article:published_time\" content=\"2016-09-04T14:42:16+00:00\" \/>\n<meta property=\"og:image\" content=\"https:\/\/laredsocial-noticias.com\/wp\/wp-content\/uploads\/2016\/09\/BALACERA-EN-LA-MERCED.jpeg\" \/>\n\t<meta property=\"og:image:width\" content=\"726\" \/>\n\t<meta property=\"og:image:height\" content=\"400\" \/>\n\t<meta property=\"og:image:type\" content=\"image\/jpeg\" \/>\n<meta name=\"author\" content=\"Editor en Jefe\" \/>\n<meta name=\"twitter:card\" content=\"summary_large_image\" \/>\n<meta name=\"twitter:label1\" content=\"Escrito por\" \/>\n\t<meta name=\"twitter:data1\" content=\"Editor en Jefe\" \/>\n\t<meta name=\"twitter:label2\" content=\"Tiempo de lectura\" \/>\n\t<meta name=\"twitter:data2\" content=\"1 minuto\" \/>\n<!-- \/ Yoast SEO plugin. -->","yoast_head_json":{"title":"Balacera en la merced; muri\u00f3 el agresor de un polic\u00eda - NOTICIAS","robots":{"index":"index","follow":"follow","max-snippet":"max-snippet:-1","max-image-preview":"max-image-preview:large","max-video-preview":"max-video-preview:-1"},"canonical":"https:\/\/laredsocial-noticias.com\/wp\/balacera-en-la-merced-murio-el-agresor-de-un-policia\/","og_locale":"es_ES","og_type":"article","og_title":"Balacera en la merced; muri\u00f3 el agresor de un polic\u00eda - NOTICIAS","og_description":"El agente del Ministerio P\u00fablico adscrito al Hospital Balbuena notific\u00f3 del fallecimiento del presunto asaltante que atac\u00f3 a un Polic\u00eda...","og_url":"https:\/\/laredsocial-noticias.com\/wp\/balacera-en-la-merced-murio-el-agresor-de-un-policia\/","og_site_name":"NOTICIAS","article_published_time":"2016-09-04T14:42:16+00:00","og_image":[{"width":726,"height":400,"url":"https:\/\/laredsocial-noticias.com\/wp\/wp-content\/uploads\/2016\/09\/BALACERA-EN-LA-MERCED.jpeg","type":"image\/jpeg"}],"author":"Editor en Jefe","twitter_card":"summary_large_image","twitter_misc":{"Escrito por":"Editor en Jefe","Tiempo de lectura":"1 minuto"},"schema":{"@context":"https:\/\/schema.org","@graph":[{"@type":"WebPage","@id":"https:\/\/laredsocial-noticias.com\/wp\/balacera-en-la-merced-murio-el-agresor-de-un-policia\/","url":"https:\/\/laredsocial-noticias.com\/wp\/balacera-en-la-merced-murio-el-agresor-de-un-policia\/","name":"Balacera en la merced; muri\u00f3 el agresor de un polic\u00eda - NOTICIAS","isPartOf":{"@id":"https:\/\/laredsocial-noticias.com\/wp\/#website"},"primaryImageOfPage":{"@id":"https:\/\/laredsocial-noticias.com\/wp\/balacera-en-la-merced-murio-el-agresor-de-un-policia\/#primaryimage"},"image":{"@id":"https:\/\/laredsocial-noticias.com\/wp\/balacera-en-la-merced-murio-el-agresor-de-un-policia\/#primaryimage"},"thumbnailUrl":"http:\/\/laredsocial-noticias.com\/wp\/wp-content\/uploads\/2016\/09\/BALACERA-EN-LA-MERCED.jpeg","datePublished":"2016-09-04T14:42:16+00:00","author":{"@id":"https:\/\/laredsocial-noticias.com\/wp\/#\/schema\/person\/0ce78643f2de7aae6f6ef10e8453a6e0"},"breadcrumb":{"@id":"https:\/\/laredsocial-noticias.com\/wp\/balacera-en-la-merced-murio-el-agresor-de-un-policia\/#breadcrumb"},"inLanguage":"es","potentialAction":[{"@type":"ReadAction","target":["https:\/\/laredsocial-noticias.com\/wp\/balacera-en-la-merced-murio-el-agresor-de-un-policia\/"]}]},{"@type":"ImageObject","inLanguage":"es","@id":"https:\/\/laredsocial-noticias.com\/wp\/balacera-en-la-merced-murio-el-agresor-de-un-policia\/#primaryimage","url":"","contentUrl":""},{"@type":"BreadcrumbList","@id":"https:\/\/laredsocial-noticias.com\/wp\/balacera-en-la-merced-murio-el-agresor-de-un-policia\/#breadcrumb","itemListElement":[{"@type":"ListItem","position":1,"name":"Portada","item":"https:\/\/laredsocial-noticias.com\/wp\/"},{"@type":"ListItem","position":2,"name":"Balacera en la merced; muri\u00f3 el agresor de un polic\u00eda"}]},{"@type":"WebSite","@id":"https:\/\/laredsocial-noticias.com\/wp\/#website","url":"https:\/\/laredsocial-noticias.com\/wp\/","name":"NOTICIAS","description":"Lo que se ve y se dice en las redes sociales","potentialAction":[{"@type":"SearchAction","target":{"@type":"EntryPoint","urlTemplate":"https:\/\/laredsocial-noticias.com\/wp\/?s={search_term_string}"},"query-input":{"@type":"PropertyValueSpecification","valueRequired":true,"valueName":"search_term_string"}}],"inLanguage":"es"},{"@type":"Person","@id":"https:\/\/laredsocial-noticias.com\/wp\/#\/schema\/person\/0ce78643f2de7aae6f6ef10e8453a6e0","name":"Editor en Jefe","url":"https:\/\/laredsocial-noticias.com\/wp\/author\/jorgeochoa\/"}]}},"_links":{"self":[{"href":"https:\/\/laredsocial-noticias.com\/wp\/wp-json\/wp\/v2\/posts\/26406","targetHints":{"allow":["GET"]}}],"collection":[{"href":"https:\/\/laredsocial-noticias.com\/wp\/wp-json\/wp\/v2\/posts"}],"about":[{"href":"https:\/\/laredsocial-noticias.com\/wp\/wp-json\/wp\/v2\/types\/post"}],"author":[{"embeddable":true,"href":"https:\/\/laredsocial-noticias.com\/wp\/wp-json\/wp\/v2\/users\/1"}],"replies":[{"embeddable":true,"href":"https:\/\/laredsocial-noticias.com\/wp\/wp-json\/wp\/v2\/comments?post=26406"}],"version-history":[{"count":1,"href":"https:\/\/laredsocial-noticias.com\/wp\/wp-json\/wp\/v2\/posts\/26406\/revisions"}],"predecessor-version":[{"id":26408,"href":"https:\/\/laredsocial-noticias.com\/wp\/wp-json\/wp\/v2\/posts\/26406\/revisions\/26408"}],"wp:attachment":[{"href":"https:\/\/laredsocial-noticias.com\/wp\/wp-json\/wp\/v2\/media?parent=26406"}],"wp:term":[{"taxonomy":"category","embeddable":true,"href":"https:\/\/laredsocial-noticias.com\/wp\/wp-json\/wp\/v2\/categories?post=26406"},{"taxonomy":"post_tag","embeddable":true,"href":"https:\/\/laredsocial-noticias.com\/wp\/wp-json\/wp\/v2\/tags?post=26406"}],"curies":[{"name":"wp","href":"https:\/\/api.w.org\/{rel}","templated":true}]}}