{"id":264065,"date":"2026-02-07T12:05:54","date_gmt":"2026-02-07T18:05:54","guid":{"rendered":"https:\/\/laredsocial-noticias.com\/wp\/?p=264065"},"modified":"2026-02-07T12:06:18","modified_gmt":"2026-02-07T18:06:18","slug":"detienen-a-hombre-que-amenazo-con-matar-a-vicepresidente-de-ee-uu","status":"publish","type":"post","link":"https:\/\/laredsocial-noticias.com\/wp\/detienen-a-hombre-que-amenazo-con-matar-a-vicepresidente-de-ee-uu\/","title":{"rendered":"Detienen a hombre que amenaz\u00f3 con matar a vicepresidente de EE. UU."},"content":{"rendered":"<p>Un hombre de 33 a\u00f1os fue detenido este viernes por autoridades federales de Estados Unidos tras ser acusado de amenazar con matar al vicepresidente JD Vance durante una visita oficial al estado de Ohio en enero pasado, inform\u00f3 el Departamento de Justicia.<\/p>\n<p>La detenci\u00f3n fue realizada por agentes del Servicio Secreto de Estados Unidos, luego de que un gran jurado federal presentara cargos formales en contra del sospechoso, identificado como Shannon Mathre, residente de Toledo, Ohio.<br \/>\nArresto federal tras acusaci\u00f3n por amenazas contra el vicepresidente<\/p>\n<p>De acuerdo con el comunicado oficial, Mathre enfrenta el cargo de \u201cemitir una amenaza para matar e infligir da\u00f1os f\u00edsicos\u201d contra el vicepresidente estadounidense. La acusaci\u00f3n se\u00f1ala que el hombre habr\u00eda expresado su intenci\u00f3n de localizar a Vance y asesinarlo con un arma autom\u00e1tica tipo M14.<\/p>\n<p>Las autoridades federales no han precisado el lugar ni el medio en el que se habr\u00eda emitido la amenaza, aunque confirmaron que el arresto se concret\u00f3 este viernes como resultado directo de la investigaci\u00f3n.<\/p>\n<p>Seg\u00fan la informaci\u00f3n judicial, la amenaza se produjo durante una visita de JD Vance a Ohio en enero, lo que activ\u00f3 los protocolos de seguridad del Servicio Secreto.<\/p>\n<p>Este caso se suma a otros incidentes recientes de seguridad relacionados con el vicepresidente. A principios de enero, Vance declar\u00f3 que una persona intent\u00f3 ingresar por la fuerza a su domicilio en Ohio, golpeando las ventanas de la vivienda.<\/p>\n","protected":false},"excerpt":{"rendered":"<p>Un hombre de 33 a\u00f1os fue detenido este viernes por autoridades federales de Estados Unidos tras ser acusado de amenazar&#8230;<\/p>\n","protected":false},"author":1,"featured_media":264067,"comment_status":"open","ping_status":"closed","sticky":false,"template":"","format":"standard","meta":{"footnotes":""},"categories":[101,102],"tags":[],"class_list":["post-264065","post","type-post","status-publish","format-standard","has-post-thumbnail","hentry","category-internacional","category-internacionales"],"yoast_head":"<!-- This site is optimized with the Yoast SEO plugin v26.5 - https:\/\/yoast.com\/wordpress\/plugins\/seo\/ -->\n<title>Detienen a hombre que amenaz\u00f3 con matar a vicepresidente de EE. UU. - NOTICIAS<\/title>\n<meta name=\"robots\" content=\"index, follow, max-snippet:-1, max-image-preview:large, max-video-preview:-1\" \/>\n<link rel=\"canonical\" href=\"https:\/\/laredsocial-noticias.com\/wp\/detienen-a-hombre-que-amenazo-con-matar-a-vicepresidente-de-ee-uu\/\" \/>\n<meta property=\"og:locale\" content=\"es_ES\" \/>\n<meta property=\"og:type\" content=\"article\" \/>\n<meta property=\"og:title\" content=\"Detienen a hombre que amenaz\u00f3 con matar a vicepresidente de EE. UU. - NOTICIAS\" \/>\n<meta property=\"og:description\" content=\"Un hombre de 33 a\u00f1os fue detenido este viernes por autoridades federales de Estados Unidos tras ser acusado de amenazar...\" \/>\n<meta property=\"og:url\" content=\"https:\/\/laredsocial-noticias.com\/wp\/detienen-a-hombre-que-amenazo-con-matar-a-vicepresidente-de-ee-uu\/\" \/>\n<meta property=\"og:site_name\" content=\"NOTICIAS\" \/>\n<meta property=\"article:published_time\" content=\"2026-02-07T18:05:54+00:00\" \/>\n<meta property=\"article:modified_time\" content=\"2026-02-07T18:06:18+00:00\" \/>\n<meta name=\"author\" content=\"Editor en Jefe\" \/>\n<meta name=\"twitter:card\" content=\"summary_large_image\" \/>\n<meta name=\"twitter:label1\" content=\"Escrito por\" \/>\n\t<meta name=\"twitter:data1\" content=\"Editor en Jefe\" \/>\n\t<meta name=\"twitter:label2\" content=\"Tiempo de lectura\" \/>\n\t<meta name=\"twitter:data2\" content=\"1 minuto\" \/>\n<!-- \/ Yoast SEO plugin. -->","yoast_head_json":{"title":"Detienen a hombre que amenaz\u00f3 con matar a vicepresidente de EE. UU. - NOTICIAS","robots":{"index":"index","follow":"follow","max-snippet":"max-snippet:-1","max-image-preview":"max-image-preview:large","max-video-preview":"max-video-preview:-1"},"canonical":"https:\/\/laredsocial-noticias.com\/wp\/detienen-a-hombre-que-amenazo-con-matar-a-vicepresidente-de-ee-uu\/","og_locale":"es_ES","og_type":"article","og_title":"Detienen a hombre que amenaz\u00f3 con matar a vicepresidente de EE. UU. - NOTICIAS","og_description":"Un hombre de 33 a\u00f1os fue detenido este viernes por autoridades federales de Estados Unidos tras ser acusado de amenazar...","og_url":"https:\/\/laredsocial-noticias.com\/wp\/detienen-a-hombre-que-amenazo-con-matar-a-vicepresidente-de-ee-uu\/","og_site_name":"NOTICIAS","article_published_time":"2026-02-07T18:05:54+00:00","article_modified_time":"2026-02-07T18:06:18+00:00","author":"Editor en Jefe","twitter_card":"summary_large_image","twitter_misc":{"Escrito por":"Editor en Jefe","Tiempo de lectura":"1 minuto"},"schema":{"@context":"https:\/\/schema.org","@graph":[{"@type":"WebPage","@id":"https:\/\/laredsocial-noticias.com\/wp\/detienen-a-hombre-que-amenazo-con-matar-a-vicepresidente-de-ee-uu\/","url":"https:\/\/laredsocial-noticias.com\/wp\/detienen-a-hombre-que-amenazo-con-matar-a-vicepresidente-de-ee-uu\/","name":"Detienen a hombre que amenaz\u00f3 con matar a vicepresidente de EE. UU. - NOTICIAS","isPartOf":{"@id":"https:\/\/laredsocial-noticias.com\/wp\/#website"},"primaryImageOfPage":{"@id":"https:\/\/laredsocial-noticias.com\/wp\/detienen-a-hombre-que-amenazo-con-matar-a-vicepresidente-de-ee-uu\/#primaryimage"},"image":{"@id":"https:\/\/laredsocial-noticias.com\/wp\/detienen-a-hombre-que-amenazo-con-matar-a-vicepresidente-de-ee-uu\/#primaryimage"},"thumbnailUrl":"https:\/\/laredsocial-noticias.com\/wp\/wp-content\/uploads\/2026\/02\/hombre-amenazo-con-matar-a-vicepresidente-de-ee.-uu.-064551.jpg","datePublished":"2026-02-07T18:05:54+00:00","dateModified":"2026-02-07T18:06:18+00:00","author":{"@id":"https:\/\/laredsocial-noticias.com\/wp\/#\/schema\/person\/0ce78643f2de7aae6f6ef10e8453a6e0"},"breadcrumb":{"@id":"https:\/\/laredsocial-noticias.com\/wp\/detienen-a-hombre-que-amenazo-con-matar-a-vicepresidente-de-ee-uu\/#breadcrumb"},"inLanguage":"es","potentialAction":[{"@type":"ReadAction","target":["https:\/\/laredsocial-noticias.com\/wp\/detienen-a-hombre-que-amenazo-con-matar-a-vicepresidente-de-ee-uu\/"]}]},{"@type":"ImageObject","inLanguage":"es","@id":"https:\/\/laredsocial-noticias.com\/wp\/detienen-a-hombre-que-amenazo-con-matar-a-vicepresidente-de-ee-uu\/#primaryimage","url":"https:\/\/laredsocial-noticias.com\/wp\/wp-content\/uploads\/2026\/02\/hombre-amenazo-con-matar-a-vicepresidente-de-ee.-uu.-064551.jpg","contentUrl":"https:\/\/laredsocial-noticias.com\/wp\/wp-content\/uploads\/2026\/02\/hombre-amenazo-con-matar-a-vicepresidente-de-ee.-uu.-064551.jpg","width":1200,"height":675},{"@type":"BreadcrumbList","@id":"https:\/\/laredsocial-noticias.com\/wp\/detienen-a-hombre-que-amenazo-con-matar-a-vicepresidente-de-ee-uu\/#breadcrumb","itemListElement":[{"@type":"ListItem","position":1,"name":"Portada","item":"https:\/\/laredsocial-noticias.com\/wp\/"},{"@type":"ListItem","position":2,"name":"Detienen a hombre que amenaz\u00f3 con matar a vicepresidente de EE. UU."}]},{"@type":"WebSite","@id":"https:\/\/laredsocial-noticias.com\/wp\/#website","url":"https:\/\/laredsocial-noticias.com\/wp\/","name":"NOTICIAS","description":"Lo que se ve y se dice en las redes sociales","potentialAction":[{"@type":"SearchAction","target":{"@type":"EntryPoint","urlTemplate":"https:\/\/laredsocial-noticias.com\/wp\/?s={search_term_string}"},"query-input":{"@type":"PropertyValueSpecification","valueRequired":true,"valueName":"search_term_string"}}],"inLanguage":"es"},{"@type":"Person","@id":"https:\/\/laredsocial-noticias.com\/wp\/#\/schema\/person\/0ce78643f2de7aae6f6ef10e8453a6e0","name":"Editor en Jefe","url":"https:\/\/laredsocial-noticias.com\/wp\/author\/jorgeochoa\/"}]}},"_links":{"self":[{"href":"https:\/\/laredsocial-noticias.com\/wp\/wp-json\/wp\/v2\/posts\/264065","targetHints":{"allow":["GET"]}}],"collection":[{"href":"https:\/\/laredsocial-noticias.com\/wp\/wp-json\/wp\/v2\/posts"}],"about":[{"href":"https:\/\/laredsocial-noticias.com\/wp\/wp-json\/wp\/v2\/types\/post"}],"author":[{"embeddable":true,"href":"https:\/\/laredsocial-noticias.com\/wp\/wp-json\/wp\/v2\/users\/1"}],"replies":[{"embeddable":true,"href":"https:\/\/laredsocial-noticias.com\/wp\/wp-json\/wp\/v2\/comments?post=264065"}],"version-history":[{"count":1,"href":"https:\/\/laredsocial-noticias.com\/wp\/wp-json\/wp\/v2\/posts\/264065\/revisions"}],"predecessor-version":[{"id":264066,"href":"https:\/\/laredsocial-noticias.com\/wp\/wp-json\/wp\/v2\/posts\/264065\/revisions\/264066"}],"wp:featuredmedia":[{"embeddable":true,"href":"https:\/\/laredsocial-noticias.com\/wp\/wp-json\/wp\/v2\/media\/264067"}],"wp:attachment":[{"href":"https:\/\/laredsocial-noticias.com\/wp\/wp-json\/wp\/v2\/media?parent=264065"}],"wp:term":[{"taxonomy":"category","embeddable":true,"href":"https:\/\/laredsocial-noticias.com\/wp\/wp-json\/wp\/v2\/categories?post=264065"},{"taxonomy":"post_tag","embeddable":true,"href":"https:\/\/laredsocial-noticias.com\/wp\/wp-json\/wp\/v2\/tags?post=264065"}],"curies":[{"name":"wp","href":"https:\/\/api.w.org\/{rel}","templated":true}]}}