{"id":264439,"date":"2026-02-12T12:17:35","date_gmt":"2026-02-12T18:17:35","guid":{"rendered":"https:\/\/laredsocial-noticias.com\/wp\/?p=264439"},"modified":"2026-02-12T12:38:25","modified_gmt":"2026-02-12T18:38:25","slug":"a-la-reforma-laboral-de-40-horas-se-le-dara-el-plazo-que-la-ley-senala-sin-precipitar-su-aprobacion-diputado-ricardo-monreal","status":"publish","type":"post","link":"https:\/\/laredsocial-noticias.com\/wp\/a-la-reforma-laboral-de-40-horas-se-le-dara-el-plazo-que-la-ley-senala-sin-precipitar-su-aprobacion-diputado-ricardo-monreal\/","title":{"rendered":"A Reforma Laboral de 40 horas, plazo que la ley se\u00f1ala y sin prisas: Monreal"},"content":{"rendered":"<p>El presidente de la Junta de Coordinaci\u00f3n Pol\u00edtica y coordinador del grupo parlamentario de Morena, diputado Ricardo Monreal \u00c1vila, afirm\u00f3 que a la minuta sobre la reforma laboral de las 40 horas se le dar\u00e1 el plazo que la ley se\u00f1ala, \u201csin precipitar la aprobaci\u00f3n para que la Comisi\u00f3n pueda trabajar con libertad\u201d.<\/p>\n<p>En conferencia con representantes de medios de comunicaci\u00f3n, el legislador indic\u00f3: \u201cVamos a esperar el debate de hoy, no quiero yo expresar ning\u00fan comentario adelantado. Vamos a esperar lo que pase este d\u00eda en la C\u00e1mara de Senadores. Una vez que nos la env\u00eden como C\u00e1mara revisora, daremos los plazos que la ley se\u00f1ala, sin precipitar la aprobaci\u00f3n, otorgando los cinco d\u00edas que establece el Reglamento y la Ley Org\u00e1nica, y que la Comisi\u00f3n pueda trabajar con libertad\u201d.<\/p>\n<p>Subray\u00f3 que \u201cvamos a privilegiar el dictamen que proviene de la C\u00e1mara de Senadores; a privilegiar, lo digo con todas sus letras, la iniciativa que present\u00f3 la presidenta Claudia Sheinbaum. Vamos a privilegiar el contenido de esa iniciativa\u201d.<\/p>\n<p>Reiter\u00f3 que \u201cahora que nos llegue la minuta, la indicaci\u00f3n del presidente de la Junta de Coordinaci\u00f3n Pol\u00edtica, su servidor, es que no precipiten el dictamen, que den el t\u00e9rmino legal y que escuchen las Comisiones a quienes quieran venir: trabajadores, organizaciones sindicales o patronales. Vamos a escucharlos con respeto\u201d.<\/p>\n<p>Al ser cuestionado si esta minuta podr\u00eda registrar cambios, el diputado Monreal \u00c1vila expres\u00f3 que eso depende de la Comisi\u00f3n. \u201cPara m\u00ed, yo avalo la reforma que propone la presidenta Claudia Sheinbaum. Ustedes lo saben, no los he enga\u00f1ado, desde el primer d\u00eda en que ella propuso esta iniciativa, yo dije que estaba de acuerdo y que iba a respaldar esta reforma, que me parece un avance significativo. Yo espero que en el Pleno todos voten por este proceso legislativo de conquistas laborales en favor de los trabajadores\u201d.<\/p>\n<p>Agreg\u00f3 que en esta reforma se ha escuchado a todos, tambi\u00e9n a los sectores productivos, a los empresarios y a los empleadores. \u201cEntonces, para m\u00ed es una reforma correcta, adecuada, pero que en su momento vamos a esperar, a deliberar, una vez que el Senado concluya sus trabajos en el Pleno\u201d.<\/p>\n<p>\u201cYo creo que el sentir de los empleadores, s\u00ed est\u00e1n preocupados por estas decisiones legislativas que nosotros estamos asumiendo y aprobando. Hay que escucharlos, porque tambi\u00e9n tienen sus razones y, evidentemente, en la generaci\u00f3n de empleos y en el ingreso que ellos obtienen leg\u00edtimamente de sus empresas, por supuesto que est\u00e1n preocupados\u201d.<\/p>\n<p>Consider\u00f3 que la virtud y el tino de esta iniciativa, es que la presidenta Claudia Sheinbaum logr\u00f3 convencer, o al menos consensarla con el sector productivo, hablando de grandes empresarios, medianos empresarios y peque\u00f1os empresarios. \u201cPor eso, lograron la gradualidad de incorporar a la semana de 40 horas\u201d.<\/p>\n<p>\u201cYo creo que la presidenta ha hecho de su palabra una actitud congruente y nosotros vamos a ayudarla a que cumpla con su compromiso de las 40 horas, pero ella dijo: siempre gradual, siempre lo dijo. Y esta iniciativa son horas las que se ganan para descansar por parte de la clase trabajadora, y a\u00f1o con a\u00f1o se incrementar\u00e1n hasta lograr el prop\u00f3sito que ella ofreci\u00f3\u201d, puntualiz\u00f3.<\/p>\n<p>Reforma electoral<\/p>\n<p>En cuanto al tema de la reforma electoral, Ricardo Monreal expuso que la Constituci\u00f3n y la ley establecen que no puede haber reformas legales tres meses antes de iniciado el proceso.<\/p>\n<p>\u201cEl proceso electoral inicia en septiembre. Ahora estamos a la espera de la iniciativa de reforma electoral, ya sea C\u00e1mara de origen el Senado de la Rep\u00fablica, o ya sea la C\u00e1mara de Diputados\u201d.<\/p>\n<p>Coment\u00f3 que las y los 500 diputados que integran esta C\u00e1mara de Diputados s\u00ed tendr\u00e1n y estar\u00e1n aptos para que los partidos, todos, los reelijan.<\/p>\n<p>En este sentido, dijo que constitucionalmente \u201ces la aplicaci\u00f3n de la ley hasta el 2030 y el partido Morena ha decidido, lo he conversado con Luisa Alcalde que esta \u00faltima legislatura del 27 al 30 s\u00ed puedan optar por la reelecci\u00f3n quienes lo decidan\u201d.<\/p>\n<p>Destac\u00f3 que evidentemente tendr\u00e1 que emitirse un acuerdo, tanto de la C\u00e1mara de Diputados, o incluso una modificaci\u00f3n legal, para los requisitos de esta reelecci\u00f3n: si deben o no retirarse, si deben o no pedir licencia, si el que se mantenga no es usar recursos p\u00fablicos, todo esto, recursos p\u00fablicos y no poner en desventaja a otros ciudadanos.<\/p>\n<p>Ricardo Monreal sostuvo que todas esas son reglas que debe fijar la propia ley electoral y los partidos pol\u00edticos internos. \u201cEntonces, vamos a esperar, pero no falta mucho. El t\u00e9rmino es junio, porque es junio, julio y agosto, tres meses antes, dice la Constituci\u00f3n\u201d.<\/p>\n<p>\u201cPor eso yo hablo de que nuestro l\u00edmite para recibir la iniciativa es el mes de febrero y este plazo es vital para la redacci\u00f3n y elaboraci\u00f3n de las iniciativas. Y digo iniciativas porque es reforma a la Constituci\u00f3n, pero tambi\u00e9n reforma a normas legales, reglamentarias\u201d.<\/p>\n<p>Comisi\u00f3n Bicameral de Seguridad<\/p>\n<p>El diputado Ricardo Monreal mencion\u00f3 que se prev\u00e9 que en la semana pr\u00f3xima ya se est\u00e9 en aptitud de darle vida a la Comisi\u00f3n Bicameral de Seguridad. \u201cSon tres legisladores diputados, tres legisladores senadores; es una bicameral y yo espero que en la semana pr\u00f3xima ya estemos en aptitud de darle vida a una Comisi\u00f3n Bicameral tan importante\u201d.<\/p>\n<p><a href=\"https:\/\/x.com\/i\/status\/2021945884540600576\" target=\"_blank\" rel=\"noopener\">LAYDA SANSORES, LA DICTADORA DE CAMPECHE<\/a><\/p>\n","protected":false},"excerpt":{"rendered":"<p>El presidente de la Junta de Coordinaci\u00f3n Pol\u00edtica y coordinador del grupo parlamentario de Morena, diputado Ricardo Monreal \u00c1vila, afirm\u00f3&#8230;<\/p>\n","protected":false},"author":1,"featured_media":264441,"comment_status":"open","ping_status":"closed","sticky":false,"template":"","format":"standard","meta":{"footnotes":""},"categories":[2801],"tags":[],"class_list":["post-264439","post","type-post","status-publish","format-standard","has-post-thumbnail","hentry","category-politica"],"yoast_head":"<!-- This site is optimized with the Yoast SEO plugin v26.5 - https:\/\/yoast.com\/wordpress\/plugins\/seo\/ -->\n<title>A Reforma Laboral de 40 horas, plazo que la ley se\u00f1ala y sin prisas: Monreal - NOTICIAS<\/title>\n<meta name=\"robots\" content=\"index, follow, max-snippet:-1, max-image-preview:large, max-video-preview:-1\" \/>\n<link rel=\"canonical\" href=\"https:\/\/laredsocial-noticias.com\/wp\/a-la-reforma-laboral-de-40-horas-se-le-dara-el-plazo-que-la-ley-senala-sin-precipitar-su-aprobacion-diputado-ricardo-monreal\/\" \/>\n<meta property=\"og:locale\" content=\"es_ES\" \/>\n<meta property=\"og:type\" content=\"article\" \/>\n<meta property=\"og:title\" content=\"A Reforma Laboral de 40 horas, plazo que la ley se\u00f1ala y sin prisas: Monreal - NOTICIAS\" \/>\n<meta property=\"og:description\" content=\"El presidente de la Junta de Coordinaci\u00f3n Pol\u00edtica y coordinador del grupo parlamentario de Morena, diputado Ricardo Monreal \u00c1vila, afirm\u00f3...\" \/>\n<meta property=\"og:url\" content=\"https:\/\/laredsocial-noticias.com\/wp\/a-la-reforma-laboral-de-40-horas-se-le-dara-el-plazo-que-la-ley-senala-sin-precipitar-su-aprobacion-diputado-ricardo-monreal\/\" \/>\n<meta property=\"og:site_name\" content=\"NOTICIAS\" \/>\n<meta property=\"article:published_time\" content=\"2026-02-12T18:17:35+00:00\" \/>\n<meta property=\"article:modified_time\" content=\"2026-02-12T18:38:25+00:00\" \/>\n<meta property=\"og:image\" content=\"https:\/\/laredsocial-noticias.com\/wp\/wp-content\/uploads\/2026\/02\/2026_02_11__04_34_18pm.jpeg\" \/>\n\t<meta property=\"og:image:width\" content=\"1600\" \/>\n\t<meta property=\"og:image:height\" content=\"1067\" \/>\n\t<meta property=\"og:image:type\" content=\"image\/jpeg\" \/>\n<meta name=\"author\" content=\"Editor en Jefe\" \/>\n<meta name=\"twitter:card\" content=\"summary_large_image\" \/>\n<meta name=\"twitter:label1\" content=\"Escrito por\" \/>\n\t<meta name=\"twitter:data1\" content=\"Editor en Jefe\" \/>\n\t<meta name=\"twitter:label2\" content=\"Tiempo de lectura\" \/>\n\t<meta name=\"twitter:data2\" content=\"5 minutos\" \/>\n<!-- \/ Yoast SEO plugin. -->","yoast_head_json":{"title":"A Reforma Laboral de 40 horas, plazo que la ley se\u00f1ala y sin prisas: Monreal - NOTICIAS","robots":{"index":"index","follow":"follow","max-snippet":"max-snippet:-1","max-image-preview":"max-image-preview:large","max-video-preview":"max-video-preview:-1"},"canonical":"https:\/\/laredsocial-noticias.com\/wp\/a-la-reforma-laboral-de-40-horas-se-le-dara-el-plazo-que-la-ley-senala-sin-precipitar-su-aprobacion-diputado-ricardo-monreal\/","og_locale":"es_ES","og_type":"article","og_title":"A Reforma Laboral de 40 horas, plazo que la ley se\u00f1ala y sin prisas: Monreal - NOTICIAS","og_description":"El presidente de la Junta de Coordinaci\u00f3n Pol\u00edtica y coordinador del grupo parlamentario de Morena, diputado Ricardo Monreal \u00c1vila, afirm\u00f3...","og_url":"https:\/\/laredsocial-noticias.com\/wp\/a-la-reforma-laboral-de-40-horas-se-le-dara-el-plazo-que-la-ley-senala-sin-precipitar-su-aprobacion-diputado-ricardo-monreal\/","og_site_name":"NOTICIAS","article_published_time":"2026-02-12T18:17:35+00:00","article_modified_time":"2026-02-12T18:38:25+00:00","og_image":[{"width":1600,"height":1067,"url":"https:\/\/laredsocial-noticias.com\/wp\/wp-content\/uploads\/2026\/02\/2026_02_11__04_34_18pm.jpeg","type":"image\/jpeg"}],"author":"Editor en Jefe","twitter_card":"summary_large_image","twitter_misc":{"Escrito por":"Editor en Jefe","Tiempo de lectura":"5 minutos"},"schema":{"@context":"https:\/\/schema.org","@graph":[{"@type":"WebPage","@id":"https:\/\/laredsocial-noticias.com\/wp\/a-la-reforma-laboral-de-40-horas-se-le-dara-el-plazo-que-la-ley-senala-sin-precipitar-su-aprobacion-diputado-ricardo-monreal\/","url":"https:\/\/laredsocial-noticias.com\/wp\/a-la-reforma-laboral-de-40-horas-se-le-dara-el-plazo-que-la-ley-senala-sin-precipitar-su-aprobacion-diputado-ricardo-monreal\/","name":"A Reforma Laboral de 40 horas, plazo que la ley se\u00f1ala y sin prisas: Monreal - NOTICIAS","isPartOf":{"@id":"https:\/\/laredsocial-noticias.com\/wp\/#website"},"primaryImageOfPage":{"@id":"https:\/\/laredsocial-noticias.com\/wp\/a-la-reforma-laboral-de-40-horas-se-le-dara-el-plazo-que-la-ley-senala-sin-precipitar-su-aprobacion-diputado-ricardo-monreal\/#primaryimage"},"image":{"@id":"https:\/\/laredsocial-noticias.com\/wp\/a-la-reforma-laboral-de-40-horas-se-le-dara-el-plazo-que-la-ley-senala-sin-precipitar-su-aprobacion-diputado-ricardo-monreal\/#primaryimage"},"thumbnailUrl":"https:\/\/laredsocial-noticias.com\/wp\/wp-content\/uploads\/2026\/02\/2026_02_11__04_34_18pm.jpeg","datePublished":"2026-02-12T18:17:35+00:00","dateModified":"2026-02-12T18:38:25+00:00","author":{"@id":"https:\/\/laredsocial-noticias.com\/wp\/#\/schema\/person\/0ce78643f2de7aae6f6ef10e8453a6e0"},"breadcrumb":{"@id":"https:\/\/laredsocial-noticias.com\/wp\/a-la-reforma-laboral-de-40-horas-se-le-dara-el-plazo-que-la-ley-senala-sin-precipitar-su-aprobacion-diputado-ricardo-monreal\/#breadcrumb"},"inLanguage":"es","potentialAction":[{"@type":"ReadAction","target":["https:\/\/laredsocial-noticias.com\/wp\/a-la-reforma-laboral-de-40-horas-se-le-dara-el-plazo-que-la-ley-senala-sin-precipitar-su-aprobacion-diputado-ricardo-monreal\/"]}]},{"@type":"ImageObject","inLanguage":"es","@id":"https:\/\/laredsocial-noticias.com\/wp\/a-la-reforma-laboral-de-40-horas-se-le-dara-el-plazo-que-la-ley-senala-sin-precipitar-su-aprobacion-diputado-ricardo-monreal\/#primaryimage","url":"https:\/\/laredsocial-noticias.com\/wp\/wp-content\/uploads\/2026\/02\/2026_02_11__04_34_18pm.jpeg","contentUrl":"https:\/\/laredsocial-noticias.com\/wp\/wp-content\/uploads\/2026\/02\/2026_02_11__04_34_18pm.jpeg","width":1600,"height":1067},{"@type":"BreadcrumbList","@id":"https:\/\/laredsocial-noticias.com\/wp\/a-la-reforma-laboral-de-40-horas-se-le-dara-el-plazo-que-la-ley-senala-sin-precipitar-su-aprobacion-diputado-ricardo-monreal\/#breadcrumb","itemListElement":[{"@type":"ListItem","position":1,"name":"Portada","item":"https:\/\/laredsocial-noticias.com\/wp\/"},{"@type":"ListItem","position":2,"name":"A Reforma Laboral de 40 horas, plazo que la ley se\u00f1ala y sin prisas: Monreal"}]},{"@type":"WebSite","@id":"https:\/\/laredsocial-noticias.com\/wp\/#website","url":"https:\/\/laredsocial-noticias.com\/wp\/","name":"NOTICIAS","description":"Lo que se ve y se dice en las redes sociales","potentialAction":[{"@type":"SearchAction","target":{"@type":"EntryPoint","urlTemplate":"https:\/\/laredsocial-noticias.com\/wp\/?s={search_term_string}"},"query-input":{"@type":"PropertyValueSpecification","valueRequired":true,"valueName":"search_term_string"}}],"inLanguage":"es"},{"@type":"Person","@id":"https:\/\/laredsocial-noticias.com\/wp\/#\/schema\/person\/0ce78643f2de7aae6f6ef10e8453a6e0","name":"Editor en Jefe","url":"https:\/\/laredsocial-noticias.com\/wp\/author\/jorgeochoa\/"}]}},"_links":{"self":[{"href":"https:\/\/laredsocial-noticias.com\/wp\/wp-json\/wp\/v2\/posts\/264439","targetHints":{"allow":["GET"]}}],"collection":[{"href":"https:\/\/laredsocial-noticias.com\/wp\/wp-json\/wp\/v2\/posts"}],"about":[{"href":"https:\/\/laredsocial-noticias.com\/wp\/wp-json\/wp\/v2\/types\/post"}],"author":[{"embeddable":true,"href":"https:\/\/laredsocial-noticias.com\/wp\/wp-json\/wp\/v2\/users\/1"}],"replies":[{"embeddable":true,"href":"https:\/\/laredsocial-noticias.com\/wp\/wp-json\/wp\/v2\/comments?post=264439"}],"version-history":[{"count":3,"href":"https:\/\/laredsocial-noticias.com\/wp\/wp-json\/wp\/v2\/posts\/264439\/revisions"}],"predecessor-version":[{"id":264445,"href":"https:\/\/laredsocial-noticias.com\/wp\/wp-json\/wp\/v2\/posts\/264439\/revisions\/264445"}],"wp:featuredmedia":[{"embeddable":true,"href":"https:\/\/laredsocial-noticias.com\/wp\/wp-json\/wp\/v2\/media\/264441"}],"wp:attachment":[{"href":"https:\/\/laredsocial-noticias.com\/wp\/wp-json\/wp\/v2\/media?parent=264439"}],"wp:term":[{"taxonomy":"category","embeddable":true,"href":"https:\/\/laredsocial-noticias.com\/wp\/wp-json\/wp\/v2\/categories?post=264439"},{"taxonomy":"post_tag","embeddable":true,"href":"https:\/\/laredsocial-noticias.com\/wp\/wp-json\/wp\/v2\/tags?post=264439"}],"curies":[{"name":"wp","href":"https:\/\/api.w.org\/{rel}","templated":true}]}}