{"id":264483,"date":"2026-02-13T11:43:16","date_gmt":"2026-02-13T17:43:16","guid":{"rendered":"https:\/\/laredsocial-noticias.com\/wp\/?p=264483"},"modified":"2026-02-13T11:43:40","modified_gmt":"2026-02-13T17:43:40","slug":"allan-corona-llega-a-la-meta-en-los-juegos-olimpicos-de-invierno-2026-y-celebra-con-sus-companeros","status":"publish","type":"post","link":"https:\/\/laredsocial-noticias.com\/wp\/allan-corona-llega-a-la-meta-en-los-juegos-olimpicos-de-invierno-2026-y-celebra-con-sus-companeros\/","title":{"rendered":"Allan Corona llega a la meta en los Juegos Ol\u00edmpicos de Invierno 2026 y celebra con sus compa\u00f1eros"},"content":{"rendered":"<p>Allan Corona, esquiador de fondo mexicano, complet\u00f3 la prueba de \u201cEsqu\u00ed de fondo, hombres, 10 km, intervalo, salida libre\u201d este viernes 13 de febrero como parte de los Juegos Ol\u00edmpicos de Invierno Milano Cortina 2026. De esta forma, formaliz\u00f3 un exitoso debut dentro de una justa ol\u00edmpica invernal.<\/p>\n<p>El representante tricolor finaliz\u00f3 en el lugar 105 con un tiempo de 28:33.9, a 7:57.7 del campe\u00f3n ol\u00edmpico, el noruego Johannes Hoesflot Klaebo, quien se coron\u00f3 con un tiempo de 20:36.2.<\/p>\n<p>Puedes seguir la transmisi\u00f3n en vivo de los Juegos Ol\u00edmpicos de Invierno Milano Cortina 2026 a trav\u00e9s de Claro Sports.<\/p>\n<p>\u00a1Inspirador! Allan Corona ya es atleta ol\u00edmpico<\/p>\n<p>Allan Corona cumpli\u00f3 su sue\u00f1o ol\u00edmpico, con una actitud positiva por dem\u00e1s sobresaliente al cruzar la meta, por delante de otros seis atletas, sin mencionar a dos participantes que no pudieron completar la prueba.<\/p>\n<p>Tras terminar en el lugar 105, el representante nacional mostr\u00f3 una sonrisa en todo momento, sinti\u00e9ndose orgullo de haber participado en sus primeros Juegos Ol\u00edmpicos de Invierno.<\/p>\n<p>El mexicano termin\u00f3 por delante de los representantes de China Tai Pei, L\u00edbano, Sud\u00e1frica, Arabia Saudita, Israel y Ecuador. La p\u00e1gina oficial de Milano Cortina comparti\u00f3 los n\u00fameros oficiales de Corona:<\/p>\n<p>1.8 km<\/p>\n","protected":false},"excerpt":{"rendered":"<p>Allan Corona, esquiador de fondo mexicano, complet\u00f3 la prueba de \u201cEsqu\u00ed de fondo, hombres, 10 km, intervalo, salida libre\u201d este&#8230;<\/p>\n","protected":false},"author":1,"featured_media":264485,"comment_status":"open","ping_status":"closed","sticky":false,"template":"","format":"standard","meta":{"footnotes":""},"categories":[337],"tags":[],"class_list":["post-264483","post","type-post","status-publish","format-standard","has-post-thumbnail","hentry","category-deportes"],"yoast_head":"<!-- This site is optimized with the Yoast SEO plugin v26.5 - https:\/\/yoast.com\/wordpress\/plugins\/seo\/ -->\n<title>Allan Corona llega a la meta en los Juegos Ol\u00edmpicos de Invierno 2026 y celebra con sus compa\u00f1eros - NOTICIAS<\/title>\n<meta name=\"robots\" content=\"index, follow, max-snippet:-1, max-image-preview:large, max-video-preview:-1\" \/>\n<link rel=\"canonical\" href=\"https:\/\/laredsocial-noticias.com\/wp\/allan-corona-llega-a-la-meta-en-los-juegos-olimpicos-de-invierno-2026-y-celebra-con-sus-companeros\/\" \/>\n<meta property=\"og:locale\" content=\"es_ES\" \/>\n<meta property=\"og:type\" content=\"article\" \/>\n<meta property=\"og:title\" content=\"Allan Corona llega a la meta en los Juegos Ol\u00edmpicos de Invierno 2026 y celebra con sus compa\u00f1eros - NOTICIAS\" \/>\n<meta property=\"og:description\" content=\"Allan Corona, esquiador de fondo mexicano, complet\u00f3 la prueba de \u201cEsqu\u00ed de fondo, hombres, 10 km, intervalo, salida libre\u201d este...\" \/>\n<meta property=\"og:url\" content=\"https:\/\/laredsocial-noticias.com\/wp\/allan-corona-llega-a-la-meta-en-los-juegos-olimpicos-de-invierno-2026-y-celebra-con-sus-companeros\/\" \/>\n<meta property=\"og:site_name\" content=\"NOTICIAS\" \/>\n<meta property=\"article:published_time\" content=\"2026-02-13T17:43:16+00:00\" \/>\n<meta property=\"article:modified_time\" content=\"2026-02-13T17:43:40+00:00\" \/>\n<meta name=\"author\" content=\"Editor en Jefe\" \/>\n<meta name=\"twitter:card\" content=\"summary_large_image\" \/>\n<meta name=\"twitter:label1\" content=\"Escrito por\" \/>\n\t<meta name=\"twitter:data1\" content=\"Editor en Jefe\" \/>\n\t<meta name=\"twitter:label2\" content=\"Tiempo de lectura\" \/>\n\t<meta name=\"twitter:data2\" content=\"1 minuto\" \/>\n<!-- \/ Yoast SEO plugin. -->","yoast_head_json":{"title":"Allan Corona llega a la meta en los Juegos Ol\u00edmpicos de Invierno 2026 y celebra con sus compa\u00f1eros - NOTICIAS","robots":{"index":"index","follow":"follow","max-snippet":"max-snippet:-1","max-image-preview":"max-image-preview:large","max-video-preview":"max-video-preview:-1"},"canonical":"https:\/\/laredsocial-noticias.com\/wp\/allan-corona-llega-a-la-meta-en-los-juegos-olimpicos-de-invierno-2026-y-celebra-con-sus-companeros\/","og_locale":"es_ES","og_type":"article","og_title":"Allan Corona llega a la meta en los Juegos Ol\u00edmpicos de Invierno 2026 y celebra con sus compa\u00f1eros - NOTICIAS","og_description":"Allan Corona, esquiador de fondo mexicano, complet\u00f3 la prueba de \u201cEsqu\u00ed de fondo, hombres, 10 km, intervalo, salida libre\u201d este...","og_url":"https:\/\/laredsocial-noticias.com\/wp\/allan-corona-llega-a-la-meta-en-los-juegos-olimpicos-de-invierno-2026-y-celebra-con-sus-companeros\/","og_site_name":"NOTICIAS","article_published_time":"2026-02-13T17:43:16+00:00","article_modified_time":"2026-02-13T17:43:40+00:00","author":"Editor en Jefe","twitter_card":"summary_large_image","twitter_misc":{"Escrito por":"Editor en Jefe","Tiempo de lectura":"1 minuto"},"schema":{"@context":"https:\/\/schema.org","@graph":[{"@type":"WebPage","@id":"https:\/\/laredsocial-noticias.com\/wp\/allan-corona-llega-a-la-meta-en-los-juegos-olimpicos-de-invierno-2026-y-celebra-con-sus-companeros\/","url":"https:\/\/laredsocial-noticias.com\/wp\/allan-corona-llega-a-la-meta-en-los-juegos-olimpicos-de-invierno-2026-y-celebra-con-sus-companeros\/","name":"Allan Corona llega a la meta en los Juegos Ol\u00edmpicos de Invierno 2026 y celebra con sus compa\u00f1eros - NOTICIAS","isPartOf":{"@id":"https:\/\/laredsocial-noticias.com\/wp\/#website"},"primaryImageOfPage":{"@id":"https:\/\/laredsocial-noticias.com\/wp\/allan-corona-llega-a-la-meta-en-los-juegos-olimpicos-de-invierno-2026-y-celebra-con-sus-companeros\/#primaryimage"},"image":{"@id":"https:\/\/laredsocial-noticias.com\/wp\/allan-corona-llega-a-la-meta-en-los-juegos-olimpicos-de-invierno-2026-y-celebra-con-sus-companeros\/#primaryimage"},"thumbnailUrl":"https:\/\/laredsocial-noticias.com\/wp\/wp-content\/uploads\/2026\/02\/allan-corona-1-063736.jpg","datePublished":"2026-02-13T17:43:16+00:00","dateModified":"2026-02-13T17:43:40+00:00","author":{"@id":"https:\/\/laredsocial-noticias.com\/wp\/#\/schema\/person\/0ce78643f2de7aae6f6ef10e8453a6e0"},"breadcrumb":{"@id":"https:\/\/laredsocial-noticias.com\/wp\/allan-corona-llega-a-la-meta-en-los-juegos-olimpicos-de-invierno-2026-y-celebra-con-sus-companeros\/#breadcrumb"},"inLanguage":"es","potentialAction":[{"@type":"ReadAction","target":["https:\/\/laredsocial-noticias.com\/wp\/allan-corona-llega-a-la-meta-en-los-juegos-olimpicos-de-invierno-2026-y-celebra-con-sus-companeros\/"]}]},{"@type":"ImageObject","inLanguage":"es","@id":"https:\/\/laredsocial-noticias.com\/wp\/allan-corona-llega-a-la-meta-en-los-juegos-olimpicos-de-invierno-2026-y-celebra-con-sus-companeros\/#primaryimage","url":"https:\/\/laredsocial-noticias.com\/wp\/wp-content\/uploads\/2026\/02\/allan-corona-1-063736.jpg","contentUrl":"https:\/\/laredsocial-noticias.com\/wp\/wp-content\/uploads\/2026\/02\/allan-corona-1-063736.jpg","width":1200,"height":675,"caption":"Milano Cortina 2026 Olympics - Cross-Country Skiing - Men's 10km Interval Start Free - Tesero Cross-Country Skiing Stadium, Lago, Italy - February 13, 2026. Matthew Smith of South Africa, Allan Corona of Mexico and Samer Tawk of Lebanon react after finishing REUTERS\/Stephanie Lecocq"},{"@type":"BreadcrumbList","@id":"https:\/\/laredsocial-noticias.com\/wp\/allan-corona-llega-a-la-meta-en-los-juegos-olimpicos-de-invierno-2026-y-celebra-con-sus-companeros\/#breadcrumb","itemListElement":[{"@type":"ListItem","position":1,"name":"Portada","item":"https:\/\/laredsocial-noticias.com\/wp\/"},{"@type":"ListItem","position":2,"name":"Allan Corona llega a la meta en los Juegos Ol\u00edmpicos de Invierno 2026 y celebra con sus compa\u00f1eros"}]},{"@type":"WebSite","@id":"https:\/\/laredsocial-noticias.com\/wp\/#website","url":"https:\/\/laredsocial-noticias.com\/wp\/","name":"NOTICIAS","description":"Lo que se ve y se dice en las redes sociales","potentialAction":[{"@type":"SearchAction","target":{"@type":"EntryPoint","urlTemplate":"https:\/\/laredsocial-noticias.com\/wp\/?s={search_term_string}"},"query-input":{"@type":"PropertyValueSpecification","valueRequired":true,"valueName":"search_term_string"}}],"inLanguage":"es"},{"@type":"Person","@id":"https:\/\/laredsocial-noticias.com\/wp\/#\/schema\/person\/0ce78643f2de7aae6f6ef10e8453a6e0","name":"Editor en Jefe","url":"https:\/\/laredsocial-noticias.com\/wp\/author\/jorgeochoa\/"}]}},"_links":{"self":[{"href":"https:\/\/laredsocial-noticias.com\/wp\/wp-json\/wp\/v2\/posts\/264483","targetHints":{"allow":["GET"]}}],"collection":[{"href":"https:\/\/laredsocial-noticias.com\/wp\/wp-json\/wp\/v2\/posts"}],"about":[{"href":"https:\/\/laredsocial-noticias.com\/wp\/wp-json\/wp\/v2\/types\/post"}],"author":[{"embeddable":true,"href":"https:\/\/laredsocial-noticias.com\/wp\/wp-json\/wp\/v2\/users\/1"}],"replies":[{"embeddable":true,"href":"https:\/\/laredsocial-noticias.com\/wp\/wp-json\/wp\/v2\/comments?post=264483"}],"version-history":[{"count":1,"href":"https:\/\/laredsocial-noticias.com\/wp\/wp-json\/wp\/v2\/posts\/264483\/revisions"}],"predecessor-version":[{"id":264484,"href":"https:\/\/laredsocial-noticias.com\/wp\/wp-json\/wp\/v2\/posts\/264483\/revisions\/264484"}],"wp:featuredmedia":[{"embeddable":true,"href":"https:\/\/laredsocial-noticias.com\/wp\/wp-json\/wp\/v2\/media\/264485"}],"wp:attachment":[{"href":"https:\/\/laredsocial-noticias.com\/wp\/wp-json\/wp\/v2\/media?parent=264483"}],"wp:term":[{"taxonomy":"category","embeddable":true,"href":"https:\/\/laredsocial-noticias.com\/wp\/wp-json\/wp\/v2\/categories?post=264483"},{"taxonomy":"post_tag","embeddable":true,"href":"https:\/\/laredsocial-noticias.com\/wp\/wp-json\/wp\/v2\/tags?post=264483"}],"curies":[{"name":"wp","href":"https:\/\/api.w.org\/{rel}","templated":true}]}}