{"id":264664,"date":"2026-02-16T14:27:55","date_gmt":"2026-02-16T20:27:55","guid":{"rendered":"https:\/\/laredsocial-noticias.com\/wp\/?p=264664"},"modified":"2026-02-16T14:29:14","modified_gmt":"2026-02-16T20:29:14","slug":"capturan-a-dos-sospechosos-por-secuestro-de-la-nicholette-en-culiacan","status":"publish","type":"post","link":"https:\/\/laredsocial-noticias.com\/wp\/capturan-a-dos-sospechosos-por-secuestro-de-la-nicholette-en-culiacan\/","title":{"rendered":"Capturan a dos sospechosos por secuestro de &#8216;La Nicholette&#8217; en Culiac\u00e1n"},"content":{"rendered":"<p class=\"text-align-justify\">Autoridades del estado de\u00a0Sinaloa\u00a0informaron sobre la\u00a0detenci\u00f3n de dos sujetos\u00a0presuntamente implicados en el\u00a0secuestro de la creadora de contenido Nicole Pardo Molina, mejor conocida como\u00a0La Nicholette, ocurrido a finales de enero del presente a\u00f1o.<\/p>\n<p class=\"text-align-justify\">La captura se realiz\u00f3 en el\u00a0fraccionamiento Los \u00c1ngeles,\u00a0al oriente de Culiac\u00e1n, tras una denuncia ciudadana que alert\u00f3 sobre la presencia de\u00a0personas armadas en la zona.\u00a0\u00a0Elementos del Grupo de Operaciones Especiales Sinaloa (GOES),\u00a0con apoyo de la Polic\u00eda Estatal Preventiva y otras corporaciones, acudieron al lugar y lograron asegurar a los dos sospechosos, uno de ellos\u00a0menor de edad.<\/p>\n<h4 class=\"text-align-justify\">ASEGURAN ARMAS LARGAS<\/h4>\n<p class=\"text-align-justify\">Durante el operativo se confiscaron\u00a0dos fusiles tipo AK-47 calibre 7.62\u00d739 mm, 12 cargadores del mismo calibre\u00a0y aproximadamente\u00a0dos mil pastillas\u00a0con caracter\u00edsticas similares al\u00a0fentanilo, lo que a\u00f1adi\u00f3 al caso posibles\u00a0delitos contra la salud, adem\u00e1s de la portaci\u00f3n de\u00a0armas exclusivas del Ej\u00e9rcito.<\/p>\n<p class=\"text-align-justify\">Los detenidos fueron trasladados y puestos a disposici\u00f3n del\u00a0Ministerio P\u00fablico\u00a0y de la\u00a0Fiscal\u00eda General del Estado (FGE), que determinar\u00e1n su situaci\u00f3n legal mientras contin\u00faan las indagatorias para confirmar si participaron en el secuestro de la influencer.<\/p>\n<h4 class=\"text-align-justify\">INDAGATORIAS SOBRE EL SECUESTRO<\/h4>\n<p class=\"text-align-justify\">El pasado 20 de enero la creadora de contenido fue privada de la libertad en el exclusivo sector de\u00a0Isla Musal\u00e1, en Culiac\u00e1n,\u00a0hecho qued\u00f3\u00a0grabado por la c\u00e1mara instalada en su camioneta Tesla Cybertruck.<\/p>\n<p class=\"text-align-justify\">De acuerdo con la creadora de contenido, durante su secuestro, sus captores\u00a0la obligaron a grabar un video\u00a0leyendo un mensaje en el que refiere a actividades que ella misma habr\u00eda realizado, adem\u00e1s de que dice\u00a0trabajar para la c\u00e9lula de \u201cEl Mayito Flaco\u201d,\u00a0facci\u00f3n de Los Mayos del C\u00e1rtel de Sinaloa.<\/p>\n<p class=\"text-align-justify\">Tras varios d\u00edas de b\u00fasqueda, la FGE de Sinaloa confirm\u00f3 que la influencer\u00a0fue localizada con vida el 24 de enero, aunque los detalles de su liberaci\u00f3n no fueron precisados por las autoridades.<\/p>\n<p class=\"text-align-justify\">Hasta ahora, las autoridades han se\u00f1alado que la detenci\u00f3n de estos dos j\u00f3venes se dio en el marco de las investigaciones abiertas desde el secuestro. A\u00fan no se ha confirmado oficialmente la implicaci\u00f3n directa de los detenidos en la privaci\u00f3n de libertad, pero\u00a0la Fiscal\u00eda contin\u00faa con las diligencias para esclarecer la participaci\u00f3n de los aprehendidos\u00a0y si existen m\u00e1s involucrados.<\/p>\n","protected":false},"excerpt":{"rendered":"<p>Autoridades del estado de\u00a0Sinaloa\u00a0informaron sobre la\u00a0detenci\u00f3n de dos sujetos\u00a0presuntamente implicados en el\u00a0secuestro de la creadora de contenido Nicole Pardo Molina,&#8230;<\/p>\n","protected":false},"author":1,"featured_media":264666,"comment_status":"open","ping_status":"closed","sticky":false,"template":"","format":"standard","meta":{"footnotes":""},"categories":[2379,6026],"tags":[4959,77],"class_list":["post-264664","post","type-post","status-publish","format-standard","has-post-thumbnail","hentry","category-estados-2","category-portada","tag-featured","tag-principal"],"yoast_head":"<!-- This site is optimized with the Yoast SEO plugin v26.5 - https:\/\/yoast.com\/wordpress\/plugins\/seo\/ -->\n<title>Capturan a dos sospechosos por secuestro de &#039;La Nicholette&#039; en Culiac\u00e1n - NOTICIAS<\/title>\n<meta name=\"robots\" content=\"index, follow, max-snippet:-1, max-image-preview:large, max-video-preview:-1\" \/>\n<link rel=\"canonical\" href=\"https:\/\/laredsocial-noticias.com\/wp\/capturan-a-dos-sospechosos-por-secuestro-de-la-nicholette-en-culiacan\/\" \/>\n<meta property=\"og:locale\" content=\"es_ES\" \/>\n<meta property=\"og:type\" content=\"article\" \/>\n<meta property=\"og:title\" content=\"Capturan a dos sospechosos por secuestro de &#039;La Nicholette&#039; en Culiac\u00e1n - NOTICIAS\" \/>\n<meta property=\"og:description\" content=\"Autoridades del estado de\u00a0Sinaloa\u00a0informaron sobre la\u00a0detenci\u00f3n de dos sujetos\u00a0presuntamente implicados en el\u00a0secuestro de la creadora de contenido Nicole Pardo Molina,...\" \/>\n<meta property=\"og:url\" content=\"https:\/\/laredsocial-noticias.com\/wp\/capturan-a-dos-sospechosos-por-secuestro-de-la-nicholette-en-culiacan\/\" \/>\n<meta property=\"og:site_name\" content=\"NOTICIAS\" \/>\n<meta property=\"article:published_time\" content=\"2026-02-16T20:27:55+00:00\" \/>\n<meta property=\"article:modified_time\" content=\"2026-02-16T20:29:14+00:00\" \/>\n<meta name=\"author\" content=\"Editor en Jefe\" \/>\n<meta name=\"twitter:card\" content=\"summary_large_image\" \/>\n<meta name=\"twitter:label1\" content=\"Escrito por\" \/>\n\t<meta name=\"twitter:data1\" content=\"Editor en Jefe\" \/>\n\t<meta name=\"twitter:label2\" content=\"Tiempo de lectura\" \/>\n\t<meta name=\"twitter:data2\" content=\"2 minutos\" \/>\n<!-- \/ Yoast SEO plugin. -->","yoast_head_json":{"title":"Capturan a dos sospechosos por secuestro de 'La Nicholette' en Culiac\u00e1n - NOTICIAS","robots":{"index":"index","follow":"follow","max-snippet":"max-snippet:-1","max-image-preview":"max-image-preview:large","max-video-preview":"max-video-preview:-1"},"canonical":"https:\/\/laredsocial-noticias.com\/wp\/capturan-a-dos-sospechosos-por-secuestro-de-la-nicholette-en-culiacan\/","og_locale":"es_ES","og_type":"article","og_title":"Capturan a dos sospechosos por secuestro de 'La Nicholette' en Culiac\u00e1n - NOTICIAS","og_description":"Autoridades del estado de\u00a0Sinaloa\u00a0informaron sobre la\u00a0detenci\u00f3n de dos sujetos\u00a0presuntamente implicados en el\u00a0secuestro de la creadora de contenido Nicole Pardo Molina,...","og_url":"https:\/\/laredsocial-noticias.com\/wp\/capturan-a-dos-sospechosos-por-secuestro-de-la-nicholette-en-culiacan\/","og_site_name":"NOTICIAS","article_published_time":"2026-02-16T20:27:55+00:00","article_modified_time":"2026-02-16T20:29:14+00:00","author":"Editor en Jefe","twitter_card":"summary_large_image","twitter_misc":{"Escrito por":"Editor en Jefe","Tiempo de lectura":"2 minutos"},"schema":{"@context":"https:\/\/schema.org","@graph":[{"@type":"WebPage","@id":"https:\/\/laredsocial-noticias.com\/wp\/capturan-a-dos-sospechosos-por-secuestro-de-la-nicholette-en-culiacan\/","url":"https:\/\/laredsocial-noticias.com\/wp\/capturan-a-dos-sospechosos-por-secuestro-de-la-nicholette-en-culiacan\/","name":"Capturan a dos sospechosos por secuestro de 'La Nicholette' en Culiac\u00e1n - NOTICIAS","isPartOf":{"@id":"https:\/\/laredsocial-noticias.com\/wp\/#website"},"primaryImageOfPage":{"@id":"https:\/\/laredsocial-noticias.com\/wp\/capturan-a-dos-sospechosos-por-secuestro-de-la-nicholette-en-culiacan\/#primaryimage"},"image":{"@id":"https:\/\/laredsocial-noticias.com\/wp\/capturan-a-dos-sospechosos-por-secuestro-de-la-nicholette-en-culiacan\/#primaryimage"},"thumbnailUrl":"https:\/\/laredsocial-noticias.com\/wp\/wp-content\/uploads\/2026\/02\/detencion_sec_nicholette.png","datePublished":"2026-02-16T20:27:55+00:00","dateModified":"2026-02-16T20:29:14+00:00","author":{"@id":"https:\/\/laredsocial-noticias.com\/wp\/#\/schema\/person\/0ce78643f2de7aae6f6ef10e8453a6e0"},"breadcrumb":{"@id":"https:\/\/laredsocial-noticias.com\/wp\/capturan-a-dos-sospechosos-por-secuestro-de-la-nicholette-en-culiacan\/#breadcrumb"},"inLanguage":"es","potentialAction":[{"@type":"ReadAction","target":["https:\/\/laredsocial-noticias.com\/wp\/capturan-a-dos-sospechosos-por-secuestro-de-la-nicholette-en-culiacan\/"]}]},{"@type":"ImageObject","inLanguage":"es","@id":"https:\/\/laredsocial-noticias.com\/wp\/capturan-a-dos-sospechosos-por-secuestro-de-la-nicholette-en-culiacan\/#primaryimage","url":"https:\/\/laredsocial-noticias.com\/wp\/wp-content\/uploads\/2026\/02\/detencion_sec_nicholette.png","contentUrl":"https:\/\/laredsocial-noticias.com\/wp\/wp-content\/uploads\/2026\/02\/detencion_sec_nicholette.png","width":770,"height":433},{"@type":"BreadcrumbList","@id":"https:\/\/laredsocial-noticias.com\/wp\/capturan-a-dos-sospechosos-por-secuestro-de-la-nicholette-en-culiacan\/#breadcrumb","itemListElement":[{"@type":"ListItem","position":1,"name":"Portada","item":"https:\/\/laredsocial-noticias.com\/wp\/"},{"@type":"ListItem","position":2,"name":"Capturan a dos sospechosos por secuestro de &#8216;La Nicholette&#8217; en Culiac\u00e1n"}]},{"@type":"WebSite","@id":"https:\/\/laredsocial-noticias.com\/wp\/#website","url":"https:\/\/laredsocial-noticias.com\/wp\/","name":"NOTICIAS","description":"Lo que se ve y se dice en las redes sociales","potentialAction":[{"@type":"SearchAction","target":{"@type":"EntryPoint","urlTemplate":"https:\/\/laredsocial-noticias.com\/wp\/?s={search_term_string}"},"query-input":{"@type":"PropertyValueSpecification","valueRequired":true,"valueName":"search_term_string"}}],"inLanguage":"es"},{"@type":"Person","@id":"https:\/\/laredsocial-noticias.com\/wp\/#\/schema\/person\/0ce78643f2de7aae6f6ef10e8453a6e0","name":"Editor en Jefe","url":"https:\/\/laredsocial-noticias.com\/wp\/author\/jorgeochoa\/"}]}},"_links":{"self":[{"href":"https:\/\/laredsocial-noticias.com\/wp\/wp-json\/wp\/v2\/posts\/264664","targetHints":{"allow":["GET"]}}],"collection":[{"href":"https:\/\/laredsocial-noticias.com\/wp\/wp-json\/wp\/v2\/posts"}],"about":[{"href":"https:\/\/laredsocial-noticias.com\/wp\/wp-json\/wp\/v2\/types\/post"}],"author":[{"embeddable":true,"href":"https:\/\/laredsocial-noticias.com\/wp\/wp-json\/wp\/v2\/users\/1"}],"replies":[{"embeddable":true,"href":"https:\/\/laredsocial-noticias.com\/wp\/wp-json\/wp\/v2\/comments?post=264664"}],"version-history":[{"count":1,"href":"https:\/\/laredsocial-noticias.com\/wp\/wp-json\/wp\/v2\/posts\/264664\/revisions"}],"predecessor-version":[{"id":264665,"href":"https:\/\/laredsocial-noticias.com\/wp\/wp-json\/wp\/v2\/posts\/264664\/revisions\/264665"}],"wp:featuredmedia":[{"embeddable":true,"href":"https:\/\/laredsocial-noticias.com\/wp\/wp-json\/wp\/v2\/media\/264666"}],"wp:attachment":[{"href":"https:\/\/laredsocial-noticias.com\/wp\/wp-json\/wp\/v2\/media?parent=264664"}],"wp:term":[{"taxonomy":"category","embeddable":true,"href":"https:\/\/laredsocial-noticias.com\/wp\/wp-json\/wp\/v2\/categories?post=264664"},{"taxonomy":"post_tag","embeddable":true,"href":"https:\/\/laredsocial-noticias.com\/wp\/wp-json\/wp\/v2\/tags?post=264664"}],"curies":[{"name":"wp","href":"https:\/\/api.w.org\/{rel}","templated":true}]}}