{"id":265034,"date":"2026-02-21T19:00:25","date_gmt":"2026-02-22T01:00:25","guid":{"rendered":"https:\/\/laredsocial-noticias.com\/wp\/?p=265034"},"modified":"2026-02-22T11:48:09","modified_gmt":"2026-02-22T17:48:09","slug":"cateos-por-secuestro-en-veracruz-dejan-14-detenidos-y-armas-aseguradas","status":"publish","type":"post","link":"https:\/\/laredsocial-noticias.com\/wp\/cateos-por-secuestro-en-veracruz-dejan-14-detenidos-y-armas-aseguradas\/","title":{"rendered":"Cateos por secuestro en Veracruz dejan 14 detenidos y armas aseguradas"},"content":{"rendered":"<p data-end=\"566\" data-start=\"297\">La\u00a0Secretar\u00eda de Seguridad y Protecci\u00f3n Ciudadana (SSPC)\u00a0inform\u00f3 este s\u00e1bado sobre la\u00a0detenci\u00f3n de 14 presuntos delincuentes\u00a0y la\u00a0liberaci\u00f3n de una persona\u00a0durante la ejecuci\u00f3n de\u00a013 cateos simult\u00e1neos\u00a0en el estado de\u00a0Veracruz.<\/p>\n<h2 data-end=\"627\" data-start=\"568\">Operativos tras denuncia de privaci\u00f3n de la libertad<\/h2>\n<p data-end=\"847\" data-start=\"629\">Los operativos se realizaron en\u00a0domicilios ubicados en los municipios de Veracruz y Boca del R\u00edo, en seguimiento a una\u00a0denuncia ciudadana por la privaci\u00f3n de la libertad\u00a0de una persona ocurrida el 9 de enero.<\/p>\n<h2 data-end=\"888\" data-start=\"849\">Decomisos durante los operativos<\/h2>\n<p data-end=\"931\" data-start=\"890\">Durante los cateos, se\u00a0decomisaron:<\/p>\n<ul data-end=\"1152\" data-start=\"932\">\n<li data-end=\"954\" data-start=\"932\">\n<p data-end=\"954\" data-start=\"934\">5\u00a0armas largas<\/p>\n<\/li>\n<li data-end=\"977\" data-start=\"955\">\n<p data-end=\"977\" data-start=\"957\">4\u00a0armas cortas<\/p>\n<\/li>\n<li data-end=\"996\" data-start=\"978\">\n<p data-end=\"996\" data-start=\"980\">6\u00a0granadas<\/p>\n<\/li>\n<li data-end=\"1018\" data-start=\"997\">\n<p data-end=\"1018\" data-start=\"999\">19\u00a0cargadores<\/p>\n<\/li>\n<li data-end=\"1047\" data-start=\"1019\">\n<p data-end=\"1047\" data-start=\"1021\">544\u00a0cartuchos \u00fatiles<\/p>\n<\/li>\n<li data-end=\"1077\" data-start=\"1048\">\n<p data-end=\"1077\" data-start=\"1050\">9\u00a0chalecos bal\u00edsticos<\/p>\n<\/li>\n<li data-end=\"1109\" data-start=\"1078\">\n<p data-end=\"1109\" data-start=\"1080\">Diversas dosis de droga<\/p>\n<\/li>\n<li data-end=\"1152\" data-start=\"1110\">\n<p data-end=\"1152\" data-start=\"1112\">10\u00a0veh\u00edculos\u00a0y 16\u00a0motocicletas<\/p>\n<\/li>\n<\/ul>\n<p data-end=\"1232\" data-start=\"1154\">La\u00a0persona liberada\u00a0fue localizada en uno de los inmuebles intervenidos.<\/p>\n<p data-end=\"1472\" data-start=\"1289\">Los\u00a0nueve hombres y cinco mujeres detenidas, junto con los\u00a0objetos decomisados, quedaron a\u00a0disposici\u00f3n del Ministerio P\u00fablico, que determinar\u00e1 su\u00a0situaci\u00f3n jur\u00eddica.<\/p>\n<p data-end=\"1832\" data-start=\"1528\">La acci\u00f3n fue encabezada por\u00a0elementos de la Secretar\u00eda de Marina (Semar), Fiscal\u00eda General de la Rep\u00fablica (FGR) y SSPC, en coordinaci\u00f3n con la\u00a0Secretar\u00eda de la Defensa Nacional (Sedena), Guardia Nacional (GN),\u00a0Secretar\u00eda de Seguridad P\u00fablica\u00a0y\u00a0Fiscal\u00eda General del Estado de Veracruz.<\/p>\n<h2 data-end=\"1884\" data-start=\"1834\">Veracruz, con alta incidencia de secuestros<\/h2>\n<p data-end=\"2161\" data-start=\"1886\">Los hechos ocurren en un\u00a0contexto de violencia persistente\u00a0en Veracruz, que en noviembre pasado ocup\u00f3 el\u00a0tercer lugar nacional en secuestros, con 10 casos, s\u00f3lo detr\u00e1s de\u00a0Sinaloa (12)\u00a0y\u00a0Estado de M\u00e9xico (11), seg\u00fan la asociaci\u00f3n civil\u00a0Alto al Secuestro.<\/p>\n<p data-end=\"2387\" data-start=\"2210\">La ONG estim\u00f3 que entre\u00a0octubre de 2024 y noviembre de 2025\u00a0se registraron\u00a02 mil 305 secuestros\u00a0en todo el pa\u00eds, un promedio de\u00a05.4 casos diarios\u00a0y\u00a037.9 semanales.<\/p>\n","protected":false},"excerpt":{"rendered":"<p>La\u00a0Secretar\u00eda de Seguridad y Protecci\u00f3n Ciudadana (SSPC)\u00a0inform\u00f3 este s\u00e1bado sobre la\u00a0detenci\u00f3n de 14 presuntos delincuentes\u00a0y la\u00a0liberaci\u00f3n de una persona\u00a0durante la&#8230;<\/p>\n","protected":false},"author":1,"featured_media":265036,"comment_status":"open","ping_status":"closed","sticky":false,"template":"","format":"standard","meta":{"footnotes":""},"categories":[2379,6026],"tags":[4959,77],"class_list":["post-265034","post","type-post","status-publish","format-standard","has-post-thumbnail","hentry","category-estados-2","category-portada","tag-featured","tag-principal"],"yoast_head":"<!-- This site is optimized with the Yoast SEO plugin v26.5 - https:\/\/yoast.com\/wordpress\/plugins\/seo\/ -->\n<title>Cateos por secuestro en Veracruz dejan 14 detenidos y armas aseguradas - NOTICIAS<\/title>\n<meta name=\"robots\" content=\"index, follow, max-snippet:-1, max-image-preview:large, max-video-preview:-1\" \/>\n<link rel=\"canonical\" href=\"https:\/\/laredsocial-noticias.com\/wp\/cateos-por-secuestro-en-veracruz-dejan-14-detenidos-y-armas-aseguradas\/\" \/>\n<meta property=\"og:locale\" content=\"es_ES\" \/>\n<meta property=\"og:type\" content=\"article\" \/>\n<meta property=\"og:title\" content=\"Cateos por secuestro en Veracruz dejan 14 detenidos y armas aseguradas - NOTICIAS\" \/>\n<meta property=\"og:description\" content=\"La\u00a0Secretar\u00eda de Seguridad y Protecci\u00f3n Ciudadana (SSPC)\u00a0inform\u00f3 este s\u00e1bado sobre la\u00a0detenci\u00f3n de 14 presuntos delincuentes\u00a0y la\u00a0liberaci\u00f3n de una persona\u00a0durante la...\" \/>\n<meta property=\"og:url\" content=\"https:\/\/laredsocial-noticias.com\/wp\/cateos-por-secuestro-en-veracruz-dejan-14-detenidos-y-armas-aseguradas\/\" \/>\n<meta property=\"og:site_name\" content=\"NOTICIAS\" \/>\n<meta property=\"article:published_time\" content=\"2026-02-22T01:00:25+00:00\" \/>\n<meta property=\"article:modified_time\" content=\"2026-02-22T17:48:09+00:00\" \/>\n<meta name=\"author\" content=\"Editor en Jefe\" \/>\n<meta name=\"twitter:card\" content=\"summary_large_image\" \/>\n<meta name=\"twitter:label1\" content=\"Escrito por\" \/>\n\t<meta name=\"twitter:data1\" content=\"Editor en Jefe\" \/>\n\t<meta name=\"twitter:label2\" content=\"Tiempo de lectura\" \/>\n\t<meta name=\"twitter:data2\" content=\"1 minuto\" \/>\n<!-- \/ Yoast SEO plugin. -->","yoast_head_json":{"title":"Cateos por secuestro en Veracruz dejan 14 detenidos y armas aseguradas - NOTICIAS","robots":{"index":"index","follow":"follow","max-snippet":"max-snippet:-1","max-image-preview":"max-image-preview:large","max-video-preview":"max-video-preview:-1"},"canonical":"https:\/\/laredsocial-noticias.com\/wp\/cateos-por-secuestro-en-veracruz-dejan-14-detenidos-y-armas-aseguradas\/","og_locale":"es_ES","og_type":"article","og_title":"Cateos por secuestro en Veracruz dejan 14 detenidos y armas aseguradas - NOTICIAS","og_description":"La\u00a0Secretar\u00eda de Seguridad y Protecci\u00f3n Ciudadana (SSPC)\u00a0inform\u00f3 este s\u00e1bado sobre la\u00a0detenci\u00f3n de 14 presuntos delincuentes\u00a0y la\u00a0liberaci\u00f3n de una persona\u00a0durante la...","og_url":"https:\/\/laredsocial-noticias.com\/wp\/cateos-por-secuestro-en-veracruz-dejan-14-detenidos-y-armas-aseguradas\/","og_site_name":"NOTICIAS","article_published_time":"2026-02-22T01:00:25+00:00","article_modified_time":"2026-02-22T17:48:09+00:00","author":"Editor en Jefe","twitter_card":"summary_large_image","twitter_misc":{"Escrito por":"Editor en Jefe","Tiempo de lectura":"1 minuto"},"schema":{"@context":"https:\/\/schema.org","@graph":[{"@type":"WebPage","@id":"https:\/\/laredsocial-noticias.com\/wp\/cateos-por-secuestro-en-veracruz-dejan-14-detenidos-y-armas-aseguradas\/","url":"https:\/\/laredsocial-noticias.com\/wp\/cateos-por-secuestro-en-veracruz-dejan-14-detenidos-y-armas-aseguradas\/","name":"Cateos por secuestro en Veracruz dejan 14 detenidos y armas aseguradas - NOTICIAS","isPartOf":{"@id":"https:\/\/laredsocial-noticias.com\/wp\/#website"},"primaryImageOfPage":{"@id":"https:\/\/laredsocial-noticias.com\/wp\/cateos-por-secuestro-en-veracruz-dejan-14-detenidos-y-armas-aseguradas\/#primaryimage"},"image":{"@id":"https:\/\/laredsocial-noticias.com\/wp\/cateos-por-secuestro-en-veracruz-dejan-14-detenidos-y-armas-aseguradas\/#primaryimage"},"thumbnailUrl":"https:\/\/laredsocial-noticias.com\/wp\/wp-content\/uploads\/2026\/02\/detenidos_0.png","datePublished":"2026-02-22T01:00:25+00:00","dateModified":"2026-02-22T17:48:09+00:00","author":{"@id":"https:\/\/laredsocial-noticias.com\/wp\/#\/schema\/person\/0ce78643f2de7aae6f6ef10e8453a6e0"},"breadcrumb":{"@id":"https:\/\/laredsocial-noticias.com\/wp\/cateos-por-secuestro-en-veracruz-dejan-14-detenidos-y-armas-aseguradas\/#breadcrumb"},"inLanguage":"es","potentialAction":[{"@type":"ReadAction","target":["https:\/\/laredsocial-noticias.com\/wp\/cateos-por-secuestro-en-veracruz-dejan-14-detenidos-y-armas-aseguradas\/"]}]},{"@type":"ImageObject","inLanguage":"es","@id":"https:\/\/laredsocial-noticias.com\/wp\/cateos-por-secuestro-en-veracruz-dejan-14-detenidos-y-armas-aseguradas\/#primaryimage","url":"https:\/\/laredsocial-noticias.com\/wp\/wp-content\/uploads\/2026\/02\/detenidos_0.png","contentUrl":"https:\/\/laredsocial-noticias.com\/wp\/wp-content\/uploads\/2026\/02\/detenidos_0.png","width":770,"height":433},{"@type":"BreadcrumbList","@id":"https:\/\/laredsocial-noticias.com\/wp\/cateos-por-secuestro-en-veracruz-dejan-14-detenidos-y-armas-aseguradas\/#breadcrumb","itemListElement":[{"@type":"ListItem","position":1,"name":"Portada","item":"https:\/\/laredsocial-noticias.com\/wp\/"},{"@type":"ListItem","position":2,"name":"Cateos por secuestro en Veracruz dejan 14 detenidos y armas aseguradas"}]},{"@type":"WebSite","@id":"https:\/\/laredsocial-noticias.com\/wp\/#website","url":"https:\/\/laredsocial-noticias.com\/wp\/","name":"NOTICIAS","description":"Lo que se ve y se dice en las redes sociales","potentialAction":[{"@type":"SearchAction","target":{"@type":"EntryPoint","urlTemplate":"https:\/\/laredsocial-noticias.com\/wp\/?s={search_term_string}"},"query-input":{"@type":"PropertyValueSpecification","valueRequired":true,"valueName":"search_term_string"}}],"inLanguage":"es"},{"@type":"Person","@id":"https:\/\/laredsocial-noticias.com\/wp\/#\/schema\/person\/0ce78643f2de7aae6f6ef10e8453a6e0","name":"Editor en Jefe","url":"https:\/\/laredsocial-noticias.com\/wp\/author\/jorgeochoa\/"}]}},"_links":{"self":[{"href":"https:\/\/laredsocial-noticias.com\/wp\/wp-json\/wp\/v2\/posts\/265034","targetHints":{"allow":["GET"]}}],"collection":[{"href":"https:\/\/laredsocial-noticias.com\/wp\/wp-json\/wp\/v2\/posts"}],"about":[{"href":"https:\/\/laredsocial-noticias.com\/wp\/wp-json\/wp\/v2\/types\/post"}],"author":[{"embeddable":true,"href":"https:\/\/laredsocial-noticias.com\/wp\/wp-json\/wp\/v2\/users\/1"}],"replies":[{"embeddable":true,"href":"https:\/\/laredsocial-noticias.com\/wp\/wp-json\/wp\/v2\/comments?post=265034"}],"version-history":[{"count":1,"href":"https:\/\/laredsocial-noticias.com\/wp\/wp-json\/wp\/v2\/posts\/265034\/revisions"}],"predecessor-version":[{"id":265035,"href":"https:\/\/laredsocial-noticias.com\/wp\/wp-json\/wp\/v2\/posts\/265034\/revisions\/265035"}],"wp:featuredmedia":[{"embeddable":true,"href":"https:\/\/laredsocial-noticias.com\/wp\/wp-json\/wp\/v2\/media\/265036"}],"wp:attachment":[{"href":"https:\/\/laredsocial-noticias.com\/wp\/wp-json\/wp\/v2\/media?parent=265034"}],"wp:term":[{"taxonomy":"category","embeddable":true,"href":"https:\/\/laredsocial-noticias.com\/wp\/wp-json\/wp\/v2\/categories?post=265034"},{"taxonomy":"post_tag","embeddable":true,"href":"https:\/\/laredsocial-noticias.com\/wp\/wp-json\/wp\/v2\/tags?post=265034"}],"curies":[{"name":"wp","href":"https:\/\/api.w.org\/{rel}","templated":true}]}}