{"id":265505,"date":"2026-03-01T13:18:35","date_gmt":"2026-03-01T19:18:35","guid":{"rendered":"https:\/\/laredsocial-noticias.com\/wp\/?p=265505"},"modified":"2026-03-01T13:19:01","modified_gmt":"2026-03-01T19:19:01","slug":"alpura-vaquitas-presenta-mini-rock-fest-el-primer-festival-ninocentrista-que-pone-a-las-infancias-en-el-centro-del-escenario","status":"publish","type":"post","link":"https:\/\/laredsocial-noticias.com\/wp\/alpura-vaquitas-presenta-mini-rock-fest-el-primer-festival-ninocentrista-que-pone-a-las-infancias-en-el-centro-del-escenario\/","title":{"rendered":"Alpura Vaquitas presenta Mini Rock Fest, el primer festival ni\u00f1ocentrista que pone a las infancias en el centro del escenario"},"content":{"rendered":"<p><i>*Se llevar\u00e1 a cabo el pr\u00f3ximo 18 de abril, de 13:30 a 20:30 horas, en la Ciudad de M\u00e9xico en Av. Insurgentes Centro 1729, Colonia Guadalupe Inn<\/i><\/p>\n<p><i>*Boletos disponibles a trav\u00e9s de Passline en <a href=\"http:\/\/www.passline.com\/eventos\/mini-rock-fest\" target=\"_blank\" rel=\"nofollow noopener noreferrer\">www.passline.com\/eventos\/mini-rock-fest<\/a><\/i><\/p>\n<p>En una ciudad acostumbrada a festivales multitudinarios y carteles pensados casi siempre para p\u00fablicos adultos, emerge una propuesta que cambia por completo el punto de vista: Alpura Vaquitas presenta Mini Rock Fest, el primer festival musical ni\u00f1ocentrista en M\u00e9xico, una experiencia concebida para que ni\u00f1as y ni\u00f1os no sean espectadores secundarios, sino el coraz\u00f3n mismo del evento. La cita ser\u00e1 el pr\u00f3ximo 18 de abril, de 13:30 a 20:30 horas, en la Ciudad de M\u00e9xico en Av. Insurgentes Centro 1729, Colonia Guadalupe Inn en Autocinemas Coyote, con boletos disponibles a trav\u00e9s de Passline en <a href=\"http:\/\/www.passline.com\/eventos\/mini-rock-fest\" target=\"_blank\" rel=\"nofollow noopener noreferrer\">www.passline.com\/eventos\/mini-rock-fest<\/a>.<\/p>\n<p>La idea naci\u00f3 lejos de los escritorios corporativos. Surgi\u00f3 de madres que, tras recorrer una y otra vez opciones de entretenimiento donde la ni\u00f1ez parec\u00eda quedar relegada a un rinc\u00f3n, decidieron preguntarse por qu\u00e9 no exist\u00eda un festival dise\u00f1ado desde la mirada de las infancias. \u00bfPor qu\u00e9 el primer concierto inolvidable tendr\u00eda que esperar a la adolescencia? \u00bfPor qu\u00e9 el ritual colectivo de ver salir a una banda al escenario, de sentir la vibraci\u00f3n del bajo en el pecho, de cantar hasta quedarse sin voz, no pod\u00eda vivirse desde los cuatro a\u00f1os? De esa inquietud genuina naci\u00f3 Mini Rock Fest.<\/p>\n<p>El resultado es un encuentro donde el rock se convierte en lenguaje de libertad y pertenencia. Aqu\u00ed no hay condescendencia ni versiones edulcoradas. El cartel apuesta por propuestas reales, con identidad y trayectoria. Encabezan la jornada Yucat\u00e1n A Go-Go y Los Patita de Perro, nombres fundamentales cuando se habla de rock para infancias en M\u00e9xico, acompa\u00f1ados por Crazysaurios y Los Botes Cantan, agrupaciones que han sabido conectar con nuevas generaciones sin perder contundencia musical. La dimensi\u00f3n internacional la aportan Jack Distortion, desde Chile, a ellos se suman DJ Purple en una faceta especialmente orientada a p\u00fablicos infantiles, Peque\u00f1os Diablillos y La Broma Infinita, completando una programaci\u00f3n diversa y s\u00f3lida.<img loading=\"lazy\" decoding=\"async\" class=\"aligncenter size-large wp-image-18353\" src=\"https:\/\/laredsocial-noticias.com\/wp\/wp-content\/uploads\/2026\/03\/MINI-ROCK-FEST-BMARZO-2026-CARTEL-819x1024.jpg\" alt=\"\" width=\"819\" height=\"1024\" \/><\/p>\n<p>Pero Mini Rock Fest no es \u00fanicamente una sucesi\u00f3n de conciertos. Es una experiencia integral pensada a la altura f\u00edsica y emocional de sus protagonistas. El dise\u00f1o del espacio responde a esa l\u00f3gica: escenarios accesibles, din\u00e1micas seguras y una \u00e9tica comunitaria que redefine incluso el slam. Aqu\u00ed el pogo no es empuj\u00f3n ni caos; es un baile colectivo donde si alguien cae, la m\u00fasica se detiene y todas y todos ayudan a levantarlo. Es una lecci\u00f3n de comunidad en tiempo real.<\/p>\n<p>Mientras el escenario principal vibra, el festival despliega zonas paralelas para estimular la creatividad. Talleres de arte permitir\u00e1n que ni\u00f1as y ni\u00f1os creen piezas visuales al ritmo de la m\u00fasica en vivo; en la Zona Maker podr\u00e1n intervenir prendas, elaborar pulseras o experimentar con est\u00e9ticas rockeras propias; tambi\u00e9n habr\u00e1 espacios de cuentacuentos y magia que expanden la imaginaci\u00f3n. La propuesta contempla \u00e1reas de descanso y una oferta gastron\u00f3mica pensada para que las familias puedan permanecer durante toda la jornada con comodidad.<\/p>\n<p>El respaldo de Alpura Vaquitas refuerza el car\u00e1cter familiar y comunitario del encuentro. La marca se integra como aliado estrat\u00e9gico en una iniciativa que apuesta por el bienestar, la energ\u00eda y la construcci\u00f3n de recuerdos significativos. En un pa\u00eds donde se celebran m\u00e1s de 300 festivales musicales al a\u00f1o, Mini Rock Fest introduce una narrativa distinta: no se trata de adaptar el formato adulto a la ni\u00f1ez, sino de construir desde cero un espacio que reconozca su autonom\u00eda, su sensibilidad y su derecho a vivir experiencias culturales de gran escala.<\/p>\n<p>El horario, de 13:30 a 20:30 horas, fue cuidadosamente elegido para evitar las horas de mayor intensidad solar y permitir que los asistentes m\u00e1s peque\u00f1os regresen a casa con la adrenalina todav\u00eda fresca, pero con tiempo suficiente para descansar. Est\u00e1 especialmente pensado para ni\u00f1as y ni\u00f1os de entre 4 y 12 a\u00f1os, aunque la invitaci\u00f3n es abierta a toda la familia.<\/p>\n<p>Mini Rock Fest se perfila as\u00ed como un momento fundacional para muchas infancias: el d\u00eda en que escucharon su primera guitarra distorsionada en vivo, el d\u00eda en que cantaron junto a cientos de otros mini rockers, el d\u00eda en que entendieron que la m\u00fasica tambi\u00e9n les pertenece. La invitaci\u00f3n es clara: asistir no solo es ir a un festival, es formar parte de un cambio de mirada, de una celebraci\u00f3n colectiva donde el \u201cshhh\u201d se transforma en \u201c\u00a1yeah!\u201d y donde cada ni\u00f1a y cada ni\u00f1o puede sentirse, por fin, en el centro del escenario.<\/p>\n<p>MiniRock Fest se llevar\u00e1 a cabo el pr\u00f3ximo 18 de abril, de 13:30 a 20:30 horas, en la Ciudad de M\u00e9xico en Av. Insurgentes Centro 1729, Colonia Guadalupe Inn. Boletos disponibles a trav\u00e9s de Passline en <a href=\"http:\/\/www.passline.com\/eventos\/mini-rock-fest\" target=\"_blank\" rel=\"nofollow noopener noreferrer\">www.passline.com\/eventos\/mini-rock-fest<\/a><\/p>\n","protected":false},"excerpt":{"rendered":"<p>*Se llevar\u00e1 a cabo el pr\u00f3ximo 18 de abril, de 13:30 a 20:30 horas, en la Ciudad de M\u00e9xico en&#8230;<\/p>\n","protected":false},"author":1,"featured_media":265507,"comment_status":"open","ping_status":"closed","sticky":false,"template":"","format":"standard","meta":{"footnotes":""},"categories":[10720,2778,10827],"tags":[],"class_list":["post-265505","post","type-post","status-publish","format-standard","has-post-thumbnail","hentry","category-entretenimiento","category-espectaculos","category-espectaculos-y-cultura"],"yoast_head":"<!-- This site is optimized with the Yoast SEO plugin v26.5 - https:\/\/yoast.com\/wordpress\/plugins\/seo\/ -->\n<title>Alpura Vaquitas presenta Mini Rock Fest, el primer festival ni\u00f1ocentrista que pone a las infancias en el centro del escenario - NOTICIAS<\/title>\n<meta name=\"robots\" content=\"index, follow, max-snippet:-1, max-image-preview:large, max-video-preview:-1\" \/>\n<link rel=\"canonical\" href=\"https:\/\/laredsocial-noticias.com\/wp\/alpura-vaquitas-presenta-mini-rock-fest-el-primer-festival-ninocentrista-que-pone-a-las-infancias-en-el-centro-del-escenario\/\" \/>\n<meta property=\"og:locale\" content=\"es_ES\" \/>\n<meta property=\"og:type\" content=\"article\" \/>\n<meta property=\"og:title\" content=\"Alpura Vaquitas presenta Mini Rock Fest, el primer festival ni\u00f1ocentrista que pone a las infancias en el centro del escenario - NOTICIAS\" \/>\n<meta property=\"og:description\" content=\"*Se llevar\u00e1 a cabo el pr\u00f3ximo 18 de abril, de 13:30 a 20:30 horas, en la Ciudad de M\u00e9xico en...\" \/>\n<meta property=\"og:url\" content=\"https:\/\/laredsocial-noticias.com\/wp\/alpura-vaquitas-presenta-mini-rock-fest-el-primer-festival-ninocentrista-que-pone-a-las-infancias-en-el-centro-del-escenario\/\" \/>\n<meta property=\"og:site_name\" content=\"NOTICIAS\" \/>\n<meta property=\"article:published_time\" content=\"2026-03-01T19:18:35+00:00\" \/>\n<meta property=\"article:modified_time\" content=\"2026-03-01T19:19:01+00:00\" \/>\n<meta name=\"author\" content=\"Editor en Jefe\" \/>\n<meta name=\"twitter:card\" content=\"summary_large_image\" \/>\n<meta name=\"twitter:label1\" content=\"Escrito por\" \/>\n\t<meta name=\"twitter:data1\" content=\"Editor en Jefe\" \/>\n\t<meta name=\"twitter:label2\" content=\"Tiempo de lectura\" \/>\n\t<meta name=\"twitter:data2\" content=\"4 minutos\" \/>\n<!-- \/ Yoast SEO plugin. -->","yoast_head_json":{"title":"Alpura Vaquitas presenta Mini Rock Fest, el primer festival ni\u00f1ocentrista que pone a las infancias en el centro del escenario - NOTICIAS","robots":{"index":"index","follow":"follow","max-snippet":"max-snippet:-1","max-image-preview":"max-image-preview:large","max-video-preview":"max-video-preview:-1"},"canonical":"https:\/\/laredsocial-noticias.com\/wp\/alpura-vaquitas-presenta-mini-rock-fest-el-primer-festival-ninocentrista-que-pone-a-las-infancias-en-el-centro-del-escenario\/","og_locale":"es_ES","og_type":"article","og_title":"Alpura Vaquitas presenta Mini Rock Fest, el primer festival ni\u00f1ocentrista que pone a las infancias en el centro del escenario - NOTICIAS","og_description":"*Se llevar\u00e1 a cabo el pr\u00f3ximo 18 de abril, de 13:30 a 20:30 horas, en la Ciudad de M\u00e9xico en...","og_url":"https:\/\/laredsocial-noticias.com\/wp\/alpura-vaquitas-presenta-mini-rock-fest-el-primer-festival-ninocentrista-que-pone-a-las-infancias-en-el-centro-del-escenario\/","og_site_name":"NOTICIAS","article_published_time":"2026-03-01T19:18:35+00:00","article_modified_time":"2026-03-01T19:19:01+00:00","author":"Editor en Jefe","twitter_card":"summary_large_image","twitter_misc":{"Escrito por":"Editor en Jefe","Tiempo de lectura":"4 minutos"},"schema":{"@context":"https:\/\/schema.org","@graph":[{"@type":"WebPage","@id":"https:\/\/laredsocial-noticias.com\/wp\/alpura-vaquitas-presenta-mini-rock-fest-el-primer-festival-ninocentrista-que-pone-a-las-infancias-en-el-centro-del-escenario\/","url":"https:\/\/laredsocial-noticias.com\/wp\/alpura-vaquitas-presenta-mini-rock-fest-el-primer-festival-ninocentrista-que-pone-a-las-infancias-en-el-centro-del-escenario\/","name":"Alpura Vaquitas presenta Mini Rock Fest, el primer festival ni\u00f1ocentrista que pone a las infancias en el centro del escenario - NOTICIAS","isPartOf":{"@id":"https:\/\/laredsocial-noticias.com\/wp\/#website"},"primaryImageOfPage":{"@id":"https:\/\/laredsocial-noticias.com\/wp\/alpura-vaquitas-presenta-mini-rock-fest-el-primer-festival-ninocentrista-que-pone-a-las-infancias-en-el-centro-del-escenario\/#primaryimage"},"image":{"@id":"https:\/\/laredsocial-noticias.com\/wp\/alpura-vaquitas-presenta-mini-rock-fest-el-primer-festival-ninocentrista-que-pone-a-las-infancias-en-el-centro-del-escenario\/#primaryimage"},"thumbnailUrl":"https:\/\/laredsocial-noticias.com\/wp\/wp-content\/uploads\/2026\/03\/MINI-ROCK-FEST-CARTEL2-e1772392688447.jpg","datePublished":"2026-03-01T19:18:35+00:00","dateModified":"2026-03-01T19:19:01+00:00","author":{"@id":"https:\/\/laredsocial-noticias.com\/wp\/#\/schema\/person\/0ce78643f2de7aae6f6ef10e8453a6e0"},"breadcrumb":{"@id":"https:\/\/laredsocial-noticias.com\/wp\/alpura-vaquitas-presenta-mini-rock-fest-el-primer-festival-ninocentrista-que-pone-a-las-infancias-en-el-centro-del-escenario\/#breadcrumb"},"inLanguage":"es","potentialAction":[{"@type":"ReadAction","target":["https:\/\/laredsocial-noticias.com\/wp\/alpura-vaquitas-presenta-mini-rock-fest-el-primer-festival-ninocentrista-que-pone-a-las-infancias-en-el-centro-del-escenario\/"]}]},{"@type":"ImageObject","inLanguage":"es","@id":"https:\/\/laredsocial-noticias.com\/wp\/alpura-vaquitas-presenta-mini-rock-fest-el-primer-festival-ninocentrista-que-pone-a-las-infancias-en-el-centro-del-escenario\/#primaryimage","url":"https:\/\/laredsocial-noticias.com\/wp\/wp-content\/uploads\/2026\/03\/MINI-ROCK-FEST-CARTEL2-e1772392688447.jpg","contentUrl":"https:\/\/laredsocial-noticias.com\/wp\/wp-content\/uploads\/2026\/03\/MINI-ROCK-FEST-CARTEL2-e1772392688447.jpg","width":1440,"height":710},{"@type":"BreadcrumbList","@id":"https:\/\/laredsocial-noticias.com\/wp\/alpura-vaquitas-presenta-mini-rock-fest-el-primer-festival-ninocentrista-que-pone-a-las-infancias-en-el-centro-del-escenario\/#breadcrumb","itemListElement":[{"@type":"ListItem","position":1,"name":"Portada","item":"https:\/\/laredsocial-noticias.com\/wp\/"},{"@type":"ListItem","position":2,"name":"Alpura Vaquitas presenta Mini Rock Fest, el primer festival ni\u00f1ocentrista que pone a las infancias en el centro del escenario"}]},{"@type":"WebSite","@id":"https:\/\/laredsocial-noticias.com\/wp\/#website","url":"https:\/\/laredsocial-noticias.com\/wp\/","name":"NOTICIAS","description":"Lo que se ve y se dice en las redes sociales","potentialAction":[{"@type":"SearchAction","target":{"@type":"EntryPoint","urlTemplate":"https:\/\/laredsocial-noticias.com\/wp\/?s={search_term_string}"},"query-input":{"@type":"PropertyValueSpecification","valueRequired":true,"valueName":"search_term_string"}}],"inLanguage":"es"},{"@type":"Person","@id":"https:\/\/laredsocial-noticias.com\/wp\/#\/schema\/person\/0ce78643f2de7aae6f6ef10e8453a6e0","name":"Editor en Jefe","url":"https:\/\/laredsocial-noticias.com\/wp\/author\/jorgeochoa\/"}]}},"_links":{"self":[{"href":"https:\/\/laredsocial-noticias.com\/wp\/wp-json\/wp\/v2\/posts\/265505","targetHints":{"allow":["GET"]}}],"collection":[{"href":"https:\/\/laredsocial-noticias.com\/wp\/wp-json\/wp\/v2\/posts"}],"about":[{"href":"https:\/\/laredsocial-noticias.com\/wp\/wp-json\/wp\/v2\/types\/post"}],"author":[{"embeddable":true,"href":"https:\/\/laredsocial-noticias.com\/wp\/wp-json\/wp\/v2\/users\/1"}],"replies":[{"embeddable":true,"href":"https:\/\/laredsocial-noticias.com\/wp\/wp-json\/wp\/v2\/comments?post=265505"}],"version-history":[{"count":1,"href":"https:\/\/laredsocial-noticias.com\/wp\/wp-json\/wp\/v2\/posts\/265505\/revisions"}],"predecessor-version":[{"id":265506,"href":"https:\/\/laredsocial-noticias.com\/wp\/wp-json\/wp\/v2\/posts\/265505\/revisions\/265506"}],"wp:featuredmedia":[{"embeddable":true,"href":"https:\/\/laredsocial-noticias.com\/wp\/wp-json\/wp\/v2\/media\/265507"}],"wp:attachment":[{"href":"https:\/\/laredsocial-noticias.com\/wp\/wp-json\/wp\/v2\/media?parent=265505"}],"wp:term":[{"taxonomy":"category","embeddable":true,"href":"https:\/\/laredsocial-noticias.com\/wp\/wp-json\/wp\/v2\/categories?post=265505"},{"taxonomy":"post_tag","embeddable":true,"href":"https:\/\/laredsocial-noticias.com\/wp\/wp-json\/wp\/v2\/tags?post=265505"}],"curies":[{"name":"wp","href":"https:\/\/api.w.org\/{rel}","templated":true}]}}