{"id":265749,"date":"2026-03-05T12:10:33","date_gmt":"2026-03-05T18:10:33","guid":{"rendered":"https:\/\/laredsocial-noticias.com\/wp\/?p=265749"},"modified":"2026-03-05T12:11:09","modified_gmt":"2026-03-05T18:11:09","slug":"muere-antonio-lobo-antunes-el-psiquiatra-y-autor-que-escribia-locuras-estructuradas","status":"publish","type":"post","link":"https:\/\/laredsocial-noticias.com\/wp\/muere-antonio-lobo-antunes-el-psiquiatra-y-autor-que-escribia-locuras-estructuradas\/","title":{"rendered":"Muere Ant\u00f3nio Lobo Antunes, el psiquiatra y autor que escrib\u00eda &#8220;locuras estructuradas&#8221;"},"content":{"rendered":"<p>Si bien el psiquiatra y escritor Ant\u00f3nio Lobo Antunes dec\u00eda que los libros no eran m\u00e1s que &#8220;locuras estructuradas&#8221;, alcanz\u00f3 tal estatura literaria que, ante su fallecimiento este jueves a sus 83 a\u00f1os de edad, el Gobierno de Portugal celebrar\u00e1 un d\u00eda de luto nacional el pr\u00f3ximo s\u00e1bado.<\/p>\n<p>Durante una visita a Barcelona en 2019 para presentar &#8220;De la naturaleza de los dioses&#8221;, Lobo Antunes reivindic\u00f3 la libertad con la frase &#8220;alguien dijo una vez: &#8216;hagamos lo que queramos, que siempre dir\u00e1n que estamos locos'&#8221;.<\/p>\n<p>\u00c9l mismo dio rienda suelta a su libertad creativa en m\u00e1s de tres decenas de novelas donde la soledad, la muerte, el amor, la locura y la guerra colonial fueron los temas recurrentes que le llevaron a ser uno de los escritores m\u00e1s reconocidos de la lengua portuguesa.<\/p>\n<p>&#8220;Las im\u00e1genes me llegan sin saber muy bien c\u00f3mo ni de d\u00f3nde\u201d, dijo Lobo Antunes en una entrevista al semanario portugu\u00e9s &#8220;Expresso&#8221;, donde el escritor explicaba que nunca planeaba c\u00f3mo escribir sus novelas.<br \/>\nUn psiquiatra en la guerra<\/p>\n<p>Nacido en Lisboa en 1942, en el seno de una familia de la burgues\u00eda portuguesa, estudi\u00f3 Medicina y se especializ\u00f3 en Psiquiatr\u00eda. Como m\u00e9dico militar estuvo en Angola durante la guerra colonial, lo que marc\u00f3 de manera decisiva su obra.<\/p>\n<p>En 1979 hizo su debut literario en Portugal con &#8220;Mem\u00f3ria de elefante&#8221; (&#8220;Memoria de elefante&#8217;) y, en el mismo a\u00f1o, lanz\u00f3 &#8220;Os cus de Judas&#8221; (literalmente, Los asnos de judas; publicada en espa\u00f1ol como &#8220;En el culo del mundo&#8221;), basada en su experiencia en Angola y que lo consagr\u00f3 como una de las voces m\u00e1s poderosas de la literatura portuguesa.<\/p>\n<p>Ant\u00f3nio Lobo Antunes empez\u00f3 a escribir porque le\u00eda &#8220;los c\u00f3mics de Flash Gordon, el pato Donald y Tint\u00edn&#8221;, confes\u00f3 en una entrevista con EFE en 2005, en la que tambi\u00e9n habl\u00f3 de su respeto por Cervantes y revel\u00f3 que el escritor espa\u00f1ol que m\u00e1s le deslumbraba era Francisco de Quevedo.<\/p>\n<p>&#8220;Para m\u00ed, Sandokan tuvo m\u00e1s importancia que el Quijote y Cor\u00edn Tellado que Cervantes, porque las empleadas de mi madre lo le\u00edan y yo tambi\u00e9n&#8221;, asegur\u00f3.<br \/>\nUn premio o dos al a\u00f1o<\/p>\n<p>A lo largo de su trayectoria siempre son\u00f3 como candidato al Premio Nobel de Literatura, que nunca recibi\u00f3, pero s\u00ed gan\u00f3 numerosos reconocimientos como el prestigioso Premio Cam\u00f5es en 2007 por ser &#8220;un autor l\u00facido y cr\u00edtico de la realidad literaria&#8221; con un uso de la lengua portuguesa con maestr\u00eda.<br \/>\nEn honor de Ant\u00f3nio Lobo Antunes este s\u00e1bado se har\u00e1 un d\u00eda de luto nacional en Portugal<br \/>\nAnt\u00f3nio Lobo Antunes en 1991. Cr\u00e9dito: Reuters<\/p>\n<p>Sobre los galardones, el escritor dijo a EFE que todos los a\u00f1os le daban un premio o dos pero que eso no cambiaba nada: &#8220;Es evidente que los premios son agradables, sobre todo si vienen acompa\u00f1ados de dinero. Los premios son fen\u00f3menos medi\u00e1ticos y me parece que tienen poco ver con la literatura&#8221;, coment\u00f3.<\/p>\n<p>Sobre su rivalidad con el Premio Nobel de Literatura en 1988, Jos\u00e9 Saramago (1922-2010), el autor se\u00f1al\u00f3 que no ten\u00eda ni buena ni mala relaci\u00f3n con \u00e9l, pero que no estaba en su c\u00edrculo de relaciones, aunque admiti\u00f3 que conoc\u00eda a pocos escritores.<br \/>\nHomenaje nacional<\/p>\n<p>El Consejo de Ministros de Portugal, que en su reuni\u00f3n semanal de este jueves estuvo encabezado por el presidente del pa\u00eds, Marcelo Rebelo de Sousa \u2014quien se despide del cargo el lunes\u2014 aprob\u00f3 un decreto para la celebraci\u00f3n del d\u00eda de luto nacional en honor de Lobo Antunes.<\/p>\n<p>De acuerdo con un comunicado, el consejo propuso a Rebelo de Sousa concederle a t\u00edtulo p\u00f3stumo el Gran Collar de la Orden de Cam\u00f5es, la m\u00e1xima insignia de la literatura portuguesa, lo que el mandatario acept\u00f3.<\/p>\n<p>Por su parte, Rebelo de Sousa record\u00f3 en un comunicado publicado en la web de la presidencia que como &#8220;lector, admirador y amigo&#8221;, ya concedi\u00f3 a Lobo Antunes en 2022 la insignia de la Gran Cruz de la Orden de Cam\u00f5es, una orden honoraria que distingue a los que hayan prestado &#8220;servicios relevantes a la lengua portuguesa y a su proyecci\u00f3n en el mundo&#8221;.<\/p>\n<p>Rebelo de Sousa agreg\u00f3 que ya ha transmitido sus condolencias a la familia del escritor, que deja &#8220;una bibliograf\u00eda vasta, visceral, sofisticada en t\u00e9rminos narrativos, atenta a lo cotidiano y que rinde tributo a experiencias como la guerra y la pr\u00e1ctica cl\u00ednica de la psiquiatr\u00eda&#8221;.<\/p>\n<p>El presidente asegur\u00f3 que no ha habido &#8220;nadie&#8221; que haya sido m\u00e1s imitado por las siguientes generaciones, y que &#8220;pocos fueron tan le\u00eddos, traducidos, premiados y estudiados&#8221;.<\/p>\n","protected":false},"excerpt":{"rendered":"<p>Si bien el psiquiatra y escritor Ant\u00f3nio Lobo Antunes dec\u00eda que los libros no eran m\u00e1s que &#8220;locuras estructuradas&#8221;, alcanz\u00f3&#8230;<\/p>\n","protected":false},"author":1,"featured_media":265751,"comment_status":"open","ping_status":"closed","sticky":false,"template":"","format":"standard","meta":{"footnotes":""},"categories":[2851,946],"tags":[],"class_list":["post-265749","post","type-post","status-publish","format-standard","has-post-thumbnail","hentry","category-cultura","category-cultura-y-entretenimiento"],"yoast_head":"<!-- This site is optimized with the Yoast SEO plugin v26.5 - https:\/\/yoast.com\/wordpress\/plugins\/seo\/ -->\n<title>Muere Ant\u00f3nio Lobo Antunes, el psiquiatra y autor que escrib\u00eda &quot;locuras estructuradas&quot; - NOTICIAS<\/title>\n<meta name=\"robots\" content=\"index, follow, max-snippet:-1, max-image-preview:large, max-video-preview:-1\" \/>\n<link rel=\"canonical\" href=\"https:\/\/laredsocial-noticias.com\/wp\/muere-antonio-lobo-antunes-el-psiquiatra-y-autor-que-escribia-locuras-estructuradas\/\" \/>\n<meta property=\"og:locale\" content=\"es_ES\" \/>\n<meta property=\"og:type\" content=\"article\" \/>\n<meta property=\"og:title\" content=\"Muere Ant\u00f3nio Lobo Antunes, el psiquiatra y autor que escrib\u00eda &quot;locuras estructuradas&quot; - NOTICIAS\" \/>\n<meta property=\"og:description\" content=\"Si bien el psiquiatra y escritor Ant\u00f3nio Lobo Antunes dec\u00eda que los libros no eran m\u00e1s que &#8220;locuras estructuradas&#8221;, alcanz\u00f3...\" \/>\n<meta property=\"og:url\" content=\"https:\/\/laredsocial-noticias.com\/wp\/muere-antonio-lobo-antunes-el-psiquiatra-y-autor-que-escribia-locuras-estructuradas\/\" \/>\n<meta property=\"og:site_name\" content=\"NOTICIAS\" \/>\n<meta property=\"article:published_time\" content=\"2026-03-05T18:10:33+00:00\" \/>\n<meta property=\"article:modified_time\" content=\"2026-03-05T18:11:09+00:00\" \/>\n<meta name=\"author\" content=\"Editor en Jefe\" \/>\n<meta name=\"twitter:card\" content=\"summary_large_image\" \/>\n<meta name=\"twitter:label1\" content=\"Escrito por\" \/>\n\t<meta name=\"twitter:data1\" content=\"Editor en Jefe\" \/>\n\t<meta name=\"twitter:label2\" content=\"Tiempo de lectura\" \/>\n\t<meta name=\"twitter:data2\" content=\"4 minutos\" \/>\n<!-- \/ Yoast SEO plugin. -->","yoast_head_json":{"title":"Muere Ant\u00f3nio Lobo Antunes, el psiquiatra y autor que escrib\u00eda \"locuras estructuradas\" - NOTICIAS","robots":{"index":"index","follow":"follow","max-snippet":"max-snippet:-1","max-image-preview":"max-image-preview:large","max-video-preview":"max-video-preview:-1"},"canonical":"https:\/\/laredsocial-noticias.com\/wp\/muere-antonio-lobo-antunes-el-psiquiatra-y-autor-que-escribia-locuras-estructuradas\/","og_locale":"es_ES","og_type":"article","og_title":"Muere Ant\u00f3nio Lobo Antunes, el psiquiatra y autor que escrib\u00eda \"locuras estructuradas\" - NOTICIAS","og_description":"Si bien el psiquiatra y escritor Ant\u00f3nio Lobo Antunes dec\u00eda que los libros no eran m\u00e1s que &#8220;locuras estructuradas&#8221;, alcanz\u00f3...","og_url":"https:\/\/laredsocial-noticias.com\/wp\/muere-antonio-lobo-antunes-el-psiquiatra-y-autor-que-escribia-locuras-estructuradas\/","og_site_name":"NOTICIAS","article_published_time":"2026-03-05T18:10:33+00:00","article_modified_time":"2026-03-05T18:11:09+00:00","author":"Editor en Jefe","twitter_card":"summary_large_image","twitter_misc":{"Escrito por":"Editor en Jefe","Tiempo de lectura":"4 minutos"},"schema":{"@context":"https:\/\/schema.org","@graph":[{"@type":"WebPage","@id":"https:\/\/laredsocial-noticias.com\/wp\/muere-antonio-lobo-antunes-el-psiquiatra-y-autor-que-escribia-locuras-estructuradas\/","url":"https:\/\/laredsocial-noticias.com\/wp\/muere-antonio-lobo-antunes-el-psiquiatra-y-autor-que-escribia-locuras-estructuradas\/","name":"Muere Ant\u00f3nio Lobo Antunes, el psiquiatra y autor que escrib\u00eda \"locuras estructuradas\" - NOTICIAS","isPartOf":{"@id":"https:\/\/laredsocial-noticias.com\/wp\/#website"},"primaryImageOfPage":{"@id":"https:\/\/laredsocial-noticias.com\/wp\/muere-antonio-lobo-antunes-el-psiquiatra-y-autor-que-escribia-locuras-estructuradas\/#primaryimage"},"image":{"@id":"https:\/\/laredsocial-noticias.com\/wp\/muere-antonio-lobo-antunes-el-psiquiatra-y-autor-que-escribia-locuras-estructuradas\/#primaryimage"},"thumbnailUrl":"https:\/\/laredsocial-noticias.com\/wp\/wp-content\/uploads\/2026\/03\/69a95a5229d48.jpeg","datePublished":"2026-03-05T18:10:33+00:00","dateModified":"2026-03-05T18:11:09+00:00","author":{"@id":"https:\/\/laredsocial-noticias.com\/wp\/#\/schema\/person\/0ce78643f2de7aae6f6ef10e8453a6e0"},"breadcrumb":{"@id":"https:\/\/laredsocial-noticias.com\/wp\/muere-antonio-lobo-antunes-el-psiquiatra-y-autor-que-escribia-locuras-estructuradas\/#breadcrumb"},"inLanguage":"es","potentialAction":[{"@type":"ReadAction","target":["https:\/\/laredsocial-noticias.com\/wp\/muere-antonio-lobo-antunes-el-psiquiatra-y-autor-que-escribia-locuras-estructuradas\/"]}]},{"@type":"ImageObject","inLanguage":"es","@id":"https:\/\/laredsocial-noticias.com\/wp\/muere-antonio-lobo-antunes-el-psiquiatra-y-autor-que-escribia-locuras-estructuradas\/#primaryimage","url":"https:\/\/laredsocial-noticias.com\/wp\/wp-content\/uploads\/2026\/03\/69a95a5229d48.jpeg","contentUrl":"https:\/\/laredsocial-noticias.com\/wp\/wp-content\/uploads\/2026\/03\/69a95a5229d48.jpeg","width":1200,"height":800},{"@type":"BreadcrumbList","@id":"https:\/\/laredsocial-noticias.com\/wp\/muere-antonio-lobo-antunes-el-psiquiatra-y-autor-que-escribia-locuras-estructuradas\/#breadcrumb","itemListElement":[{"@type":"ListItem","position":1,"name":"Portada","item":"https:\/\/laredsocial-noticias.com\/wp\/"},{"@type":"ListItem","position":2,"name":"Muere Ant\u00f3nio Lobo Antunes, el psiquiatra y autor que escrib\u00eda &#8220;locuras estructuradas&#8221;"}]},{"@type":"WebSite","@id":"https:\/\/laredsocial-noticias.com\/wp\/#website","url":"https:\/\/laredsocial-noticias.com\/wp\/","name":"NOTICIAS","description":"Lo que se ve y se dice en las redes sociales","potentialAction":[{"@type":"SearchAction","target":{"@type":"EntryPoint","urlTemplate":"https:\/\/laredsocial-noticias.com\/wp\/?s={search_term_string}"},"query-input":{"@type":"PropertyValueSpecification","valueRequired":true,"valueName":"search_term_string"}}],"inLanguage":"es"},{"@type":"Person","@id":"https:\/\/laredsocial-noticias.com\/wp\/#\/schema\/person\/0ce78643f2de7aae6f6ef10e8453a6e0","name":"Editor en Jefe","url":"https:\/\/laredsocial-noticias.com\/wp\/author\/jorgeochoa\/"}]}},"_links":{"self":[{"href":"https:\/\/laredsocial-noticias.com\/wp\/wp-json\/wp\/v2\/posts\/265749","targetHints":{"allow":["GET"]}}],"collection":[{"href":"https:\/\/laredsocial-noticias.com\/wp\/wp-json\/wp\/v2\/posts"}],"about":[{"href":"https:\/\/laredsocial-noticias.com\/wp\/wp-json\/wp\/v2\/types\/post"}],"author":[{"embeddable":true,"href":"https:\/\/laredsocial-noticias.com\/wp\/wp-json\/wp\/v2\/users\/1"}],"replies":[{"embeddable":true,"href":"https:\/\/laredsocial-noticias.com\/wp\/wp-json\/wp\/v2\/comments?post=265749"}],"version-history":[{"count":1,"href":"https:\/\/laredsocial-noticias.com\/wp\/wp-json\/wp\/v2\/posts\/265749\/revisions"}],"predecessor-version":[{"id":265750,"href":"https:\/\/laredsocial-noticias.com\/wp\/wp-json\/wp\/v2\/posts\/265749\/revisions\/265750"}],"wp:featuredmedia":[{"embeddable":true,"href":"https:\/\/laredsocial-noticias.com\/wp\/wp-json\/wp\/v2\/media\/265751"}],"wp:attachment":[{"href":"https:\/\/laredsocial-noticias.com\/wp\/wp-json\/wp\/v2\/media?parent=265749"}],"wp:term":[{"taxonomy":"category","embeddable":true,"href":"https:\/\/laredsocial-noticias.com\/wp\/wp-json\/wp\/v2\/categories?post=265749"},{"taxonomy":"post_tag","embeddable":true,"href":"https:\/\/laredsocial-noticias.com\/wp\/wp-json\/wp\/v2\/tags?post=265749"}],"curies":[{"name":"wp","href":"https:\/\/api.w.org\/{rel}","templated":true}]}}