{"id":265764,"date":"2026-03-05T12:39:39","date_gmt":"2026-03-05T18:39:39","guid":{"rendered":"https:\/\/laredsocial-noticias.com\/wp\/?p=265764"},"modified":"2026-03-05T12:39:40","modified_gmt":"2026-03-05T18:39:40","slug":"de-la-ciudad-proponen-rehabilitacion-de-centro-historico-cdmx","status":"publish","type":"post","link":"https:\/\/laredsocial-noticias.com\/wp\/de-la-ciudad-proponen-rehabilitacion-de-centro-historico-cdmx\/","title":{"rendered":"De la Ciudad&#8230; Proponen rehabilitaci\u00f3n de Centro Hist\u00f3rico CDMX"},"content":{"rendered":"<div class=\"wp-block-image\">\n<figure class=\"aligncenter size-full is-resized\"><img loading=\"lazy\" decoding=\"async\" width=\"810\" height=\"594\" src=\"https:\/\/laredsocial-noticias.com\/wp\/wp-content\/uploads\/2026\/03\/IMG-20251120-WA0044.jpg\" alt=\"\" class=\"wp-image-265765\" style=\"aspect-ratio:1.3636363751179141;width:401px;height:auto\" srcset=\"https:\/\/laredsocial-noticias.com\/wp\/wp-content\/uploads\/2026\/03\/IMG-20251120-WA0044.jpg 810w, https:\/\/laredsocial-noticias.com\/wp\/wp-content\/uploads\/2026\/03\/IMG-20251120-WA0044-300x220.jpg 300w, https:\/\/laredsocial-noticias.com\/wp\/wp-content\/uploads\/2026\/03\/IMG-20251120-WA0044-768x563.jpg 768w, https:\/\/laredsocial-noticias.com\/wp\/wp-content\/uploads\/2026\/03\/IMG-20251120-WA0044-380x280.jpg 380w\" sizes=\"auto, (max-width: 810px) 100vw, 810px\" \/><\/figure>\n<\/div>\n\n\n<p><strong>*Acercamiento con vecinos en Iztacalco<\/strong><\/p>\n\n\n\n<figure class=\"wp-block-image size-full is-resized\"><img loading=\"lazy\" decoding=\"async\" width=\"291\" height=\"474\" src=\"https:\/\/laredsocial-noticias.com\/wp\/wp-content\/uploads\/2026\/03\/image.jpg\" alt=\"\" class=\"wp-image-265766\" style=\"width:107px;height:auto\" srcset=\"https:\/\/laredsocial-noticias.com\/wp\/wp-content\/uploads\/2026\/03\/image.jpg 291w, https:\/\/laredsocial-noticias.com\/wp\/wp-content\/uploads\/2026\/03\/image-184x300.jpg 184w\" sizes=\"auto, (max-width: 291px) 100vw, 291px\" \/><\/figure>\n\n\n\n<p><strong>Por Guillermo Pimentel Balderas<\/strong><\/p>\n\n\n\n<p>\u00bfPor qu\u00e9 el Centro Hist\u00f3rico de la ciudad de M\u00e9xico es un referente nacional y un tesoro mundial reconocido por la UNESCO desde 1987?&#8230; Bueno\u2026, pues con recordar que, con una afluencia diaria de casi medio mill\u00f3n de personas, este espacio alberga: 1,652 monumentos hist\u00f3ricos reconocidos por el INAH; 1,597 monumentos art\u00edsticos identificados por el Instituto Nacional de Bellas Artes y Literatura (INBAL), entre ellos joyas arquitect\u00f3nicas como el Templo Mayor, la Catedral Metropolitana y el Palacio de Bellas Artes.<\/p>\n\n\n<div class=\"wp-block-image\">\n<figure class=\"alignright size-full is-resized\"><img loading=\"lazy\" decoding=\"async\" width=\"900\" height=\"588\" src=\"https:\/\/laredsocial-noticias.com\/wp\/wp-content\/uploads\/2026\/03\/IMG-20251120-WA0043.jpg\" alt=\"\" class=\"wp-image-265767\" style=\"aspect-ratio:1.530600438239664;width:317px;height:auto\" srcset=\"https:\/\/laredsocial-noticias.com\/wp\/wp-content\/uploads\/2026\/03\/IMG-20251120-WA0043.jpg 900w, https:\/\/laredsocial-noticias.com\/wp\/wp-content\/uploads\/2026\/03\/IMG-20251120-WA0043-300x196.jpg 300w, https:\/\/laredsocial-noticias.com\/wp\/wp-content\/uploads\/2026\/03\/IMG-20251120-WA0043-768x502.jpg 768w\" sizes=\"auto, (max-width: 900px) 100vw, 900px\" \/><\/figure>\n<\/div>\n\n\n<p>Por estas y otras razones m\u00e1s es que el diputado Pablo Trejo P\u00e9rez propuso ante el pleno del Congreso de la Ciudad de M\u00e9xico un punto de acuerdo fundamental para la preservaci\u00f3n del coraz\u00f3n de la capital para que, la Secretar\u00eda de Administraci\u00f3n y Finanzas, en coordinaci\u00f3n con la Autoridad y el Fideicomiso del Centro Hist\u00f3rico, \u201ceval\u00fae destinar un porcentaje de la recaudaci\u00f3n generada en la zona directamente a su rehabilitaci\u00f3n y mantenimiento\u201d.<\/p>\n\n\n\n<p>El Diputado por el Distrito 15 de Iztacalco no dejo pasar que, a pesar de los esfuerzos institucionales desde la creaci\u00f3n del Fideicomiso en 2002, el deterioro progresivo causado por el uso intensivo y fen\u00f3menos naturales como los sismos exige una estrategia m\u00e1s robusta.<\/p>\n\n\n<div class=\"wp-block-image\">\n<figure class=\"alignright size-large is-resized\"><img loading=\"lazy\" decoding=\"async\" width=\"511\" height=\"1024\" src=\"https:\/\/laredsocial-noticias.com\/wp\/wp-content\/uploads\/2026\/03\/IMG_20260303_1302447372-511x1024.jpg\" alt=\"\" class=\"wp-image-265769\" style=\"aspect-ratio:0.49903038138332256;width:129px;height:auto\" srcset=\"https:\/\/laredsocial-noticias.com\/wp\/wp-content\/uploads\/2026\/03\/IMG_20260303_1302447372-511x1024.jpg 511w, https:\/\/laredsocial-noticias.com\/wp\/wp-content\/uploads\/2026\/03\/IMG_20260303_1302447372-150x300.jpg 150w, https:\/\/laredsocial-noticias.com\/wp\/wp-content\/uploads\/2026\/03\/IMG_20260303_1302447372-768x1538.jpg 768w, https:\/\/laredsocial-noticias.com\/wp\/wp-content\/uploads\/2026\/03\/IMG_20260303_1302447372-767x1536.jpg 767w, https:\/\/laredsocial-noticias.com\/wp\/wp-content\/uploads\/2026\/03\/IMG_20260303_1302447372.jpg 918w\" sizes=\"auto, (max-width: 511px) 100vw, 511px\" \/><\/figure>\n<\/div>\n\n\n<p>Explica en entrevista que, la Constituci\u00f3n de la Ciudad de M\u00e9xico define al patrimonio cultural como un bien colectivo y una prioridad de orden p\u00fablico y, ante ello, \u201crevitalizar el Centro Hist\u00f3rico requiere que, la riqueza que \u00e9ste mismo genera, sirva, en justa medida, para su propio rescate y mantenimiento\u201d.<\/p>\n\n\n\n<p>En el punto de acuerdo, dijo (como lo expuse ante el pleno), se solicita formalmente la instalaci\u00f3n de mesas de trabajo t\u00e9cnicas para analizar la viabilidad financiera de este esquema de reinversi\u00f3n.<\/p>\n\n\n\n<p>\u201cEl objetivo es garantizar que el pol\u00edgono de la declaratoria de patrimonio mundial cuente con recursos etiquetados para la mejora de inmuebles hist\u00f3ricos y del espacio p\u00fablico, asegurando su legado para las futuras generaciones\u201d, detalla. La propuesta fue turnada a las Comisiones Unidas de Presupuesto y Cuenta P\u00fablica y de Hacienda.<\/p>\n\n\n\n<p><strong>Escuchar a la gente de frente<\/strong><\/p>\n\n\n<div class=\"wp-block-image\">\n<figure class=\"aligncenter size-large is-resized\"><img loading=\"lazy\" decoding=\"async\" width=\"1024\" height=\"768\" src=\"https:\/\/laredsocial-noticias.com\/wp\/wp-content\/uploads\/2026\/03\/IMG-20260301-WA0066-1024x768.jpg\" alt=\"\" class=\"wp-image-265768\" style=\"width:468px;height:auto\" srcset=\"https:\/\/laredsocial-noticias.com\/wp\/wp-content\/uploads\/2026\/03\/IMG-20260301-WA0066-1024x768.jpg 1024w, https:\/\/laredsocial-noticias.com\/wp\/wp-content\/uploads\/2026\/03\/IMG-20260301-WA0066-300x225.jpg 300w, https:\/\/laredsocial-noticias.com\/wp\/wp-content\/uploads\/2026\/03\/IMG-20260301-WA0066-768x576.jpg 768w, https:\/\/laredsocial-noticias.com\/wp\/wp-content\/uploads\/2026\/03\/IMG-20260301-WA0066-1536x1152.jpg 1536w, https:\/\/laredsocial-noticias.com\/wp\/wp-content\/uploads\/2026\/03\/IMG-20260301-WA0066-2048x1536.jpg 2048w\" sizes=\"auto, (max-width: 1024px) 100vw, 1024px\" \/><\/figure>\n<\/div>\n\n\n<p>Por otra parte, el legislador capitalino platic\u00f3 que, tuvo un acercamiento con vecinos y militancia de Morena en la colonia Agr\u00edcola Pantitl\u00e1n, Iztacalco donde particip\u00f3 en M\u00f3dulos para escuchar a la gente de frente para atender sus propuestas y fortalecer la organizaci\u00f3n desde lo cotidiano.<\/p>\n\n\n\n<p>Los invit\u00f3 a participar bajo la premisa de que, desde el movimiento se construye con presencia, di\u00e1logo y compromiso real. Destac\u00f3 avances nacionales y locales como por ejemplo que, para Iztacalco se ha aumentado el presupuesto estos dos a\u00f1os en m\u00e1s del 16 % lo cual es parte de los avances significativos que los gobiernos de Morena han tenido.<\/p>\n\n\n\n<p>En cuanto a los logros en la Ciudad de M\u00e9xico, se\u00f1al\u00f3 que se liberaron casi 80 mil millones de pesos para obra p\u00fablica y bienestar sin aumentar impuestos, siendo la capital el gobierno subnacional mejor evaluado de Am\u00e9rica Latina en manejo de deuda.<\/p>\n\n\n\n<p>Mencion\u00f3 que la inversi\u00f3n extranjera alcanz\u00f3 el 34% del total nacional y se generaron cerca de 135 mil empleos. En seguridad, resalt\u00f3 que los homicidios intencionales diarios cayeron un 51% y los cr\u00edmenes de alto impacto un 58 %, mientras que la percepci\u00f3n de inseguridad disminuy\u00f3 37 % para 2024.<\/p>\n\n\n\n<p>\u00bfInversi\u00f3n\u2026? fue de 2,455 millones de pesos en escuelas, la instalaci\u00f3n de 294 centros Pilares y el cumplimiento del 98.5 % de las metas del programa ambiental, reduciendo m\u00e1s de dos millones de toneladas de emisiones y reactivando 2 mil chinampas. Adem\u00e1s, enfatiz\u00f3 la remodelaci\u00f3n de la Central de Abastos y el mercado de La Merced con una planta solar de 18 megawatts.<\/p>\n\n\n\n<p>Pablo Trejo al exponer los avances a nivel nacional, subraya que de 2018 a 2024 un total de 13.5 millones de mexicanos salieron de la pobreza y la brecha de desigualdad disminuy\u00f3 de 27 a 14 veces, siendo M\u00e9xico el segundo pa\u00eds con menor desigualdad de Am\u00e9rica.<\/p>\n\n\n\n<p>\u00bfEl salario m\u00ednimo\u2026? \u201crecuper\u00f3 el 131% de su poder adquisitivo y la tasa de desempleo baj\u00f3 a un m\u00ednimo hist\u00f3rico de 2.6% en junio de 2025\u201d. Destac\u00f3 el fortalecimiento del art\u00edculo 4\u00ba constitucional para garantizar pensiones, becas y atenci\u00f3n m\u00e9dica gratuita mediante el IMSS-Bienestar, as\u00ed como la reducci\u00f3n de homicidios en el pa\u00eds en un 20% respecto a 2018.<\/p>\n\n\n\n<h1 class=\"wp-block-heading\">Pregunta mi abuelita: Shakira\u2026\u00bftambi\u00e9n mujer de dos caras?<\/h1>\n","protected":false},"excerpt":{"rendered":"<p>*Acercamiento con vecinos en Iztacalco Por Guillermo Pimentel Balderas \u00bfPor qu\u00e9 el Centro Hist\u00f3rico de la ciudad de M\u00e9xico es&#8230;<\/p>\n","protected":false},"author":10,"featured_media":0,"comment_status":"closed","ping_status":"closed","sticky":false,"template":"","format":"standard","meta":{"footnotes":""},"categories":[11380,11736],"tags":[],"class_list":["post-265764","post","type-post","status-publish","format-standard","hentry","category-columna-de-la-ciudad","category-columnistas"],"yoast_head":"<!-- This site is optimized with the Yoast SEO plugin v26.5 - https:\/\/yoast.com\/wordpress\/plugins\/seo\/ -->\n<title>De la Ciudad... Proponen rehabilitaci\u00f3n de Centro Hist\u00f3rico CDMX - NOTICIAS<\/title>\n<meta name=\"robots\" content=\"index, follow, max-snippet:-1, max-image-preview:large, max-video-preview:-1\" \/>\n<link rel=\"canonical\" href=\"https:\/\/laredsocial-noticias.com\/wp\/de-la-ciudad-proponen-rehabilitacion-de-centro-historico-cdmx\/\" \/>\n<meta property=\"og:locale\" content=\"es_ES\" \/>\n<meta property=\"og:type\" content=\"article\" \/>\n<meta property=\"og:title\" content=\"De la Ciudad... Proponen rehabilitaci\u00f3n de Centro Hist\u00f3rico CDMX - NOTICIAS\" \/>\n<meta property=\"og:description\" content=\"*Acercamiento con vecinos en Iztacalco Por Guillermo Pimentel Balderas \u00bfPor qu\u00e9 el Centro Hist\u00f3rico de la ciudad de M\u00e9xico es...\" \/>\n<meta property=\"og:url\" content=\"https:\/\/laredsocial-noticias.com\/wp\/de-la-ciudad-proponen-rehabilitacion-de-centro-historico-cdmx\/\" \/>\n<meta property=\"og:site_name\" content=\"NOTICIAS\" \/>\n<meta property=\"article:published_time\" content=\"2026-03-05T18:39:39+00:00\" \/>\n<meta property=\"article:modified_time\" content=\"2026-03-05T18:39:40+00:00\" \/>\n<meta property=\"og:image\" content=\"https:\/\/laredsocial-noticias.com\/wp\/wp-content\/uploads\/2026\/03\/IMG-20251120-WA0044.jpg\" \/>\n\t<meta property=\"og:image:width\" content=\"810\" \/>\n\t<meta property=\"og:image:height\" content=\"594\" \/>\n\t<meta property=\"og:image:type\" content=\"image\/jpeg\" \/>\n<meta name=\"author\" content=\"Guillermo Pimentel\" \/>\n<meta name=\"twitter:card\" content=\"summary_large_image\" \/>\n<meta name=\"twitter:label1\" content=\"Escrito por\" \/>\n\t<meta name=\"twitter:data1\" content=\"Guillermo Pimentel\" \/>\n\t<meta name=\"twitter:label2\" content=\"Tiempo de lectura\" \/>\n\t<meta name=\"twitter:data2\" content=\"5 minutos\" \/>\n<!-- \/ Yoast SEO plugin. -->","yoast_head_json":{"title":"De la Ciudad... Proponen rehabilitaci\u00f3n de Centro Hist\u00f3rico CDMX - NOTICIAS","robots":{"index":"index","follow":"follow","max-snippet":"max-snippet:-1","max-image-preview":"max-image-preview:large","max-video-preview":"max-video-preview:-1"},"canonical":"https:\/\/laredsocial-noticias.com\/wp\/de-la-ciudad-proponen-rehabilitacion-de-centro-historico-cdmx\/","og_locale":"es_ES","og_type":"article","og_title":"De la Ciudad... Proponen rehabilitaci\u00f3n de Centro Hist\u00f3rico CDMX - NOTICIAS","og_description":"*Acercamiento con vecinos en Iztacalco Por Guillermo Pimentel Balderas \u00bfPor qu\u00e9 el Centro Hist\u00f3rico de la ciudad de M\u00e9xico es...","og_url":"https:\/\/laredsocial-noticias.com\/wp\/de-la-ciudad-proponen-rehabilitacion-de-centro-historico-cdmx\/","og_site_name":"NOTICIAS","article_published_time":"2026-03-05T18:39:39+00:00","article_modified_time":"2026-03-05T18:39:40+00:00","og_image":[{"width":810,"height":594,"url":"https:\/\/laredsocial-noticias.com\/wp\/wp-content\/uploads\/2026\/03\/IMG-20251120-WA0044.jpg","type":"image\/jpeg"}],"author":"Guillermo Pimentel","twitter_card":"summary_large_image","twitter_misc":{"Escrito por":"Guillermo Pimentel","Tiempo de lectura":"5 minutos"},"schema":{"@context":"https:\/\/schema.org","@graph":[{"@type":"WebPage","@id":"https:\/\/laredsocial-noticias.com\/wp\/de-la-ciudad-proponen-rehabilitacion-de-centro-historico-cdmx\/","url":"https:\/\/laredsocial-noticias.com\/wp\/de-la-ciudad-proponen-rehabilitacion-de-centro-historico-cdmx\/","name":"De la Ciudad... Proponen rehabilitaci\u00f3n de Centro Hist\u00f3rico CDMX - NOTICIAS","isPartOf":{"@id":"https:\/\/laredsocial-noticias.com\/wp\/#website"},"primaryImageOfPage":{"@id":"https:\/\/laredsocial-noticias.com\/wp\/de-la-ciudad-proponen-rehabilitacion-de-centro-historico-cdmx\/#primaryimage"},"image":{"@id":"https:\/\/laredsocial-noticias.com\/wp\/de-la-ciudad-proponen-rehabilitacion-de-centro-historico-cdmx\/#primaryimage"},"thumbnailUrl":"https:\/\/laredsocial-noticias.com\/wp\/wp-content\/uploads\/2026\/03\/IMG-20251120-WA0044.jpg","datePublished":"2026-03-05T18:39:39+00:00","dateModified":"2026-03-05T18:39:40+00:00","author":{"@id":"https:\/\/laredsocial-noticias.com\/wp\/#\/schema\/person\/9c09eb8c35c46dac6d30e2baff4b64d6"},"breadcrumb":{"@id":"https:\/\/laredsocial-noticias.com\/wp\/de-la-ciudad-proponen-rehabilitacion-de-centro-historico-cdmx\/#breadcrumb"},"inLanguage":"es","potentialAction":[{"@type":"ReadAction","target":["https:\/\/laredsocial-noticias.com\/wp\/de-la-ciudad-proponen-rehabilitacion-de-centro-historico-cdmx\/"]}]},{"@type":"ImageObject","inLanguage":"es","@id":"https:\/\/laredsocial-noticias.com\/wp\/de-la-ciudad-proponen-rehabilitacion-de-centro-historico-cdmx\/#primaryimage","url":"https:\/\/laredsocial-noticias.com\/wp\/wp-content\/uploads\/2026\/03\/IMG-20251120-WA0044.jpg","contentUrl":"https:\/\/laredsocial-noticias.com\/wp\/wp-content\/uploads\/2026\/03\/IMG-20251120-WA0044.jpg","width":810,"height":594},{"@type":"BreadcrumbList","@id":"https:\/\/laredsocial-noticias.com\/wp\/de-la-ciudad-proponen-rehabilitacion-de-centro-historico-cdmx\/#breadcrumb","itemListElement":[{"@type":"ListItem","position":1,"name":"Portada","item":"https:\/\/laredsocial-noticias.com\/wp\/"},{"@type":"ListItem","position":2,"name":"De la Ciudad&#8230; Proponen rehabilitaci\u00f3n de Centro Hist\u00f3rico CDMX"}]},{"@type":"WebSite","@id":"https:\/\/laredsocial-noticias.com\/wp\/#website","url":"https:\/\/laredsocial-noticias.com\/wp\/","name":"NOTICIAS","description":"Lo que se ve y se dice en las redes sociales","potentialAction":[{"@type":"SearchAction","target":{"@type":"EntryPoint","urlTemplate":"https:\/\/laredsocial-noticias.com\/wp\/?s={search_term_string}"},"query-input":{"@type":"PropertyValueSpecification","valueRequired":true,"valueName":"search_term_string"}}],"inLanguage":"es"},{"@type":"Person","@id":"https:\/\/laredsocial-noticias.com\/wp\/#\/schema\/person\/9c09eb8c35c46dac6d30e2baff4b64d6","name":"Guillermo Pimentel","url":"https:\/\/laredsocial-noticias.com\/wp\/author\/guillermo\/"}]}},"_links":{"self":[{"href":"https:\/\/laredsocial-noticias.com\/wp\/wp-json\/wp\/v2\/posts\/265764","targetHints":{"allow":["GET"]}}],"collection":[{"href":"https:\/\/laredsocial-noticias.com\/wp\/wp-json\/wp\/v2\/posts"}],"about":[{"href":"https:\/\/laredsocial-noticias.com\/wp\/wp-json\/wp\/v2\/types\/post"}],"author":[{"embeddable":true,"href":"https:\/\/laredsocial-noticias.com\/wp\/wp-json\/wp\/v2\/users\/10"}],"replies":[{"embeddable":true,"href":"https:\/\/laredsocial-noticias.com\/wp\/wp-json\/wp\/v2\/comments?post=265764"}],"version-history":[{"count":1,"href":"https:\/\/laredsocial-noticias.com\/wp\/wp-json\/wp\/v2\/posts\/265764\/revisions"}],"predecessor-version":[{"id":265770,"href":"https:\/\/laredsocial-noticias.com\/wp\/wp-json\/wp\/v2\/posts\/265764\/revisions\/265770"}],"wp:attachment":[{"href":"https:\/\/laredsocial-noticias.com\/wp\/wp-json\/wp\/v2\/media?parent=265764"}],"wp:term":[{"taxonomy":"category","embeddable":true,"href":"https:\/\/laredsocial-noticias.com\/wp\/wp-json\/wp\/v2\/categories?post=265764"},{"taxonomy":"post_tag","embeddable":true,"href":"https:\/\/laredsocial-noticias.com\/wp\/wp-json\/wp\/v2\/tags?post=265764"}],"curies":[{"name":"wp","href":"https:\/\/api.w.org\/{rel}","templated":true}]}}