{"id":265844,"date":"2026-03-06T12:37:24","date_gmt":"2026-03-06T18:37:24","guid":{"rendered":"https:\/\/laredsocial-noticias.com\/wp\/?p=265844"},"modified":"2026-03-06T13:21:34","modified_gmt":"2026-03-06T19:21:34","slug":"este-8-de-marzo-hablemos-de-derechos-sexuales-como-lucha-de-vida-2","status":"publish","type":"post","link":"https:\/\/laredsocial-noticias.com\/wp\/este-8-de-marzo-hablemos-de-derechos-sexuales-como-lucha-de-vida-2\/","title":{"rendered":"Este 8 de marzo, hablemos de derechos sexuales como lucha de vida"},"content":{"rendered":"<p dir=\"ltr\">\u00a0Los derechos sexuales no son un privilegio ni una concesi\u00f3n, son parte esencial de una vida libre y digna. Las nuevas generaciones marcan el ritmo del cambio, exigen espacios seguros, educaci\u00f3n sexual integral y reconocimiento a su autonom\u00eda real.<\/p>\n<p dir=\"ltr\">El d\u00eda internacional de la mujer que se celebra cada 8 de marzo, es una fecha para hablar del empoderamiento femenino que nace de la informaci\u00f3n y la conciencia. Acceder a datos claros y confiables, a servicios de salud sexual y reproductiva seguros, y a la libertad de decidir, pues \u00e9sta es un derecho y no un privilegio, explica el Dr. Eduardo Ceh, m\u00e9dico ginec\u00f3logo y asesor de salud sexual por parte de\u00a0M de Mujer.<\/p>\n<p dir=\"ltr\">Lamentablemente en M\u00e9xico, cada a\u00f1o se registran miles de nacimientos en ni\u00f1as de 10 a 14 a\u00f1os, lo que refleja la falta de conocimiento sobre educaci\u00f3n integral en sexualidad.\u00a0Una de cada tres mujeres ha enfrentado alg\u00fan tipo de violencia sexual a lo largo de su vida, con consecuencias directas en su salud f\u00edsica y emocional.\u00a0\u00a0Estas cifras nos recuerdan que la urgencia de garantizar derechos sexuales y reproductivos es una realidad que afecta vidas todos los d\u00edas.<\/p>\n<p dir=\"ltr\">Sharom Flores,\u00a0psicoterapeuta, consejera en sexualidad y colaboradora en M de Mujer,\u00a0nos comparte algunos puntos pr\u00e1cticos que ayudan a cultivar el empoderamiento femenino d\u00eda a d\u00eda:<\/p>\n<ul>\n<li dir=\"ltr\">\n<p dir=\"ltr\">Explora tu cuerpo<\/p>\n<\/li>\n<li dir=\"ltr\">\n<p dir=\"ltr\">Disfruta de tus zonas de placer<\/p>\n<\/li>\n<li dir=\"ltr\">\n<p dir=\"ltr\">Conoce tu ciclo menstrual<\/p>\n<\/li>\n<li dir=\"ltr\">\n<p dir=\"ltr\">Establece l\u00edmites<\/p>\n<\/li>\n<li dir=\"ltr\">\n<p dir=\"ltr\">Habla de deseos, l\u00edmites y necesidades<\/p>\n<\/li>\n<li dir=\"ltr\">\n<p dir=\"ltr\">Busca informaci\u00f3n clara y confiable en espacios seguros como en M de Mujer<\/p>\n<\/li>\n<li dir=\"ltr\">\n<p dir=\"ltr\">Rod\u00e9ate de personas que respeten tu libertad sexual<\/p>\n<\/li>\n<li dir=\"ltr\">\n<p dir=\"ltr\">Aprende sobre m\u00e9todos anticonceptivos y cuida tu salud sexual<\/p>\n<\/li>\n<\/ul>\n<p dir=\"ltr\">Saber que las mujeres no estamos solas, que existen redes de apoyo, acompa\u00f1amiento y orientaci\u00f3n sin juicios ni prejuicios, hace la diferencia.<\/p>\n<p dir=\"ltr\">Este 8 de marzo no s\u00f3lo se conmemora, se busca que la igualdad deje de ser promesa y se convierta en experiencia cotidiana.<\/p>\n","protected":false},"excerpt":{"rendered":"<p>\u00a0Los derechos sexuales no son un privilegio ni una concesi\u00f3n, son parte esencial de una vida libre y digna. Las&#8230;<\/p>\n","protected":false},"author":1,"featured_media":265843,"comment_status":"open","ping_status":"closed","sticky":false,"template":"","format":"standard","meta":{"footnotes":""},"categories":[2849,2857],"tags":[],"class_list":["post-265844","post","type-post","status-publish","format-standard","has-post-thumbnail","hentry","category-salud","category-salud-y-ciencia"],"yoast_head":"<!-- This site is optimized with the Yoast SEO plugin v26.5 - https:\/\/yoast.com\/wordpress\/plugins\/seo\/ -->\n<title>Este 8 de marzo, hablemos de derechos sexuales como lucha de vida - NOTICIAS<\/title>\n<meta name=\"robots\" content=\"index, follow, max-snippet:-1, max-image-preview:large, max-video-preview:-1\" \/>\n<link rel=\"canonical\" href=\"https:\/\/laredsocial-noticias.com\/wp\/este-8-de-marzo-hablemos-de-derechos-sexuales-como-lucha-de-vida-2\/\" \/>\n<meta property=\"og:locale\" content=\"es_ES\" \/>\n<meta property=\"og:type\" content=\"article\" \/>\n<meta property=\"og:title\" content=\"Este 8 de marzo, hablemos de derechos sexuales como lucha de vida - NOTICIAS\" \/>\n<meta property=\"og:description\" content=\"\u00a0Los derechos sexuales no son un privilegio ni una concesi\u00f3n, son parte esencial de una vida libre y digna. Las...\" \/>\n<meta property=\"og:url\" content=\"https:\/\/laredsocial-noticias.com\/wp\/este-8-de-marzo-hablemos-de-derechos-sexuales-como-lucha-de-vida-2\/\" \/>\n<meta property=\"og:site_name\" content=\"NOTICIAS\" \/>\n<meta property=\"article:published_time\" content=\"2026-03-06T18:37:24+00:00\" \/>\n<meta property=\"article:modified_time\" content=\"2026-03-06T19:21:34+00:00\" \/>\n<meta name=\"author\" content=\"Editor en Jefe\" \/>\n<meta name=\"twitter:card\" content=\"summary_large_image\" \/>\n<meta name=\"twitter:label1\" content=\"Escrito por\" \/>\n\t<meta name=\"twitter:data1\" content=\"Editor en Jefe\" \/>\n\t<meta name=\"twitter:label2\" content=\"Tiempo de lectura\" \/>\n\t<meta name=\"twitter:data2\" content=\"2 minutos\" \/>\n<!-- \/ Yoast SEO plugin. -->","yoast_head_json":{"title":"Este 8 de marzo, hablemos de derechos sexuales como lucha de vida - NOTICIAS","robots":{"index":"index","follow":"follow","max-snippet":"max-snippet:-1","max-image-preview":"max-image-preview:large","max-video-preview":"max-video-preview:-1"},"canonical":"https:\/\/laredsocial-noticias.com\/wp\/este-8-de-marzo-hablemos-de-derechos-sexuales-como-lucha-de-vida-2\/","og_locale":"es_ES","og_type":"article","og_title":"Este 8 de marzo, hablemos de derechos sexuales como lucha de vida - NOTICIAS","og_description":"\u00a0Los derechos sexuales no son un privilegio ni una concesi\u00f3n, son parte esencial de una vida libre y digna. Las...","og_url":"https:\/\/laredsocial-noticias.com\/wp\/este-8-de-marzo-hablemos-de-derechos-sexuales-como-lucha-de-vida-2\/","og_site_name":"NOTICIAS","article_published_time":"2026-03-06T18:37:24+00:00","article_modified_time":"2026-03-06T19:21:34+00:00","author":"Editor en Jefe","twitter_card":"summary_large_image","twitter_misc":{"Escrito por":"Editor en Jefe","Tiempo de lectura":"2 minutos"},"schema":{"@context":"https:\/\/schema.org","@graph":[{"@type":"WebPage","@id":"https:\/\/laredsocial-noticias.com\/wp\/este-8-de-marzo-hablemos-de-derechos-sexuales-como-lucha-de-vida-2\/","url":"https:\/\/laredsocial-noticias.com\/wp\/este-8-de-marzo-hablemos-de-derechos-sexuales-como-lucha-de-vida-2\/","name":"Este 8 de marzo, hablemos de derechos sexuales como lucha de vida - NOTICIAS","isPartOf":{"@id":"https:\/\/laredsocial-noticias.com\/wp\/#website"},"primaryImageOfPage":{"@id":"https:\/\/laredsocial-noticias.com\/wp\/este-8-de-marzo-hablemos-de-derechos-sexuales-como-lucha-de-vida-2\/#primaryimage"},"image":{"@id":"https:\/\/laredsocial-noticias.com\/wp\/este-8-de-marzo-hablemos-de-derechos-sexuales-como-lucha-de-vida-2\/#primaryimage"},"thumbnailUrl":"https:\/\/laredsocial-noticias.com\/wp\/wp-content\/uploads\/2026\/03\/8-de-marzo-MDM.png","datePublished":"2026-03-06T18:37:24+00:00","dateModified":"2026-03-06T19:21:34+00:00","author":{"@id":"https:\/\/laredsocial-noticias.com\/wp\/#\/schema\/person\/0ce78643f2de7aae6f6ef10e8453a6e0"},"breadcrumb":{"@id":"https:\/\/laredsocial-noticias.com\/wp\/este-8-de-marzo-hablemos-de-derechos-sexuales-como-lucha-de-vida-2\/#breadcrumb"},"inLanguage":"es","potentialAction":[{"@type":"ReadAction","target":["https:\/\/laredsocial-noticias.com\/wp\/este-8-de-marzo-hablemos-de-derechos-sexuales-como-lucha-de-vida-2\/"]}]},{"@type":"ImageObject","inLanguage":"es","@id":"https:\/\/laredsocial-noticias.com\/wp\/este-8-de-marzo-hablemos-de-derechos-sexuales-como-lucha-de-vida-2\/#primaryimage","url":"https:\/\/laredsocial-noticias.com\/wp\/wp-content\/uploads\/2026\/03\/8-de-marzo-MDM.png","contentUrl":"https:\/\/laredsocial-noticias.com\/wp\/wp-content\/uploads\/2026\/03\/8-de-marzo-MDM.png","width":2000,"height":1429},{"@type":"BreadcrumbList","@id":"https:\/\/laredsocial-noticias.com\/wp\/este-8-de-marzo-hablemos-de-derechos-sexuales-como-lucha-de-vida-2\/#breadcrumb","itemListElement":[{"@type":"ListItem","position":1,"name":"Portada","item":"https:\/\/laredsocial-noticias.com\/wp\/"},{"@type":"ListItem","position":2,"name":"Este 8 de marzo, hablemos de derechos sexuales como lucha de vida"}]},{"@type":"WebSite","@id":"https:\/\/laredsocial-noticias.com\/wp\/#website","url":"https:\/\/laredsocial-noticias.com\/wp\/","name":"NOTICIAS","description":"Lo que se ve y se dice en las redes sociales","potentialAction":[{"@type":"SearchAction","target":{"@type":"EntryPoint","urlTemplate":"https:\/\/laredsocial-noticias.com\/wp\/?s={search_term_string}"},"query-input":{"@type":"PropertyValueSpecification","valueRequired":true,"valueName":"search_term_string"}}],"inLanguage":"es"},{"@type":"Person","@id":"https:\/\/laredsocial-noticias.com\/wp\/#\/schema\/person\/0ce78643f2de7aae6f6ef10e8453a6e0","name":"Editor en Jefe","url":"https:\/\/laredsocial-noticias.com\/wp\/author\/jorgeochoa\/"}]}},"_links":{"self":[{"href":"https:\/\/laredsocial-noticias.com\/wp\/wp-json\/wp\/v2\/posts\/265844","targetHints":{"allow":["GET"]}}],"collection":[{"href":"https:\/\/laredsocial-noticias.com\/wp\/wp-json\/wp\/v2\/posts"}],"about":[{"href":"https:\/\/laredsocial-noticias.com\/wp\/wp-json\/wp\/v2\/types\/post"}],"author":[{"embeddable":true,"href":"https:\/\/laredsocial-noticias.com\/wp\/wp-json\/wp\/v2\/users\/1"}],"replies":[{"embeddable":true,"href":"https:\/\/laredsocial-noticias.com\/wp\/wp-json\/wp\/v2\/comments?post=265844"}],"version-history":[{"count":1,"href":"https:\/\/laredsocial-noticias.com\/wp\/wp-json\/wp\/v2\/posts\/265844\/revisions"}],"predecessor-version":[{"id":265845,"href":"https:\/\/laredsocial-noticias.com\/wp\/wp-json\/wp\/v2\/posts\/265844\/revisions\/265845"}],"wp:featuredmedia":[{"embeddable":true,"href":"https:\/\/laredsocial-noticias.com\/wp\/wp-json\/wp\/v2\/media\/265843"}],"wp:attachment":[{"href":"https:\/\/laredsocial-noticias.com\/wp\/wp-json\/wp\/v2\/media?parent=265844"}],"wp:term":[{"taxonomy":"category","embeddable":true,"href":"https:\/\/laredsocial-noticias.com\/wp\/wp-json\/wp\/v2\/categories?post=265844"},{"taxonomy":"post_tag","embeddable":true,"href":"https:\/\/laredsocial-noticias.com\/wp\/wp-json\/wp\/v2\/tags?post=265844"}],"curies":[{"name":"wp","href":"https:\/\/api.w.org\/{rel}","templated":true}]}}