{"id":266446,"date":"2026-03-17T13:19:32","date_gmt":"2026-03-17T19:19:32","guid":{"rendered":"https:\/\/laredsocial-noticias.com\/wp\/?p=266446"},"modified":"2026-03-17T13:20:21","modified_gmt":"2026-03-17T19:20:21","slug":"el-ultimo-regreso-tour-ricardo-montaner-prepara-un-emotivo-reencuentro-con-el-publico-mexicano","status":"publish","type":"post","link":"https:\/\/laredsocial-noticias.com\/wp\/el-ultimo-regreso-tour-ricardo-montaner-prepara-un-emotivo-reencuentro-con-el-publico-mexicano\/","title":{"rendered":"\u201cEl \u00daltimo Regreso Tour\u201d: Ricardo Montaner prepara un emotivo reencuentro con el p\u00fablico mexicano"},"content":{"rendered":"<p><i>*Gracias al esfuerzo de la promotora con diversos patrocinadores, ser\u00e1 posible regalar un boleto adicional en cada compra. <\/i><\/p>\n<p><i>*Promoci\u00f3n aplicable por plaza solo a los primeros mil boletos<\/i><\/p>\n<p>El cantautor venezolano-argentino Ricardo Montaner prepara su regreso a los escenarios mexicanos con una nueva serie de conciertos que forman parte de su gira <b>\u201cEl \u00daltimo Regreso Tour\u201d<\/b>, un recorrido que confirma la vigencia de uno de los int\u00e9rpretes m\u00e1s influyentes de la balada rom\u00e1ntica en espa\u00f1ol y que reunir\u00e1 en un mismo espect\u00e1culo las canciones que han acompa\u00f1ado a varias generaciones a lo largo de m\u00e1s de cuatro d\u00e9cadas de carrera.<\/p>\n<p>Reconocido por un repertorio que incluye cl\u00e1sicos como \u201cTan enamorados\u201d, \u201cMe va a extra\u00f1ar\u201d, \u201cLa cima del cielo\u201d o \u201cB\u00e9same\u201d, Montaner ha consolidado una trayectoria marcada por la sensibilidad interpretativa, el \u00e9xito internacional y una profunda conexi\u00f3n emocional con el p\u00fablico latino. En el contexto de esta nueva gira, el artista propone un reencuentro con sus seguidores a trav\u00e9s de un formato de concierto que repasa sus grandes \u00e9xitos, acompa\u00f1ado por una producci\u00f3n esc\u00e9nica dise\u00f1ada para resaltar la fuerza narrativa de su cat\u00e1logo musical.<img loading=\"lazy\" decoding=\"async\" class=\"aligncenter size-large wp-image-19100\" src=\"https:\/\/laredsocial-noticias.com\/wp\/wp-content\/uploads\/2026\/03\/RICARDO-MONTANER-AUDITORIO-NACIONAL-MAYO-2026-CARTEL-1024x1024.jpeg\" alt=\"\" width=\"1024\" height=\"1024\" \/><\/p>\n<p>La etapa mexicana de <b>\u201cEl \u00daltimo Regreso Tour\u201d<\/b> se desarrollar\u00e1 durante abril y mayo con una ruta que recorrer\u00e1 algunas de las plazas m\u00e1s importantes del pa\u00eds. El itinerario comenzar\u00e1 el <b>15 de abril en Tijuana<\/b>, en la Plaza de Toros, donde la boletera <b>Fun Ticket<\/b> invitar\u00e1 <b>un boleto adicional por cada entrada adquirida<\/b>. Posteriormente, el cantante se presentar\u00e1 el <b>20 de abril en Torre\u00f3n<\/b>, con venta a trav\u00e9s de <b>Boletea<\/b>, en una fecha donde <b>Music Vibe<\/b> aportar\u00e1 el segundo acceso para los asistentes que adquieran su localidad.<\/p>\n<p>La gira continuar\u00e1 el <b>22 de abril en la Arena Monterrey<\/b>, con boletos disponibles mediante <b>Superboletos<\/b>, donde nuevamente <b>MusicVibe<\/b> participar\u00e1 otorgando un acceso adicional al p\u00fablico. El recorrido seguir\u00e1 el <b>24 de abril en Le\u00f3n<\/b>, en la <b>Velaria de la Feria<\/b>, dentro del marco de las celebraciones por los <b>450 a\u00f1os de la ciudad<\/b>, donde la boletera <b>Funticket<\/b> canalizar\u00e1 la entrega del segundo boleto proporcionado por los patrocinadores de la gira.<\/p>\n<p>Dos d\u00edas m\u00e1s tarde, el <b>26 de abril<\/b>, el artista llegar\u00e1 al <b>Auditorio Telmex de Guadalajara<\/b>, con venta en <b>Ticketmaster<\/b>, y con <b>Music Vibe<\/b> respaldando la din\u00e1mica promocional que permitir\u00e1 a los asistentes recibir un acceso adicional al adquirir su entrada. La ruta continuar\u00e1 el <b>29 de abril en Quer\u00e9taro<\/b>, en el <b>Auditorio Josefa Ortiz de Dom\u00ednguez<\/b>, donde nuevamente <b>MusicVibe<\/b> se sumar\u00e1 a la iniciativa que entregar\u00e1 un segundo boleto a quienes compren su localidad para el concierto.<\/p>\n<p>En mayo, la gira retomar\u00e1 su camino el <b>2 de mayo en la Arena San Marcos de Aguascalientes<\/b>, con boletos disponibles en <b>Superboletos<\/b> y con el patrocinio de <b>MusicVibe<\/b>, que facilitar\u00e1 el acceso adicional para los asistentes. Posteriormente, el <b>8 de mayo<\/b>, <b>Ricardo Montaner<\/b> llegar\u00e1 a la <b>Arena Potos\u00ed de San Luis Potos\u00ed<\/b>, en un concierto respaldado por <b>El Padrino<\/b> a trav\u00e9s de la boletera <b>Fue un Ticket<\/b>, donde tambi\u00e9n se entregar\u00e1 un boleto adicional al p\u00fablico comprador.<\/p>\n<p>La capital poblana recibir\u00e1 al int\u00e9rprete el <b>12 de mayo en el Auditorio GNP Puebla<\/b>, con venta mediante <b>eTicket<\/b>, y con <b>MusicVibe<\/b> participando nuevamente con la entrega de un segundo acceso para quienes adquieran su entrada. Finalmente, la gira cerrar\u00e1 su recorrido mexicano el <b>17 de mayo en el Foro GNP de M\u00e9rida<\/b>, con boletos disponibles en <b>eTicket<\/b>, fecha en la que <b>Music Vibe<\/b> repetir\u00e1 la din\u00e1mica que permitir\u00e1 al p\u00fablico obtener un acceso adicional al realizar su compra.<\/p>\n<p>Con este recorrido, <b>Ricardo Montaner<\/b> reafirma el v\u00ednculo que mantiene con el p\u00fablico mexicano, uno de los m\u00e1s fieles en su trayectoria. <b>\u201cEl \u00daltimo Regreso Tour\u201d<\/b> se perfila as\u00ed como una celebraci\u00f3n musical que reunir\u00e1 en una misma noche nostalgia, romance y la potencia interpretativa de un artista que ha convertido la balada en un lenguaje universal capaz de seguir emocionando a nuevas generaciones. Las promociones de boletos adicionales aplican solo a los primeros mil boletos comprados por ciudad.<\/p>\n","protected":false},"excerpt":{"rendered":"<p>*Gracias al esfuerzo de la promotora con diversos patrocinadores, ser\u00e1 posible regalar un boleto adicional en cada compra. *Promoci\u00f3n aplicable&#8230;<\/p>\n","protected":false},"author":1,"featured_media":266448,"comment_status":"open","ping_status":"closed","sticky":false,"template":"","format":"standard","meta":{"footnotes":""},"categories":[10720,14765,2778],"tags":[],"class_list":["post-266446","post","type-post","status-publish","format-standard","has-post-thumbnail","hentry","category-entretenimiento","category-esectaculos","category-espectaculos"],"yoast_head":"<!-- This site is optimized with the Yoast SEO plugin v26.5 - https:\/\/yoast.com\/wordpress\/plugins\/seo\/ -->\n<title>\u201cEl \u00daltimo Regreso Tour\u201d: Ricardo Montaner prepara un emotivo reencuentro con el p\u00fablico mexicano - NOTICIAS<\/title>\n<meta name=\"robots\" content=\"index, follow, max-snippet:-1, max-image-preview:large, max-video-preview:-1\" \/>\n<link rel=\"canonical\" href=\"https:\/\/laredsocial-noticias.com\/wp\/el-ultimo-regreso-tour-ricardo-montaner-prepara-un-emotivo-reencuentro-con-el-publico-mexicano\/\" \/>\n<meta property=\"og:locale\" content=\"es_ES\" \/>\n<meta property=\"og:type\" content=\"article\" \/>\n<meta property=\"og:title\" content=\"\u201cEl \u00daltimo Regreso Tour\u201d: Ricardo Montaner prepara un emotivo reencuentro con el p\u00fablico mexicano - NOTICIAS\" \/>\n<meta property=\"og:description\" content=\"*Gracias al esfuerzo de la promotora con diversos patrocinadores, ser\u00e1 posible regalar un boleto adicional en cada compra. *Promoci\u00f3n aplicable...\" \/>\n<meta property=\"og:url\" content=\"https:\/\/laredsocial-noticias.com\/wp\/el-ultimo-regreso-tour-ricardo-montaner-prepara-un-emotivo-reencuentro-con-el-publico-mexicano\/\" \/>\n<meta property=\"og:site_name\" content=\"NOTICIAS\" \/>\n<meta property=\"article:published_time\" content=\"2026-03-17T19:19:32+00:00\" \/>\n<meta property=\"article:modified_time\" content=\"2026-03-17T19:20:21+00:00\" \/>\n<meta name=\"author\" content=\"Editor en Jefe\" \/>\n<meta name=\"twitter:card\" content=\"summary_large_image\" \/>\n<meta name=\"twitter:label1\" content=\"Escrito por\" \/>\n\t<meta name=\"twitter:data1\" content=\"Editor en Jefe\" \/>\n\t<meta name=\"twitter:label2\" content=\"Tiempo de lectura\" \/>\n\t<meta name=\"twitter:data2\" content=\"3 minutos\" \/>\n<!-- \/ Yoast SEO plugin. -->","yoast_head_json":{"title":"\u201cEl \u00daltimo Regreso Tour\u201d: Ricardo Montaner prepara un emotivo reencuentro con el p\u00fablico mexicano - NOTICIAS","robots":{"index":"index","follow":"follow","max-snippet":"max-snippet:-1","max-image-preview":"max-image-preview:large","max-video-preview":"max-video-preview:-1"},"canonical":"https:\/\/laredsocial-noticias.com\/wp\/el-ultimo-regreso-tour-ricardo-montaner-prepara-un-emotivo-reencuentro-con-el-publico-mexicano\/","og_locale":"es_ES","og_type":"article","og_title":"\u201cEl \u00daltimo Regreso Tour\u201d: Ricardo Montaner prepara un emotivo reencuentro con el p\u00fablico mexicano - NOTICIAS","og_description":"*Gracias al esfuerzo de la promotora con diversos patrocinadores, ser\u00e1 posible regalar un boleto adicional en cada compra. *Promoci\u00f3n aplicable...","og_url":"https:\/\/laredsocial-noticias.com\/wp\/el-ultimo-regreso-tour-ricardo-montaner-prepara-un-emotivo-reencuentro-con-el-publico-mexicano\/","og_site_name":"NOTICIAS","article_published_time":"2026-03-17T19:19:32+00:00","article_modified_time":"2026-03-17T19:20:21+00:00","author":"Editor en Jefe","twitter_card":"summary_large_image","twitter_misc":{"Escrito por":"Editor en Jefe","Tiempo de lectura":"3 minutos"},"schema":{"@context":"https:\/\/schema.org","@graph":[{"@type":"WebPage","@id":"https:\/\/laredsocial-noticias.com\/wp\/el-ultimo-regreso-tour-ricardo-montaner-prepara-un-emotivo-reencuentro-con-el-publico-mexicano\/","url":"https:\/\/laredsocial-noticias.com\/wp\/el-ultimo-regreso-tour-ricardo-montaner-prepara-un-emotivo-reencuentro-con-el-publico-mexicano\/","name":"\u201cEl \u00daltimo Regreso Tour\u201d: Ricardo Montaner prepara un emotivo reencuentro con el p\u00fablico mexicano - NOTICIAS","isPartOf":{"@id":"https:\/\/laredsocial-noticias.com\/wp\/#website"},"primaryImageOfPage":{"@id":"https:\/\/laredsocial-noticias.com\/wp\/el-ultimo-regreso-tour-ricardo-montaner-prepara-un-emotivo-reencuentro-con-el-publico-mexicano\/#primaryimage"},"image":{"@id":"https:\/\/laredsocial-noticias.com\/wp\/el-ultimo-regreso-tour-ricardo-montaner-prepara-un-emotivo-reencuentro-con-el-publico-mexicano\/#primaryimage"},"thumbnailUrl":"https:\/\/laredsocial-noticias.com\/wp\/wp-content\/uploads\/2026\/03\/RICARDO-MONTANER-FOTO11-e1773775154315.jpg","datePublished":"2026-03-17T19:19:32+00:00","dateModified":"2026-03-17T19:20:21+00:00","author":{"@id":"https:\/\/laredsocial-noticias.com\/wp\/#\/schema\/person\/0ce78643f2de7aae6f6ef10e8453a6e0"},"breadcrumb":{"@id":"https:\/\/laredsocial-noticias.com\/wp\/el-ultimo-regreso-tour-ricardo-montaner-prepara-un-emotivo-reencuentro-con-el-publico-mexicano\/#breadcrumb"},"inLanguage":"es","potentialAction":[{"@type":"ReadAction","target":["https:\/\/laredsocial-noticias.com\/wp\/el-ultimo-regreso-tour-ricardo-montaner-prepara-un-emotivo-reencuentro-con-el-publico-mexicano\/"]}]},{"@type":"ImageObject","inLanguage":"es","@id":"https:\/\/laredsocial-noticias.com\/wp\/el-ultimo-regreso-tour-ricardo-montaner-prepara-un-emotivo-reencuentro-con-el-publico-mexicano\/#primaryimage","url":"https:\/\/laredsocial-noticias.com\/wp\/wp-content\/uploads\/2026\/03\/RICARDO-MONTANER-FOTO11-e1773775154315.jpg","contentUrl":"https:\/\/laredsocial-noticias.com\/wp\/wp-content\/uploads\/2026\/03\/RICARDO-MONTANER-FOTO11-e1773775154315.jpg","width":2048,"height":1348},{"@type":"BreadcrumbList","@id":"https:\/\/laredsocial-noticias.com\/wp\/el-ultimo-regreso-tour-ricardo-montaner-prepara-un-emotivo-reencuentro-con-el-publico-mexicano\/#breadcrumb","itemListElement":[{"@type":"ListItem","position":1,"name":"Portada","item":"https:\/\/laredsocial-noticias.com\/wp\/"},{"@type":"ListItem","position":2,"name":"\u201cEl \u00daltimo Regreso Tour\u201d: Ricardo Montaner prepara un emotivo reencuentro con el p\u00fablico mexicano"}]},{"@type":"WebSite","@id":"https:\/\/laredsocial-noticias.com\/wp\/#website","url":"https:\/\/laredsocial-noticias.com\/wp\/","name":"NOTICIAS","description":"Lo que se ve y se dice en las redes sociales","potentialAction":[{"@type":"SearchAction","target":{"@type":"EntryPoint","urlTemplate":"https:\/\/laredsocial-noticias.com\/wp\/?s={search_term_string}"},"query-input":{"@type":"PropertyValueSpecification","valueRequired":true,"valueName":"search_term_string"}}],"inLanguage":"es"},{"@type":"Person","@id":"https:\/\/laredsocial-noticias.com\/wp\/#\/schema\/person\/0ce78643f2de7aae6f6ef10e8453a6e0","name":"Editor en Jefe","url":"https:\/\/laredsocial-noticias.com\/wp\/author\/jorgeochoa\/"}]}},"_links":{"self":[{"href":"https:\/\/laredsocial-noticias.com\/wp\/wp-json\/wp\/v2\/posts\/266446","targetHints":{"allow":["GET"]}}],"collection":[{"href":"https:\/\/laredsocial-noticias.com\/wp\/wp-json\/wp\/v2\/posts"}],"about":[{"href":"https:\/\/laredsocial-noticias.com\/wp\/wp-json\/wp\/v2\/types\/post"}],"author":[{"embeddable":true,"href":"https:\/\/laredsocial-noticias.com\/wp\/wp-json\/wp\/v2\/users\/1"}],"replies":[{"embeddable":true,"href":"https:\/\/laredsocial-noticias.com\/wp\/wp-json\/wp\/v2\/comments?post=266446"}],"version-history":[{"count":1,"href":"https:\/\/laredsocial-noticias.com\/wp\/wp-json\/wp\/v2\/posts\/266446\/revisions"}],"predecessor-version":[{"id":266447,"href":"https:\/\/laredsocial-noticias.com\/wp\/wp-json\/wp\/v2\/posts\/266446\/revisions\/266447"}],"wp:featuredmedia":[{"embeddable":true,"href":"https:\/\/laredsocial-noticias.com\/wp\/wp-json\/wp\/v2\/media\/266448"}],"wp:attachment":[{"href":"https:\/\/laredsocial-noticias.com\/wp\/wp-json\/wp\/v2\/media?parent=266446"}],"wp:term":[{"taxonomy":"category","embeddable":true,"href":"https:\/\/laredsocial-noticias.com\/wp\/wp-json\/wp\/v2\/categories?post=266446"},{"taxonomy":"post_tag","embeddable":true,"href":"https:\/\/laredsocial-noticias.com\/wp\/wp-json\/wp\/v2\/tags?post=266446"}],"curies":[{"name":"wp","href":"https:\/\/api.w.org\/{rel}","templated":true}]}}