{"id":266625,"date":"2026-03-20T20:41:03","date_gmt":"2026-03-21T02:41:03","guid":{"rendered":"https:\/\/laredsocial-noticias.com\/wp\/?p=266625"},"modified":"2026-03-20T20:41:03","modified_gmt":"2026-03-21T02:41:03","slug":"morena-y-pan-intercambian-acusaciones-sobre-huachicol-fiscal","status":"publish","type":"post","link":"https:\/\/laredsocial-noticias.com\/wp\/morena-y-pan-intercambian-acusaciones-sobre-huachicol-fiscal\/","title":{"rendered":"Morena y PAN intercambian acusaciones sobre huachicol fiscal"},"content":{"rendered":"\n<p>Morena y PAN revivieron este viernes el intercambio de acusaciones sobre el origen del huachicol fiscal, que ha causado un da\u00f1o al erario del pa\u00eds por un monto calculado en 600 mil millones de pesos.<\/p>\n\n\n\n<p>Sin embargo, el Servicio de Administraci\u00f3n Tributaria (SAT) estima que este delito representa cerca del 14% de la demanda total de combustibles en M\u00e9xico. Las p\u00e9rdidas para el erario p\u00fablico se calculan en unos 170,000 millones.<\/p>\n\n\n\n<p>Es un esquema de contrabando y fraude en el que se importa combustible (gasolina o di\u00e9sel) a M\u00e9xico de manera il\u00edcita, evadiendo el pago de impuestos. Entre el 2015 y 2018 se detectaron las primeras redes de contrabando de gasolinas y diesel.<\/p>\n\n\n\n<p>En 2018, las p\u00e9rdidas por este concepto ya se estimaban en 93 mil millones de pesos. Simulan la importaci\u00f3n de lubricantes para evadir impuestos en la frontera de Tamaulipas.<\/p>\n\n\n\n<p>A diferencia del &#8220;huachicol tradicional&#8221;, que consiste en perforar ductos, este se opera principalmente a trav\u00e9s de aduanas y puertos, utilizando documentaci\u00f3n falsa o manipulaci\u00f3n legal.<\/p>\n\n\n\n<p>El ex gobernador de Tamaulipas, Francisco Javier Cabeza de Vaca present\u00f3, en el &nbsp;2019, alrededor de 23 denuncias ante la FGR por el decomiso de 500 mil litros de combustible y asegura que fue \u00e9l quien &#8220;destap\u00f3 la cloaca&#8221; del huachicol fiscal.<\/p>\n\n\n\n<p>Sin embargo, Morena lo acusa de haber recibido apoyo de Sergio Carmona Angulo, apodado &#8220;El Rey del Huachicol&#8221;, para su campa\u00f1a a la gubernatura en 2016, y por presuntos contratos irregulares otorgados durante su administraci\u00f3n.<\/p>\n\n\n\n<p>A su vez el PAN y otros partidos de oposici\u00f3n como PRD y PRI, denunciaron que Sergio Carmona tuvo nexos con el ex l\u00edder de Morena, Mario Delgado, y apoy\u00f3 diversas campa\u00f1as pol\u00edticas, entre ellas la de Am\u00e9rico Villarreal, en Tamaulipas.<\/p>\n\n\n\n<p>De hecho, hay versiones de que estos viajaron en un avi\u00f3n privado, propiedad de Carmona Angulo, lo cual no ha sido desmentido hasta la fecha. As\u00ed el conflicto ha escalado debido a acusaciones de complicidad de altos mandos militares.<\/p>\n\n\n\n<p>Cabeza de Vaca afirma que las acusaciones actuales en su contra son en represalia pol\u00edtica por haber exhibido una red de corrupci\u00f3n que involucrar\u00eda a altos mandos del gobierno federal y de Morena.<\/p>\n\n\n\n<p>Este caso est\u00e1 vinculado a una indagatoria m\u00e1s amplia, que involucraba a otros elementos de la Secretar\u00eda de Marina, entre ellos el vicealmirante, actualmente detenido, Manuel Roberto Far\u00edas Lagunas, sobrino del ex secretario de Marina.<\/p>\n\n\n\n<p>Fue el contralmirante Fernando Rub\u00e9n Guerrero Alc\u00e1ntar quien denunci\u00f3 internamente la red de corrupci\u00f3n y contrabando de combustible en las aduanas ante el entonces secretario Rafael Ojeda Dur\u00e1n.<\/p>\n\n\n\n<p>El 14 de junio de 2024 envi\u00f3 una carta en la que inform\u00f3 sobre la operaci\u00f3n de esta red de los sobrinos. Luego fue asesinado en Manzanillo en noviembre de 2024. Luego, el 8 de septiembre de 2025 falleci\u00f3 el capit\u00e1n Abraham P\u00e9rez Ram\u00edrez.<\/p>\n\n\n\n<p>Muri\u00f3 en las instalaciones de la Unidad de Protecci\u00f3n Portuaria (Uniaprop) en Altamira, Tamaulipas. Los reportes de las autoridades y medios de comunicaci\u00f3n indicaron que se trat\u00f3 de un suicidio.<\/p>\n\n\n\n<p>El capit\u00e1n se encontraba bajo investigaci\u00f3n por parte de la Fiscal\u00eda General de la Rep\u00fablica (FGR). La l\u00ednea de investigaci\u00f3n se centraba en su presunta participaci\u00f3n en la red de contrabando conocida como &#8220;huachicol fiscal&#8221;.<\/p>\n\n\n\n<p>Tambi\u00e9n en septiembre de 2025, muri\u00f3 en una pr\u00e1ctica real de tiro, en Puerto Pe\u00f1asco, Sonora, el capit\u00e1n Adri\u00e1n Omar del \u00c1ngel Z\u00fa\u00f1iga. \u00c9l se hab\u00eda desempe\u00f1ado como subdirector de operaci\u00f3n aduanera en Manzanillo.<\/p>\n\n\n\n<p>Fue relevado en el 2023 el contralmirante Fernando Rub\u00e9n Guerrero Alc\u00e1ntar, quien denunci\u00f3 la red del huachicol. En ese contexto, la CDMX amaneci\u00f3 con mantas que exhiben al PAN y se\u00f1alan a Francisco Cabeza de Vaca por \u201chuachicoleo electoral\u201d.<\/p>\n\n\n\n<p>Lo acusan de corrupci\u00f3n y por evadir la justicia mexicana desde el extranjero, pero no mencionan el tema del huachicol fiscal. Las mantas s\u00f3lo dicen \u201cCaer\u00e1n los del huachicol electoral\u201d.<\/p>\n","protected":false},"excerpt":{"rendered":"<p>Morena y PAN revivieron este viernes el intercambio de acusaciones sobre el origen del huachicol fiscal, que ha causado un&#8230;<\/p>\n","protected":false},"author":1,"featured_media":266626,"comment_status":"closed","ping_status":"closed","sticky":false,"template":"","format":"standard","meta":{"footnotes":""},"categories":[10],"tags":[15069],"class_list":["post-266625","post","type-post","status-publish","format-standard","has-post-thumbnail","hentry","category-transparencia-y-corrupcion","tag-huachicol-fiscal"],"yoast_head":"<!-- This site is optimized with the Yoast SEO plugin v26.5 - https:\/\/yoast.com\/wordpress\/plugins\/seo\/ -->\n<title>Morena y PAN intercambian acusaciones sobre huachicol fiscal - NOTICIAS<\/title>\n<meta name=\"robots\" content=\"index, follow, max-snippet:-1, max-image-preview:large, max-video-preview:-1\" \/>\n<link rel=\"canonical\" href=\"https:\/\/laredsocial-noticias.com\/wp\/morena-y-pan-intercambian-acusaciones-sobre-huachicol-fiscal\/\" \/>\n<meta property=\"og:locale\" content=\"es_ES\" \/>\n<meta property=\"og:type\" content=\"article\" \/>\n<meta property=\"og:title\" content=\"Morena y PAN intercambian acusaciones sobre huachicol fiscal - NOTICIAS\" \/>\n<meta property=\"og:description\" content=\"Morena y PAN revivieron este viernes el intercambio de acusaciones sobre el origen del huachicol fiscal, que ha causado un...\" \/>\n<meta property=\"og:url\" content=\"https:\/\/laredsocial-noticias.com\/wp\/morena-y-pan-intercambian-acusaciones-sobre-huachicol-fiscal\/\" \/>\n<meta property=\"og:site_name\" content=\"NOTICIAS\" \/>\n<meta property=\"article:published_time\" content=\"2026-03-21T02:41:03+00:00\" \/>\n<meta property=\"og:image\" content=\"https:\/\/laredsocial-noticias.com\/wp\/wp-content\/uploads\/2026\/03\/image-25-1024x682.png\" \/>\n\t<meta property=\"og:image:width\" content=\"1024\" \/>\n\t<meta property=\"og:image:height\" content=\"682\" \/>\n\t<meta property=\"og:image:type\" content=\"image\/png\" \/>\n<meta name=\"author\" content=\"Editor en Jefe\" \/>\n<meta name=\"twitter:card\" content=\"summary_large_image\" \/>\n<meta name=\"twitter:label1\" content=\"Escrito por\" \/>\n\t<meta name=\"twitter:data1\" content=\"Editor en Jefe\" \/>\n\t<meta name=\"twitter:label2\" content=\"Tiempo de lectura\" \/>\n\t<meta name=\"twitter:data2\" content=\"4 minutos\" \/>\n<!-- \/ Yoast SEO plugin. -->","yoast_head_json":{"title":"Morena y PAN intercambian acusaciones sobre huachicol fiscal - NOTICIAS","robots":{"index":"index","follow":"follow","max-snippet":"max-snippet:-1","max-image-preview":"max-image-preview:large","max-video-preview":"max-video-preview:-1"},"canonical":"https:\/\/laredsocial-noticias.com\/wp\/morena-y-pan-intercambian-acusaciones-sobre-huachicol-fiscal\/","og_locale":"es_ES","og_type":"article","og_title":"Morena y PAN intercambian acusaciones sobre huachicol fiscal - NOTICIAS","og_description":"Morena y PAN revivieron este viernes el intercambio de acusaciones sobre el origen del huachicol fiscal, que ha causado un...","og_url":"https:\/\/laredsocial-noticias.com\/wp\/morena-y-pan-intercambian-acusaciones-sobre-huachicol-fiscal\/","og_site_name":"NOTICIAS","article_published_time":"2026-03-21T02:41:03+00:00","og_image":[{"width":1024,"height":682,"url":"https:\/\/laredsocial-noticias.com\/wp\/wp-content\/uploads\/2026\/03\/image-25-1024x682.png","type":"image\/png"}],"author":"Editor en Jefe","twitter_card":"summary_large_image","twitter_misc":{"Escrito por":"Editor en Jefe","Tiempo de lectura":"4 minutos"},"schema":{"@context":"https:\/\/schema.org","@graph":[{"@type":"WebPage","@id":"https:\/\/laredsocial-noticias.com\/wp\/morena-y-pan-intercambian-acusaciones-sobre-huachicol-fiscal\/","url":"https:\/\/laredsocial-noticias.com\/wp\/morena-y-pan-intercambian-acusaciones-sobre-huachicol-fiscal\/","name":"Morena y PAN intercambian acusaciones sobre huachicol fiscal - NOTICIAS","isPartOf":{"@id":"https:\/\/laredsocial-noticias.com\/wp\/#website"},"primaryImageOfPage":{"@id":"https:\/\/laredsocial-noticias.com\/wp\/morena-y-pan-intercambian-acusaciones-sobre-huachicol-fiscal\/#primaryimage"},"image":{"@id":"https:\/\/laredsocial-noticias.com\/wp\/morena-y-pan-intercambian-acusaciones-sobre-huachicol-fiscal\/#primaryimage"},"thumbnailUrl":"https:\/\/laredsocial-noticias.com\/wp\/wp-content\/uploads\/2026\/03\/image-25.png","datePublished":"2026-03-21T02:41:03+00:00","author":{"@id":"https:\/\/laredsocial-noticias.com\/wp\/#\/schema\/person\/0ce78643f2de7aae6f6ef10e8453a6e0"},"breadcrumb":{"@id":"https:\/\/laredsocial-noticias.com\/wp\/morena-y-pan-intercambian-acusaciones-sobre-huachicol-fiscal\/#breadcrumb"},"inLanguage":"es","potentialAction":[{"@type":"ReadAction","target":["https:\/\/laredsocial-noticias.com\/wp\/morena-y-pan-intercambian-acusaciones-sobre-huachicol-fiscal\/"]}]},{"@type":"ImageObject","inLanguage":"es","@id":"https:\/\/laredsocial-noticias.com\/wp\/morena-y-pan-intercambian-acusaciones-sobre-huachicol-fiscal\/#primaryimage","url":"https:\/\/laredsocial-noticias.com\/wp\/wp-content\/uploads\/2026\/03\/image-25.png","contentUrl":"https:\/\/laredsocial-noticias.com\/wp\/wp-content\/uploads\/2026\/03\/image-25.png","width":1600,"height":1066},{"@type":"BreadcrumbList","@id":"https:\/\/laredsocial-noticias.com\/wp\/morena-y-pan-intercambian-acusaciones-sobre-huachicol-fiscal\/#breadcrumb","itemListElement":[{"@type":"ListItem","position":1,"name":"Portada","item":"https:\/\/laredsocial-noticias.com\/wp\/"},{"@type":"ListItem","position":2,"name":"Morena y PAN intercambian acusaciones sobre huachicol fiscal"}]},{"@type":"WebSite","@id":"https:\/\/laredsocial-noticias.com\/wp\/#website","url":"https:\/\/laredsocial-noticias.com\/wp\/","name":"NOTICIAS","description":"Lo que se ve y se dice en las redes sociales","potentialAction":[{"@type":"SearchAction","target":{"@type":"EntryPoint","urlTemplate":"https:\/\/laredsocial-noticias.com\/wp\/?s={search_term_string}"},"query-input":{"@type":"PropertyValueSpecification","valueRequired":true,"valueName":"search_term_string"}}],"inLanguage":"es"},{"@type":"Person","@id":"https:\/\/laredsocial-noticias.com\/wp\/#\/schema\/person\/0ce78643f2de7aae6f6ef10e8453a6e0","name":"Editor en Jefe","url":"https:\/\/laredsocial-noticias.com\/wp\/author\/jorgeochoa\/"}]}},"_links":{"self":[{"href":"https:\/\/laredsocial-noticias.com\/wp\/wp-json\/wp\/v2\/posts\/266625","targetHints":{"allow":["GET"]}}],"collection":[{"href":"https:\/\/laredsocial-noticias.com\/wp\/wp-json\/wp\/v2\/posts"}],"about":[{"href":"https:\/\/laredsocial-noticias.com\/wp\/wp-json\/wp\/v2\/types\/post"}],"author":[{"embeddable":true,"href":"https:\/\/laredsocial-noticias.com\/wp\/wp-json\/wp\/v2\/users\/1"}],"replies":[{"embeddable":true,"href":"https:\/\/laredsocial-noticias.com\/wp\/wp-json\/wp\/v2\/comments?post=266625"}],"version-history":[{"count":1,"href":"https:\/\/laredsocial-noticias.com\/wp\/wp-json\/wp\/v2\/posts\/266625\/revisions"}],"predecessor-version":[{"id":266627,"href":"https:\/\/laredsocial-noticias.com\/wp\/wp-json\/wp\/v2\/posts\/266625\/revisions\/266627"}],"wp:featuredmedia":[{"embeddable":true,"href":"https:\/\/laredsocial-noticias.com\/wp\/wp-json\/wp\/v2\/media\/266626"}],"wp:attachment":[{"href":"https:\/\/laredsocial-noticias.com\/wp\/wp-json\/wp\/v2\/media?parent=266625"}],"wp:term":[{"taxonomy":"category","embeddable":true,"href":"https:\/\/laredsocial-noticias.com\/wp\/wp-json\/wp\/v2\/categories?post=266625"},{"taxonomy":"post_tag","embeddable":true,"href":"https:\/\/laredsocial-noticias.com\/wp\/wp-json\/wp\/v2\/tags?post=266625"}],"curies":[{"name":"wp","href":"https:\/\/api.w.org\/{rel}","templated":true}]}}