{"id":26670,"date":"2016-09-06T10:00:25","date_gmt":"2016-09-06T15:00:25","guid":{"rendered":"http:\/\/laredsocial-noticias.com\/wp\/?p=26670"},"modified":"2016-09-06T10:01:34","modified_gmt":"2016-09-06T15:01:34","slug":"inaugurara-diconsa-4-comedores-comunitarios-donde-480-jaliscienses-podran-acudir-por-dos-alimentos-al-dia","status":"publish","type":"post","link":"https:\/\/laredsocial-noticias.com\/wp\/inaugurara-diconsa-4-comedores-comunitarios-donde-480-jaliscienses-podran-acudir-por-dos-alimentos-al-dia\/","title":{"rendered":"Inaugurar\u00e1 Diconsa 4 comedores comunitarios donde 480 jaliscienses podr\u00e1n acudir por dos alimentos al d\u00eda"},"content":{"rendered":"<ul>\n<li><strong>Ofrece, adem\u00e1s, atenci\u00f3n a habitantes de zonas conurbadas con 16 Centros de Atenci\u00f3n a Beneficiarios <\/strong><\/li>\n<\/ul>\n<p><a href=\"http:\/\/laredsocial-noticias.com\/wp\/?attachment_id=26671\" rel=\"attachment wp-att-26671\"><img loading=\"lazy\" decoding=\"async\" class=\"aligncenter wp-image-26671\" src=\"http:\/\/laredsocial-noticias.com\/wp\/wp-content\/uploads\/2016\/09\/foto.1.DICONSA.JALISCO-300x225.jpg\" alt=\"foto.1.DICONSA.JALISCO\" width=\"455\" height=\"341\" data-wp-pid=\"26671\" \/><\/a><\/p>\n<p><a href=\"http:\/\/laredsocial-noticias.com\/wp\/?attachment_id=26672\" rel=\"attachment wp-att-26672\"><img loading=\"lazy\" decoding=\"async\" class=\"aligncenter size-medium wp-image-26672\" src=\"http:\/\/laredsocial-noticias.com\/wp\/wp-content\/uploads\/2016\/09\/foto.2.DICONSA.JALISCO-300x225.jpg\" alt=\"foto.2.DICONSA.JALISCO\" width=\"300\" height=\"225\" data-wp-pid=\"26672\" \/><\/a><\/p>\n<p>Guillermo Pimentel Balderas<\/p>\n<p>En gira de trabajo por la capital del estado de Jalisco, el director general de Diconsa, Juan Manuel Valle Pere\u00f1a, se reuni\u00f3 con estudiantes del Centro Universitario de Ciencias Econ\u00f3micas Administrativas, de la Universidad de Guadalajara, a quienes explic\u00f3 que la paraestatal acredita la distribuci\u00f3n de alimentos en zonas rurales y urbanas de esta entidad con 704 tiendas comunitarias fijas y 8 m\u00f3viles que garantizan a la poblaci\u00f3n vulnerable un margen de ahorro de 28 por ciento.<\/p>\n<p>Valle Pere\u00f1a, a trav\u00e9s de un comunicado, anunci\u00f3 que en las pr\u00f3ximas semanas se inaugurar\u00e1n 4 comedores comunitarios donde 480 jaliscienses podr\u00e1n acudir por dos alimentos al d\u00eda, lo que permite mejorar el peso y la talla de los infantes, adem\u00e1s de contribuir al sano desarrollo familiar.<a href=\"http:\/\/laredsocial-noticias.com\/wp\/?attachment_id=26673\" rel=\"attachment wp-att-26673\"><img loading=\"lazy\" decoding=\"async\" class=\"aligncenter size-medium wp-image-26673\" src=\"http:\/\/laredsocial-noticias.com\/wp\/wp-content\/uploads\/2016\/09\/foto.3.DICONSA.JALISCO-300x225.jpg\" alt=\"foto.3.DICONSA.JALISCO\" width=\"300\" height=\"225\" data-wp-pid=\"26673\" \/><\/a><\/p>\n<p>Acompa\u00f1ado por el gerente de la Sucursal Diconsa Centro, Jos\u00e9 Alberto P\u00e9rez Franco, adem\u00e1s explic\u00f3 que para ofrecer atenci\u00f3n a los habitantes de zonas conurbadas se cuenta con 16 Centros de Atenci\u00f3n a Beneficiarios (CABE).<\/p>\n<p>\u201cEstos puntos de distribuci\u00f3n, a cargo de Diconsa, surten alimentos b\u00e1sicos como\u00a0ma\u00edz, harina de ma\u00edz, frijol, arroz, leche en polvo, caf\u00e9, pastas enriquecidas para sopa, aceite y at\u00fan, entre otros productos, a los beneficiarios de la Tarjeta SINHambre, lo que nos permite coadyuvar a combatir la carencia alimentaria\u201d, expuso el funcionario.<\/p>\n<p>En el caso espec\u00edfico de Jalisco, la paraestatal cuenta con un almac\u00e9n central, 8 rurales, 704 tiendas comunitarias fijas y 8 tiendas m\u00f3viles que suministran comestibles sanos, variados y suficientes a 108 municipios del estado, en los cuales se atienden 662 localidades en situaci\u00f3n vulnerable \u201ctenemos previsto llegar a 200 localidades m\u00e1s\u201d, a\u00f1adi\u00f3.<\/p>\n<p>Tambi\u00e9n equipa y abastece dos comedores comunitarios de la Secretar\u00eda de Desarrollo Social (Sedesol) a los que 240 personas entre ni\u00f1os, mujeres embarazadas y en periodo de lactancia, adultos mayores y personas con discapacidad, principalmente, acuden por dos comidas gratuitas diarias.<\/p>\n<p>En su estancia, el director general de la Distribuidora visit\u00f3 la tercera Expo Proveedores y Encargados de Tienda Diconsa en la que se dieron a conocer los nuevos productos que las marcas le ofrecen y que son clave para la toma de decisiones de compra.<\/p>\n<p>Finalmente, adem\u00e1s de reunirse con el personal de la Sucursal Centro y de los Consejos Comunitarios de Abasto de Jalisco, Colima y Michoac\u00e1n, Juan Manuel Valle Pere\u00f1a visit\u00f3 el almac\u00e9n Lo de Teresa, as\u00ed como la tienda comunitaria de la misma localidad.<\/p>\n","protected":false},"excerpt":{"rendered":"<p>Ofrece, adem\u00e1s, atenci\u00f3n a habitantes de zonas conurbadas con 16 Centros de Atenci\u00f3n a Beneficiarios Guillermo Pimentel Balderas En gira&#8230;<\/p>\n","protected":false},"author":10,"featured_media":0,"comment_status":"open","ping_status":"open","sticky":false,"template":"","format":"standard","meta":{"footnotes":""},"categories":[2201],"tags":[],"class_list":["post-26670","post","type-post","status-publish","format-standard","hentry","category-alimentacion"],"yoast_head":"<!-- This site is optimized with the Yoast SEO plugin v26.5 - https:\/\/yoast.com\/wordpress\/plugins\/seo\/ -->\n<title>Inaugurar\u00e1 Diconsa 4 comedores comunitarios donde 480 jaliscienses podr\u00e1n acudir por dos alimentos al d\u00eda - NOTICIAS<\/title>\n<meta name=\"robots\" content=\"index, follow, max-snippet:-1, max-image-preview:large, max-video-preview:-1\" \/>\n<link rel=\"canonical\" href=\"https:\/\/laredsocial-noticias.com\/wp\/inaugurara-diconsa-4-comedores-comunitarios-donde-480-jaliscienses-podran-acudir-por-dos-alimentos-al-dia\/\" \/>\n<meta property=\"og:locale\" content=\"es_ES\" \/>\n<meta property=\"og:type\" content=\"article\" \/>\n<meta property=\"og:title\" content=\"Inaugurar\u00e1 Diconsa 4 comedores comunitarios donde 480 jaliscienses podr\u00e1n acudir por dos alimentos al d\u00eda - NOTICIAS\" \/>\n<meta property=\"og:description\" content=\"Ofrece, adem\u00e1s, atenci\u00f3n a habitantes de zonas conurbadas con 16 Centros de Atenci\u00f3n a Beneficiarios Guillermo Pimentel Balderas En gira...\" \/>\n<meta property=\"og:url\" content=\"https:\/\/laredsocial-noticias.com\/wp\/inaugurara-diconsa-4-comedores-comunitarios-donde-480-jaliscienses-podran-acudir-por-dos-alimentos-al-dia\/\" \/>\n<meta property=\"og:site_name\" content=\"NOTICIAS\" \/>\n<meta property=\"article:published_time\" content=\"2016-09-06T15:00:25+00:00\" \/>\n<meta property=\"article:modified_time\" content=\"2016-09-06T15:01:34+00:00\" \/>\n<meta property=\"og:image\" content=\"https:\/\/laredsocial-noticias.com\/wp\/wp-content\/uploads\/2016\/09\/foto.1.DICONSA.JALISCO.jpg\" \/>\n\t<meta property=\"og:image:width\" content=\"1280\" \/>\n\t<meta property=\"og:image:height\" content=\"960\" \/>\n\t<meta property=\"og:image:type\" content=\"image\/jpeg\" \/>\n<meta name=\"author\" content=\"Guillermo Pimentel\" \/>\n<meta name=\"twitter:card\" content=\"summary_large_image\" \/>\n<meta name=\"twitter:label1\" content=\"Escrito por\" \/>\n\t<meta name=\"twitter:data1\" content=\"Guillermo Pimentel\" \/>\n\t<meta name=\"twitter:label2\" content=\"Tiempo de lectura\" \/>\n\t<meta name=\"twitter:data2\" content=\"2 minutos\" \/>\n<!-- \/ Yoast SEO plugin. -->","yoast_head_json":{"title":"Inaugurar\u00e1 Diconsa 4 comedores comunitarios donde 480 jaliscienses podr\u00e1n acudir por dos alimentos al d\u00eda - NOTICIAS","robots":{"index":"index","follow":"follow","max-snippet":"max-snippet:-1","max-image-preview":"max-image-preview:large","max-video-preview":"max-video-preview:-1"},"canonical":"https:\/\/laredsocial-noticias.com\/wp\/inaugurara-diconsa-4-comedores-comunitarios-donde-480-jaliscienses-podran-acudir-por-dos-alimentos-al-dia\/","og_locale":"es_ES","og_type":"article","og_title":"Inaugurar\u00e1 Diconsa 4 comedores comunitarios donde 480 jaliscienses podr\u00e1n acudir por dos alimentos al d\u00eda - NOTICIAS","og_description":"Ofrece, adem\u00e1s, atenci\u00f3n a habitantes de zonas conurbadas con 16 Centros de Atenci\u00f3n a Beneficiarios Guillermo Pimentel Balderas En gira...","og_url":"https:\/\/laredsocial-noticias.com\/wp\/inaugurara-diconsa-4-comedores-comunitarios-donde-480-jaliscienses-podran-acudir-por-dos-alimentos-al-dia\/","og_site_name":"NOTICIAS","article_published_time":"2016-09-06T15:00:25+00:00","article_modified_time":"2016-09-06T15:01:34+00:00","og_image":[{"width":1280,"height":960,"url":"https:\/\/laredsocial-noticias.com\/wp\/wp-content\/uploads\/2016\/09\/foto.1.DICONSA.JALISCO.jpg","type":"image\/jpeg"}],"author":"Guillermo Pimentel","twitter_card":"summary_large_image","twitter_misc":{"Escrito por":"Guillermo Pimentel","Tiempo de lectura":"2 minutos"},"schema":{"@context":"https:\/\/schema.org","@graph":[{"@type":"WebPage","@id":"https:\/\/laredsocial-noticias.com\/wp\/inaugurara-diconsa-4-comedores-comunitarios-donde-480-jaliscienses-podran-acudir-por-dos-alimentos-al-dia\/","url":"https:\/\/laredsocial-noticias.com\/wp\/inaugurara-diconsa-4-comedores-comunitarios-donde-480-jaliscienses-podran-acudir-por-dos-alimentos-al-dia\/","name":"Inaugurar\u00e1 Diconsa 4 comedores comunitarios donde 480 jaliscienses podr\u00e1n acudir por dos alimentos al d\u00eda - NOTICIAS","isPartOf":{"@id":"https:\/\/laredsocial-noticias.com\/wp\/#website"},"primaryImageOfPage":{"@id":"https:\/\/laredsocial-noticias.com\/wp\/inaugurara-diconsa-4-comedores-comunitarios-donde-480-jaliscienses-podran-acudir-por-dos-alimentos-al-dia\/#primaryimage"},"image":{"@id":"https:\/\/laredsocial-noticias.com\/wp\/inaugurara-diconsa-4-comedores-comunitarios-donde-480-jaliscienses-podran-acudir-por-dos-alimentos-al-dia\/#primaryimage"},"thumbnailUrl":"http:\/\/laredsocial-noticias.com\/wp\/wp-content\/uploads\/2016\/09\/foto.1.DICONSA.JALISCO-300x225.jpg","datePublished":"2016-09-06T15:00:25+00:00","dateModified":"2016-09-06T15:01:34+00:00","author":{"@id":"https:\/\/laredsocial-noticias.com\/wp\/#\/schema\/person\/9c09eb8c35c46dac6d30e2baff4b64d6"},"breadcrumb":{"@id":"https:\/\/laredsocial-noticias.com\/wp\/inaugurara-diconsa-4-comedores-comunitarios-donde-480-jaliscienses-podran-acudir-por-dos-alimentos-al-dia\/#breadcrumb"},"inLanguage":"es","potentialAction":[{"@type":"ReadAction","target":["https:\/\/laredsocial-noticias.com\/wp\/inaugurara-diconsa-4-comedores-comunitarios-donde-480-jaliscienses-podran-acudir-por-dos-alimentos-al-dia\/"]}]},{"@type":"ImageObject","inLanguage":"es","@id":"https:\/\/laredsocial-noticias.com\/wp\/inaugurara-diconsa-4-comedores-comunitarios-donde-480-jaliscienses-podran-acudir-por-dos-alimentos-al-dia\/#primaryimage","url":"","contentUrl":""},{"@type":"BreadcrumbList","@id":"https:\/\/laredsocial-noticias.com\/wp\/inaugurara-diconsa-4-comedores-comunitarios-donde-480-jaliscienses-podran-acudir-por-dos-alimentos-al-dia\/#breadcrumb","itemListElement":[{"@type":"ListItem","position":1,"name":"Portada","item":"https:\/\/laredsocial-noticias.com\/wp\/"},{"@type":"ListItem","position":2,"name":"Inaugurar\u00e1 Diconsa 4 comedores comunitarios donde 480 jaliscienses podr\u00e1n acudir por dos alimentos al d\u00eda"}]},{"@type":"WebSite","@id":"https:\/\/laredsocial-noticias.com\/wp\/#website","url":"https:\/\/laredsocial-noticias.com\/wp\/","name":"NOTICIAS","description":"Lo que se ve y se dice en las redes sociales","potentialAction":[{"@type":"SearchAction","target":{"@type":"EntryPoint","urlTemplate":"https:\/\/laredsocial-noticias.com\/wp\/?s={search_term_string}"},"query-input":{"@type":"PropertyValueSpecification","valueRequired":true,"valueName":"search_term_string"}}],"inLanguage":"es"},{"@type":"Person","@id":"https:\/\/laredsocial-noticias.com\/wp\/#\/schema\/person\/9c09eb8c35c46dac6d30e2baff4b64d6","name":"Guillermo Pimentel","url":"https:\/\/laredsocial-noticias.com\/wp\/author\/guillermo\/"}]}},"_links":{"self":[{"href":"https:\/\/laredsocial-noticias.com\/wp\/wp-json\/wp\/v2\/posts\/26670","targetHints":{"allow":["GET"]}}],"collection":[{"href":"https:\/\/laredsocial-noticias.com\/wp\/wp-json\/wp\/v2\/posts"}],"about":[{"href":"https:\/\/laredsocial-noticias.com\/wp\/wp-json\/wp\/v2\/types\/post"}],"author":[{"embeddable":true,"href":"https:\/\/laredsocial-noticias.com\/wp\/wp-json\/wp\/v2\/users\/10"}],"replies":[{"embeddable":true,"href":"https:\/\/laredsocial-noticias.com\/wp\/wp-json\/wp\/v2\/comments?post=26670"}],"version-history":[{"count":1,"href":"https:\/\/laredsocial-noticias.com\/wp\/wp-json\/wp\/v2\/posts\/26670\/revisions"}],"predecessor-version":[{"id":26677,"href":"https:\/\/laredsocial-noticias.com\/wp\/wp-json\/wp\/v2\/posts\/26670\/revisions\/26677"}],"wp:attachment":[{"href":"https:\/\/laredsocial-noticias.com\/wp\/wp-json\/wp\/v2\/media?parent=26670"}],"wp:term":[{"taxonomy":"category","embeddable":true,"href":"https:\/\/laredsocial-noticias.com\/wp\/wp-json\/wp\/v2\/categories?post=26670"},{"taxonomy":"post_tag","embeddable":true,"href":"https:\/\/laredsocial-noticias.com\/wp\/wp-json\/wp\/v2\/tags?post=26670"}],"curies":[{"name":"wp","href":"https:\/\/api.w.org\/{rel}","templated":true}]}}