{"id":266803,"date":"2026-03-27T14:23:58","date_gmt":"2026-03-27T20:23:58","guid":{"rendered":"https:\/\/laredsocial-noticias.com\/wp\/?p=266803"},"modified":"2026-03-27T14:24:42","modified_gmt":"2026-03-27T20:24:42","slug":"me-gustaria-que-la-derecha-leyera-voy-a-mandarle-un-libro-a-la-diputada-genoveva-huerta-ricardo-monreal","status":"publish","type":"post","link":"https:\/\/laredsocial-noticias.com\/wp\/me-gustaria-que-la-derecha-leyera-voy-a-mandarle-un-libro-a-la-diputada-genoveva-huerta-ricardo-monreal\/","title":{"rendered":"\u201cMe gustar\u00eda que la derecha leyera. Voy a mandarle un libro a la diputada Genoveva Huerta\u201d: Ricardo Monreal"},"content":{"rendered":"<p>El diputado Ricardo Monreal \u00c1vila, coordinador del Grupo Parlamentario de Morena y presidente de la Junta de Coordinaci\u00f3n Pol\u00edtica, asever\u00f3 que se ha generado una \u201cespeculaci\u00f3n inusitada\u201d sobre unas expresiones que dio hace unos d\u00edas en una conferencia de prensa en Puebla.<\/p>\n<p>En declaraciones a representantes de medios de comunicaci\u00f3n, Monreal \u00c1vila refiri\u00f3 que \u201calguna expresi\u00f3n de la prensa local que yo respond\u00ed: \u2018Hay gobernadores, alguna cosa dije, hay gobernadores que fueron terribles en el pasado y que fueron muy persecutores. Y dije, \u00bfc\u00f3mo?\u2019<\/p>\n<p>\u201cY no quise decir el nombre. Pero eso ha generado una especulaci\u00f3n inusitada en Puebla y aqu\u00ed tambi\u00e9n. Incluso, una diputada del PAN, me mand\u00f3 una carta para aclarar a qu\u00e9 me refer\u00eda, Genoveva Huerta\u201d.<\/p>\n<p>Agreg\u00f3 que \u201cno quise hacerlo por prudencia, pero tambi\u00e9n el oportunismo pol\u00edtico de la derecha no puede caminar habiendo tantas cosas que hacer por el pa\u00eds\u201d.<\/p>\n<p>Monreal \u00c1vila sostuvo que se refer\u00eda \u201ca un episodio hist\u00f3rico de Mucio Mart\u00ednez, gobernador de Puebla cuando asesinaron a Aquiles Serd\u00e1n y a M\u00e1ximo Serd\u00e1n, dos d\u00edas antes del estallido de la Revoluci\u00f3n Mexicana en 1910.<\/p>\n<p>\u201cY Mucio Mart\u00ednez, que era un aliado de Porfirio D\u00edaz, incondicional de Porfirio D\u00edaz, persecutor de los opositores, se dio cuenta del movimiento que estaba por iniciar el 20 de noviembre.<\/p>\n<p>\u201cLos Serd\u00e1n eran simpatizantes de Francisco I. Madero y estaban preparando todos los planes para el estallido de la revoluci\u00f3n en Puebla. Y los asesinaron. Y los mand\u00f3 a asesinar con la polic\u00eda local este gobernador s\u00e1trapa, Mucio Mart\u00ednez.<\/p>\n<p>\u201cA eso me refer\u00eda. Mucio Mart\u00ednez era este gobernador de triste memoria, que lamentablemente mand\u00f3 a asesinar primero a M\u00e1ximo Serd\u00e1n y luego un d\u00eda despu\u00e9s a Aquiles\u201d.<\/p>\n<p>Indic\u00f3 que \u201ceste episodio lo relato en mi libro \u2018Francisco I. Madero. Una experiencia inacabada\u2019. Lo relato con amplitud, porque es uno de los episodios m\u00e1s nefastos, y cuando la derecha especula, no es correcto que haga estas irresponsables especulaciones. Me refer\u00eda a Mucio Mart\u00ednez.<\/p>\n<p>Monreal \u00c1vila se\u00f1al\u00f3 que sobre el exgobernador Miguel \u00c1ngel Barbosa \u201ctengo y tuve siempre una buena opini\u00f3n, sobre su familia, incluso sobre su esposa, do\u00f1a Rosario. Es una mujer estupenda, una mujer inteligente, una mujer disciplinada con Morena, una mujer del movimiento, una mujer con mucha tolerancia y mucha capacidad\u201d.<\/p>\n<p>Agreg\u00f3 que \u201clo hac\u00eda en aquel momento en Puebla, porque quer\u00eda hacer la comparaci\u00f3n de los buenos gobernadores con los malos gobernadores que persegu\u00edan y asesinaban.<\/p>\n<p>\u201cY un buen gobernador es el actual para m\u00ed. Alejandro Armenta, que est\u00e1 llevando a su estado a niveles de desarrollo que nadie se esperaba, que est\u00e1 llevando a su estado a lograr la recuperaci\u00f3n de la paz y la tranquilidad que se perdi\u00f3 en d\u00e9cadas pasadas. Y est\u00e1 llevando al estado a mantener, por encima de todo, los principios que sostienen al movimiento al que pertenecemos. Alejandro Armenta es un muy buen gobernador\u201d.<\/p>\n<p>Insisti\u00f3 en que \u201cpara que no se siga especulando, me refer\u00eda a Mucio Mart\u00ednez. Me gustar\u00eda que la derecha leyera. Voy a mandarle un libro a la diputada. Ah\u00ed relato este pasaje de Mucio Mart\u00ednez, que asesin\u00f3 a los Serd\u00e1n, a M\u00e1ximo y Aquiles\u201d.<\/p>\n<p>Dijo que va \u201ca dar una respuesta institucional. Yo creo que es un oportunismo de la derecha. Me refiero a Mucio Mart\u00ednez. Si ellos quieren disculparse con Mucio Mart\u00ednez, que lo hagan. Yo no lo voy a hacer\u201d.<\/p>\n","protected":false},"excerpt":{"rendered":"<p>El diputado Ricardo Monreal \u00c1vila, coordinador del Grupo Parlamentario de Morena y presidente de la Junta de Coordinaci\u00f3n Pol\u00edtica, asever\u00f3&#8230;<\/p>\n","protected":false},"author":1,"featured_media":266805,"comment_status":"open","ping_status":"closed","sticky":false,"template":"","format":"standard","meta":{"footnotes":""},"categories":[2801],"tags":[],"class_list":["post-266803","post","type-post","status-publish","format-standard","has-post-thumbnail","hentry","category-politica"],"yoast_head":"<!-- This site is optimized with the Yoast SEO plugin v26.5 - https:\/\/yoast.com\/wordpress\/plugins\/seo\/ -->\n<title>\u201cMe gustar\u00eda que la derecha leyera. Voy a mandarle un libro a la diputada Genoveva Huerta\u201d: Ricardo Monreal - NOTICIAS<\/title>\n<meta name=\"robots\" content=\"index, follow, max-snippet:-1, max-image-preview:large, max-video-preview:-1\" \/>\n<link rel=\"canonical\" href=\"https:\/\/laredsocial-noticias.com\/wp\/me-gustaria-que-la-derecha-leyera-voy-a-mandarle-un-libro-a-la-diputada-genoveva-huerta-ricardo-monreal\/\" \/>\n<meta property=\"og:locale\" content=\"es_ES\" \/>\n<meta property=\"og:type\" content=\"article\" \/>\n<meta property=\"og:title\" content=\"\u201cMe gustar\u00eda que la derecha leyera. Voy a mandarle un libro a la diputada Genoveva Huerta\u201d: Ricardo Monreal - NOTICIAS\" \/>\n<meta property=\"og:description\" content=\"El diputado Ricardo Monreal \u00c1vila, coordinador del Grupo Parlamentario de Morena y presidente de la Junta de Coordinaci\u00f3n Pol\u00edtica, asever\u00f3...\" \/>\n<meta property=\"og:url\" content=\"https:\/\/laredsocial-noticias.com\/wp\/me-gustaria-que-la-derecha-leyera-voy-a-mandarle-un-libro-a-la-diputada-genoveva-huerta-ricardo-monreal\/\" \/>\n<meta property=\"og:site_name\" content=\"NOTICIAS\" \/>\n<meta property=\"article:published_time\" content=\"2026-03-27T20:23:58+00:00\" \/>\n<meta property=\"article:modified_time\" content=\"2026-03-27T20:24:42+00:00\" \/>\n<meta name=\"author\" content=\"Editor en Jefe\" \/>\n<meta name=\"twitter:card\" content=\"summary_large_image\" \/>\n<meta name=\"twitter:label1\" content=\"Escrito por\" \/>\n\t<meta name=\"twitter:data1\" content=\"Editor en Jefe\" \/>\n\t<meta name=\"twitter:label2\" content=\"Tiempo de lectura\" \/>\n\t<meta name=\"twitter:data2\" content=\"3 minutos\" \/>\n<!-- \/ Yoast SEO plugin. -->","yoast_head_json":{"title":"\u201cMe gustar\u00eda que la derecha leyera. Voy a mandarle un libro a la diputada Genoveva Huerta\u201d: Ricardo Monreal - NOTICIAS","robots":{"index":"index","follow":"follow","max-snippet":"max-snippet:-1","max-image-preview":"max-image-preview:large","max-video-preview":"max-video-preview:-1"},"canonical":"https:\/\/laredsocial-noticias.com\/wp\/me-gustaria-que-la-derecha-leyera-voy-a-mandarle-un-libro-a-la-diputada-genoveva-huerta-ricardo-monreal\/","og_locale":"es_ES","og_type":"article","og_title":"\u201cMe gustar\u00eda que la derecha leyera. Voy a mandarle un libro a la diputada Genoveva Huerta\u201d: Ricardo Monreal - NOTICIAS","og_description":"El diputado Ricardo Monreal \u00c1vila, coordinador del Grupo Parlamentario de Morena y presidente de la Junta de Coordinaci\u00f3n Pol\u00edtica, asever\u00f3...","og_url":"https:\/\/laredsocial-noticias.com\/wp\/me-gustaria-que-la-derecha-leyera-voy-a-mandarle-un-libro-a-la-diputada-genoveva-huerta-ricardo-monreal\/","og_site_name":"NOTICIAS","article_published_time":"2026-03-27T20:23:58+00:00","article_modified_time":"2026-03-27T20:24:42+00:00","author":"Editor en Jefe","twitter_card":"summary_large_image","twitter_misc":{"Escrito por":"Editor en Jefe","Tiempo de lectura":"3 minutos"},"schema":{"@context":"https:\/\/schema.org","@graph":[{"@type":"WebPage","@id":"https:\/\/laredsocial-noticias.com\/wp\/me-gustaria-que-la-derecha-leyera-voy-a-mandarle-un-libro-a-la-diputada-genoveva-huerta-ricardo-monreal\/","url":"https:\/\/laredsocial-noticias.com\/wp\/me-gustaria-que-la-derecha-leyera-voy-a-mandarle-un-libro-a-la-diputada-genoveva-huerta-ricardo-monreal\/","name":"\u201cMe gustar\u00eda que la derecha leyera. Voy a mandarle un libro a la diputada Genoveva Huerta\u201d: Ricardo Monreal - NOTICIAS","isPartOf":{"@id":"https:\/\/laredsocial-noticias.com\/wp\/#website"},"primaryImageOfPage":{"@id":"https:\/\/laredsocial-noticias.com\/wp\/me-gustaria-que-la-derecha-leyera-voy-a-mandarle-un-libro-a-la-diputada-genoveva-huerta-ricardo-monreal\/#primaryimage"},"image":{"@id":"https:\/\/laredsocial-noticias.com\/wp\/me-gustaria-que-la-derecha-leyera-voy-a-mandarle-un-libro-a-la-diputada-genoveva-huerta-ricardo-monreal\/#primaryimage"},"thumbnailUrl":"https:\/\/laredsocial-noticias.com\/wp\/wp-content\/uploads\/2026\/03\/2026_03_27__01_15_57pm.jpeg","datePublished":"2026-03-27T20:23:58+00:00","dateModified":"2026-03-27T20:24:42+00:00","author":{"@id":"https:\/\/laredsocial-noticias.com\/wp\/#\/schema\/person\/0ce78643f2de7aae6f6ef10e8453a6e0"},"breadcrumb":{"@id":"https:\/\/laredsocial-noticias.com\/wp\/me-gustaria-que-la-derecha-leyera-voy-a-mandarle-un-libro-a-la-diputada-genoveva-huerta-ricardo-monreal\/#breadcrumb"},"inLanguage":"es","potentialAction":[{"@type":"ReadAction","target":["https:\/\/laredsocial-noticias.com\/wp\/me-gustaria-que-la-derecha-leyera-voy-a-mandarle-un-libro-a-la-diputada-genoveva-huerta-ricardo-monreal\/"]}]},{"@type":"ImageObject","inLanguage":"es","@id":"https:\/\/laredsocial-noticias.com\/wp\/me-gustaria-que-la-derecha-leyera-voy-a-mandarle-un-libro-a-la-diputada-genoveva-huerta-ricardo-monreal\/#primaryimage","url":"https:\/\/laredsocial-noticias.com\/wp\/wp-content\/uploads\/2026\/03\/2026_03_27__01_15_57pm.jpeg","contentUrl":"https:\/\/laredsocial-noticias.com\/wp\/wp-content\/uploads\/2026\/03\/2026_03_27__01_15_57pm.jpeg","width":1280,"height":853},{"@type":"BreadcrumbList","@id":"https:\/\/laredsocial-noticias.com\/wp\/me-gustaria-que-la-derecha-leyera-voy-a-mandarle-un-libro-a-la-diputada-genoveva-huerta-ricardo-monreal\/#breadcrumb","itemListElement":[{"@type":"ListItem","position":1,"name":"Portada","item":"https:\/\/laredsocial-noticias.com\/wp\/"},{"@type":"ListItem","position":2,"name":"\u201cMe gustar\u00eda que la derecha leyera. Voy a mandarle un libro a la diputada Genoveva Huerta\u201d: Ricardo Monreal"}]},{"@type":"WebSite","@id":"https:\/\/laredsocial-noticias.com\/wp\/#website","url":"https:\/\/laredsocial-noticias.com\/wp\/","name":"NOTICIAS","description":"Lo que se ve y se dice en las redes sociales","potentialAction":[{"@type":"SearchAction","target":{"@type":"EntryPoint","urlTemplate":"https:\/\/laredsocial-noticias.com\/wp\/?s={search_term_string}"},"query-input":{"@type":"PropertyValueSpecification","valueRequired":true,"valueName":"search_term_string"}}],"inLanguage":"es"},{"@type":"Person","@id":"https:\/\/laredsocial-noticias.com\/wp\/#\/schema\/person\/0ce78643f2de7aae6f6ef10e8453a6e0","name":"Editor en Jefe","url":"https:\/\/laredsocial-noticias.com\/wp\/author\/jorgeochoa\/"}]}},"_links":{"self":[{"href":"https:\/\/laredsocial-noticias.com\/wp\/wp-json\/wp\/v2\/posts\/266803","targetHints":{"allow":["GET"]}}],"collection":[{"href":"https:\/\/laredsocial-noticias.com\/wp\/wp-json\/wp\/v2\/posts"}],"about":[{"href":"https:\/\/laredsocial-noticias.com\/wp\/wp-json\/wp\/v2\/types\/post"}],"author":[{"embeddable":true,"href":"https:\/\/laredsocial-noticias.com\/wp\/wp-json\/wp\/v2\/users\/1"}],"replies":[{"embeddable":true,"href":"https:\/\/laredsocial-noticias.com\/wp\/wp-json\/wp\/v2\/comments?post=266803"}],"version-history":[{"count":1,"href":"https:\/\/laredsocial-noticias.com\/wp\/wp-json\/wp\/v2\/posts\/266803\/revisions"}],"predecessor-version":[{"id":266804,"href":"https:\/\/laredsocial-noticias.com\/wp\/wp-json\/wp\/v2\/posts\/266803\/revisions\/266804"}],"wp:featuredmedia":[{"embeddable":true,"href":"https:\/\/laredsocial-noticias.com\/wp\/wp-json\/wp\/v2\/media\/266805"}],"wp:attachment":[{"href":"https:\/\/laredsocial-noticias.com\/wp\/wp-json\/wp\/v2\/media?parent=266803"}],"wp:term":[{"taxonomy":"category","embeddable":true,"href":"https:\/\/laredsocial-noticias.com\/wp\/wp-json\/wp\/v2\/categories?post=266803"},{"taxonomy":"post_tag","embeddable":true,"href":"https:\/\/laredsocial-noticias.com\/wp\/wp-json\/wp\/v2\/tags?post=266803"}],"curies":[{"name":"wp","href":"https:\/\/api.w.org\/{rel}","templated":true}]}}