{"id":267232,"date":"2026-04-03T11:02:21","date_gmt":"2026-04-03T17:02:21","guid":{"rendered":"https:\/\/laredsocial-noticias.com\/wp\/?p=267232"},"modified":"2026-04-03T11:10:28","modified_gmt":"2026-04-03T17:10:28","slug":"pizza-pasta-fest-2026-llega-a-la-cdmx-con-su-primera-edicion-y-apuesta-por-convertirse-en-referente-gastronomico-anual","status":"publish","type":"post","link":"https:\/\/laredsocial-noticias.com\/wp\/pizza-pasta-fest-2026-llega-a-la-cdmx-con-su-primera-edicion-y-apuesta-por-convertirse-en-referente-gastronomico-anual\/","title":{"rendered":"Pizza Pasta Fest 2026 en la CDMX primera edici\u00f3n"},"content":{"rendered":"<div class=\"flex flex-col text-sm pb-25\">\n<section class=\"text-token-text-primary w-full focus:outline-none [--shadow-height:45px] has-data-writing-block:pointer-events-none has-data-writing-block:-mt-(--shadow-height) has-data-writing-block:pt-(--shadow-height) [&amp;:has([data-writing-block])&gt;*]:pointer-events-auto scroll-mt-[calc(var(--header-height)+min(200px,max(70px,20svh)))]\" dir=\"auto\" data-turn-id=\"request-WEB:b6869310-da54-4fe8-bbd4-cabb7012cdb6-2\" data-testid=\"conversation-turn-6\" data-scroll-anchor=\"true\" data-turn=\"assistant\">\n<div class=\"text-base my-auto mx-auto pb-10 [--thread-content-margin:var(--thread-content-margin-xs,calc(var(--spacing)*4))] @w-sm\/main:[--thread-content-margin:var(--thread-content-margin-sm,calc(var(--spacing)*6))] @w-lg\/main:[--thread-content-margin:var(--thread-content-margin-lg,calc(var(--spacing)*16))] px-(--thread-content-margin)\">\n<div class=\"[--thread-content-max-width:40rem] @w-lg\/main:[--thread-content-max-width:48rem] mx-auto max-w-(--thread-content-max-width) flex-1 group\/turn-messages focus-visible:outline-hidden relative flex w-full min-w-0 flex-col agent-turn\">\n<div class=\"flex max-w-full flex-col gap-4 grow\">\n<div class=\"min-h-8 text-message relative flex w-full flex-col items-end gap-2 text-start break-words whitespace-normal outline-none keyboard-focused:focus-ring [.text-message+&amp;]:mt-1\" dir=\"auto\" tabindex=\"0\" data-message-author-role=\"assistant\" data-message-id=\"61303246-3256-4169-baec-da2d29c83524\" data-message-model-slug=\"gpt-5-3\" data-turn-start-message=\"true\">\n<div class=\"flex w-full flex-col gap-1 empty:hidden\">\n<div class=\"markdown prose dark:prose-invert w-full wrap-break-word light markdown-new-styling\">\n<p data-start=\"124\" data-end=\"392\">La capital del pa\u00eds se prepara para recibir la primera edici\u00f3n de Pizza Pasta Fest 2026, un nuevo festival gastron\u00f3mico dedicado a la cocina italiana que se llevar\u00e1 a cabo del 14 al 16 de agosto en el estacionamiento del restaurante del Campo Marte.<\/p>\n<p data-start=\"394\" data-end=\"731\">Bajo el lema \u201cVivimos por el queso y el vino\u201d, este evento busca ir m\u00e1s all\u00e1 del formato tradicional de ferias culinarias al ofrecer una experiencia integral que combina gastronom\u00eda, entretenimiento, aprendizaje y networking, aline\u00e1ndose con las tendencias internacionales que convierten la comida en una vivencia interactiva y cultural.<\/p>\n<p data-start=\"733\" data-end=\"987\">En su debut, el festival reunir\u00e1 a m\u00e1s de 200 expositores, entre chefs, restaurantes, productores, marcas especializadas y emprendedores, posicion\u00e1ndose como un punto de encuentro clave tanto para profesionales del sector como para el p\u00fablico en general.<\/p>\n<p data-start=\"989\" data-end=\"1217\">Durante tres d\u00edas, los asistentes podr\u00e1n disfrutar de una amplia programaci\u00f3n que incluye demostraciones culinarias en vivo, conferencias, talleres y degustaciones, todo enfocado en la riqueza y diversidad de la cocina italiana.<\/p>\n<p data-start=\"1219\" data-end=\"1304\">El evento estar\u00e1 dividido en diversas zonas tem\u00e1ticas para enriquecer la experiencia:<\/p>\n<p data-start=\"1306\" data-end=\"1496\">La Zona Gastron\u00f3mica ser\u00e1 el coraz\u00f3n del festival, con una amplia oferta de pizzas, pastas y propuestas italianas contempor\u00e1neas preparadas al momento por chefs y restaurantes participantes.<\/p>\n<p data-start=\"1498\" data-end=\"1701\">En Il Mercato, el \u00e1rea de proveedores, se concentrar\u00e1 la exposici\u00f3n comercial con insumos, maquinaria, tecnolog\u00eda y productos gourmet disponibles tanto para profesionales como para el p\u00fablico interesado.<\/p>\n<p data-start=\"1703\" data-end=\"1854\">La Zona Dolce Vita ofrecer\u00e1 una selecci\u00f3n de postres, gelato y reposter\u00eda artesanal, complementando el recorrido culinario con el lado dulce de Italia.<\/p>\n<p data-start=\"1856\" data-end=\"1978\">Por su parte, Bambini Land estar\u00e1 dise\u00f1ado como un espacio familiar con actividades recreativas dirigidas a ni\u00f1as y ni\u00f1os.<\/p>\n<p data-start=\"1980\" data-end=\"2194\">Uno de los principales atractivos ser\u00e1 el Concurso a la Mejor Pizza Pizza Pasta Fest 2026, que premiar\u00e1 el talento culinario en tres categor\u00edas: mejor pizza tradicional, mejor pizza creativa y mejor t\u00e9cnica y masa.<\/p>\n<p data-start=\"2196\" data-end=\"2386\">Adem\u00e1s de su enfoque gastron\u00f3mico, el festival se plantea como una plataforma para impulsar al sector, conectando a marcas, creadores de contenido, medios y consumidores en un mismo espacio.<\/p>\n<p data-start=\"2388\" data-end=\"2598\" data-is-last-node=\"\" data-is-only-node=\"\">Con entrada gratuita, Pizza Pasta Fest 2026 busca garantizar el acceso a una amplia audiencia y sentar las bases para consolidarse como un evento anual dentro del calendario gastron\u00f3mico de la Ciudad de M\u00e9xico.<\/p>\n<\/div>\n<\/div>\n<\/div>\n<\/div>\n<div class=\"z-0 flex min-h-[46px] justify-start\"><\/div>\n<div class=\"mt-3 w-full empty:hidden\">\n<div class=\"text-center\"><\/div>\n<\/div>\n<\/div>\n<\/div>\n<\/section>\n<\/div>\n<div class=\"pointer-events-none h-px w-px absolute bottom-0\" aria-hidden=\"true\" data-edge=\"true\"><\/div>\n","protected":false},"excerpt":{"rendered":"<p>La capital del pa\u00eds se prepara para recibir la primera edici\u00f3n de Pizza Pasta Fest 2026, un nuevo festival gastron\u00f3mico&#8230;<\/p>\n","protected":false},"author":1,"featured_media":267234,"comment_status":"open","ping_status":"closed","sticky":false,"template":"","format":"standard","meta":{"footnotes":""},"categories":[91],"tags":[],"class_list":["post-267232","post","type-post","status-publish","format-standard","has-post-thumbnail","hentry","category-cdmx"],"yoast_head":"<!-- This site is optimized with the Yoast SEO plugin v26.5 - https:\/\/yoast.com\/wordpress\/plugins\/seo\/ -->\n<title>Pizza Pasta Fest 2026 en la CDMX primera edici\u00f3n - NOTICIAS<\/title>\n<meta name=\"robots\" content=\"index, follow, max-snippet:-1, max-image-preview:large, max-video-preview:-1\" \/>\n<link rel=\"canonical\" href=\"https:\/\/laredsocial-noticias.com\/wp\/pizza-pasta-fest-2026-llega-a-la-cdmx-con-su-primera-edicion-y-apuesta-por-convertirse-en-referente-gastronomico-anual\/\" \/>\n<meta property=\"og:locale\" content=\"es_ES\" \/>\n<meta property=\"og:type\" content=\"article\" \/>\n<meta property=\"og:title\" content=\"Pizza Pasta Fest 2026 en la CDMX primera edici\u00f3n - NOTICIAS\" \/>\n<meta property=\"og:description\" content=\"La capital del pa\u00eds se prepara para recibir la primera edici\u00f3n de Pizza Pasta Fest 2026, un nuevo festival gastron\u00f3mico...\" \/>\n<meta property=\"og:url\" content=\"https:\/\/laredsocial-noticias.com\/wp\/pizza-pasta-fest-2026-llega-a-la-cdmx-con-su-primera-edicion-y-apuesta-por-convertirse-en-referente-gastronomico-anual\/\" \/>\n<meta property=\"og:site_name\" content=\"NOTICIAS\" \/>\n<meta property=\"article:published_time\" content=\"2026-04-03T17:02:21+00:00\" \/>\n<meta property=\"article:modified_time\" content=\"2026-04-03T17:10:28+00:00\" \/>\n<meta property=\"og:image\" content=\"https:\/\/laredsocial-noticias.com\/wp\/wp-content\/uploads\/2026\/04\/f848x477-81869_139672_5050.jpg\" \/>\n\t<meta property=\"og:image:width\" content=\"848\" \/>\n\t<meta property=\"og:image:height\" content=\"477\" \/>\n\t<meta property=\"og:image:type\" content=\"image\/jpeg\" \/>\n<meta name=\"author\" content=\"Editor en Jefe\" \/>\n<meta name=\"twitter:card\" content=\"summary_large_image\" \/>\n<meta name=\"twitter:label1\" content=\"Escrito por\" \/>\n\t<meta name=\"twitter:data1\" content=\"Editor en Jefe\" \/>\n\t<meta name=\"twitter:label2\" content=\"Tiempo de lectura\" \/>\n\t<meta name=\"twitter:data2\" content=\"2 minutos\" \/>\n<!-- \/ Yoast SEO plugin. -->","yoast_head_json":{"title":"Pizza Pasta Fest 2026 en la CDMX primera edici\u00f3n - NOTICIAS","robots":{"index":"index","follow":"follow","max-snippet":"max-snippet:-1","max-image-preview":"max-image-preview:large","max-video-preview":"max-video-preview:-1"},"canonical":"https:\/\/laredsocial-noticias.com\/wp\/pizza-pasta-fest-2026-llega-a-la-cdmx-con-su-primera-edicion-y-apuesta-por-convertirse-en-referente-gastronomico-anual\/","og_locale":"es_ES","og_type":"article","og_title":"Pizza Pasta Fest 2026 en la CDMX primera edici\u00f3n - NOTICIAS","og_description":"La capital del pa\u00eds se prepara para recibir la primera edici\u00f3n de Pizza Pasta Fest 2026, un nuevo festival gastron\u00f3mico...","og_url":"https:\/\/laredsocial-noticias.com\/wp\/pizza-pasta-fest-2026-llega-a-la-cdmx-con-su-primera-edicion-y-apuesta-por-convertirse-en-referente-gastronomico-anual\/","og_site_name":"NOTICIAS","article_published_time":"2026-04-03T17:02:21+00:00","article_modified_time":"2026-04-03T17:10:28+00:00","og_image":[{"width":848,"height":477,"url":"https:\/\/laredsocial-noticias.com\/wp\/wp-content\/uploads\/2026\/04\/f848x477-81869_139672_5050.jpg","type":"image\/jpeg"}],"author":"Editor en Jefe","twitter_card":"summary_large_image","twitter_misc":{"Escrito por":"Editor en Jefe","Tiempo de lectura":"2 minutos"},"schema":{"@context":"https:\/\/schema.org","@graph":[{"@type":"WebPage","@id":"https:\/\/laredsocial-noticias.com\/wp\/pizza-pasta-fest-2026-llega-a-la-cdmx-con-su-primera-edicion-y-apuesta-por-convertirse-en-referente-gastronomico-anual\/","url":"https:\/\/laredsocial-noticias.com\/wp\/pizza-pasta-fest-2026-llega-a-la-cdmx-con-su-primera-edicion-y-apuesta-por-convertirse-en-referente-gastronomico-anual\/","name":"Pizza Pasta Fest 2026 en la CDMX primera edici\u00f3n - NOTICIAS","isPartOf":{"@id":"https:\/\/laredsocial-noticias.com\/wp\/#website"},"primaryImageOfPage":{"@id":"https:\/\/laredsocial-noticias.com\/wp\/pizza-pasta-fest-2026-llega-a-la-cdmx-con-su-primera-edicion-y-apuesta-por-convertirse-en-referente-gastronomico-anual\/#primaryimage"},"image":{"@id":"https:\/\/laredsocial-noticias.com\/wp\/pizza-pasta-fest-2026-llega-a-la-cdmx-con-su-primera-edicion-y-apuesta-por-convertirse-en-referente-gastronomico-anual\/#primaryimage"},"thumbnailUrl":"https:\/\/laredsocial-noticias.com\/wp\/wp-content\/uploads\/2026\/04\/f848x477-81869_139672_5050.jpg","datePublished":"2026-04-03T17:02:21+00:00","dateModified":"2026-04-03T17:10:28+00:00","author":{"@id":"https:\/\/laredsocial-noticias.com\/wp\/#\/schema\/person\/0ce78643f2de7aae6f6ef10e8453a6e0"},"breadcrumb":{"@id":"https:\/\/laredsocial-noticias.com\/wp\/pizza-pasta-fest-2026-llega-a-la-cdmx-con-su-primera-edicion-y-apuesta-por-convertirse-en-referente-gastronomico-anual\/#breadcrumb"},"inLanguage":"es","potentialAction":[{"@type":"ReadAction","target":["https:\/\/laredsocial-noticias.com\/wp\/pizza-pasta-fest-2026-llega-a-la-cdmx-con-su-primera-edicion-y-apuesta-por-convertirse-en-referente-gastronomico-anual\/"]}]},{"@type":"ImageObject","inLanguage":"es","@id":"https:\/\/laredsocial-noticias.com\/wp\/pizza-pasta-fest-2026-llega-a-la-cdmx-con-su-primera-edicion-y-apuesta-por-convertirse-en-referente-gastronomico-anual\/#primaryimage","url":"https:\/\/laredsocial-noticias.com\/wp\/wp-content\/uploads\/2026\/04\/f848x477-81869_139672_5050.jpg","contentUrl":"https:\/\/laredsocial-noticias.com\/wp\/wp-content\/uploads\/2026\/04\/f848x477-81869_139672_5050.jpg","width":848,"height":477},{"@type":"BreadcrumbList","@id":"https:\/\/laredsocial-noticias.com\/wp\/pizza-pasta-fest-2026-llega-a-la-cdmx-con-su-primera-edicion-y-apuesta-por-convertirse-en-referente-gastronomico-anual\/#breadcrumb","itemListElement":[{"@type":"ListItem","position":1,"name":"Portada","item":"https:\/\/laredsocial-noticias.com\/wp\/"},{"@type":"ListItem","position":2,"name":"Pizza Pasta Fest 2026 en la CDMX primera edici\u00f3n"}]},{"@type":"WebSite","@id":"https:\/\/laredsocial-noticias.com\/wp\/#website","url":"https:\/\/laredsocial-noticias.com\/wp\/","name":"NOTICIAS","description":"Lo que se ve y se dice en las redes sociales","potentialAction":[{"@type":"SearchAction","target":{"@type":"EntryPoint","urlTemplate":"https:\/\/laredsocial-noticias.com\/wp\/?s={search_term_string}"},"query-input":{"@type":"PropertyValueSpecification","valueRequired":true,"valueName":"search_term_string"}}],"inLanguage":"es"},{"@type":"Person","@id":"https:\/\/laredsocial-noticias.com\/wp\/#\/schema\/person\/0ce78643f2de7aae6f6ef10e8453a6e0","name":"Editor en Jefe","url":"https:\/\/laredsocial-noticias.com\/wp\/author\/jorgeochoa\/"}]}},"_links":{"self":[{"href":"https:\/\/laredsocial-noticias.com\/wp\/wp-json\/wp\/v2\/posts\/267232","targetHints":{"allow":["GET"]}}],"collection":[{"href":"https:\/\/laredsocial-noticias.com\/wp\/wp-json\/wp\/v2\/posts"}],"about":[{"href":"https:\/\/laredsocial-noticias.com\/wp\/wp-json\/wp\/v2\/types\/post"}],"author":[{"embeddable":true,"href":"https:\/\/laredsocial-noticias.com\/wp\/wp-json\/wp\/v2\/users\/1"}],"replies":[{"embeddable":true,"href":"https:\/\/laredsocial-noticias.com\/wp\/wp-json\/wp\/v2\/comments?post=267232"}],"version-history":[{"count":0,"href":"https:\/\/laredsocial-noticias.com\/wp\/wp-json\/wp\/v2\/posts\/267232\/revisions"}],"wp:featuredmedia":[{"embeddable":true,"href":"https:\/\/laredsocial-noticias.com\/wp\/wp-json\/wp\/v2\/media\/267234"}],"wp:attachment":[{"href":"https:\/\/laredsocial-noticias.com\/wp\/wp-json\/wp\/v2\/media?parent=267232"}],"wp:term":[{"taxonomy":"category","embeddable":true,"href":"https:\/\/laredsocial-noticias.com\/wp\/wp-json\/wp\/v2\/categories?post=267232"},{"taxonomy":"post_tag","embeddable":true,"href":"https:\/\/laredsocial-noticias.com\/wp\/wp-json\/wp\/v2\/tags?post=267232"}],"curies":[{"name":"wp","href":"https:\/\/api.w.org\/{rel}","templated":true}]}}