{"id":269168,"date":"2026-04-29T13:41:30","date_gmt":"2026-04-29T19:41:30","guid":{"rendered":"https:\/\/laredsocial-noticias.com\/wp\/?p=269168"},"modified":"2026-04-29T16:32:10","modified_gmt":"2026-04-29T22:32:10","slug":"oficial-rocha-moya-acusado-de-narcotrafico-en-eeuu-ligado-al-cds","status":"publish","type":"post","link":"https:\/\/laredsocial-noticias.com\/wp\/oficial-rocha-moya-acusado-de-narcotrafico-en-eeuu-ligado-al-cds\/","title":{"rendered":"Oficial: Rocha Moya acusado de narcotr\u00e1fico en EEUU; ligado al CDS"},"content":{"rendered":"\n<p>En hecho que dar\u00e1 un vuelco a las relaciones diplom\u00e1ticas, la fiscal\u00eda de Nueva York acus\u00f3 hoy al gobernador de Sinaloa, Rub\u00e9n Rocha Moya, por v\u00ednculos con el narcotr\u00e1fico a trav\u00e9s del C\u00e1rtel de Sinaloa. El anuncio fue dado a conocer por la embajada de Estados Unidos en M\u00e9xico en un comunicado oficial.<\/p>\n\n\n\n<p>La acusaci\u00f3n involucra a otros nueve funcionarios estatales. Las autoridades norteamericanas aseguran que todos ellos colaboraron para enviar droga a los Estados Unidos. Adem\u00e1s, tienen cargos relacionados con armas de fuego, se\u00f1ala el comunicado emitido por Ronald Johnson.<\/p>\n\n\n\n<p>Los imputados son: D\u00e1maso Castro Zaavedra, vicefiscal general de Sinaloa, presuntamente recibi\u00f3 pagos mensuales de aproximadamente 11,000 d\u00f3lares para alertar al c\u00e1rtel sobre investigaciones en su contra.<\/p>\n\n\n\n<p>Juan Valenzuela Mill\u00e1n, alias&nbsp;Juanito, a quien se le imputan delitos relacionados con el secuestro de una fuente de la DEA y un familiar de esta, hechos que derivaron en la muerte de ambas personas. Percibi\u00f3 pagos mensuales de 1,600 d\u00f3lares para poner a la polic\u00eda municipal al servicio de la organizaci\u00f3n criminal.<\/p>\n\n\n\n<p>Otros mencionados son: el senador Enrique Inzunza C\u00e1zarez, Enrique D\u00edaz Vega, ex secretario de Finanzas de Sinaloa; &nbsp;Marco Antonio Almanza Avil\u00e9s, Alberto Jorge Contreras N\u00fa\u00f1ez, alias \u201cCholo\u201d; Gerardo M\u00e9rida S\u00e1nchez; Jos\u00e9 Antonio Dionisio Hip\u00f3lito, alias&nbsp;Tornado y&nbsp;Juan de Dios G\u00e1mez Mend\u00edvil.<\/p>\n\n\n\n<p>Seg\u00fan las autoridades estadounidenses, todos los imputados ocuparon cargos de alto nivel dentro del gobierno estatal o en corporaciones de seguridad, lo que habr\u00eda permitido establecer una presunta red de protecci\u00f3n para las operaciones del C\u00e1rtel de Sinaloa.<\/p>\n\n\n\n<p>El proceso fue asignado a la jueza federal Katherine Polk Failla, en la Corte del Distrito Sur de Nueva York. Hasta el momento, las autoridades mexicanas no han emitido una postura oficial sobre estos se\u00f1alamientos<\/p>\n\n\n\n<p>El fiscal Jay Clayton afirm\u00f3 que el C\u00e1rtel de Sinaloa no operar\u00eda con \u00e9xito sin el apoyo de pol\u00edticos y agentes de la ley corruptos. El administrador de la DEA, Terrance Cole, calific\u00f3 a la organizaci\u00f3n como una entidad terrorista que socav\u00f3 las instituciones p\u00fablicas.<\/p>\n\n\n\n<p><\/p>\n\n\n\n<figure class=\"wp-block-embed is-type-wp-embed is-provider-noticias wp-block-embed-noticias\"><div class=\"wp-block-embed__wrapper\">\n<blockquote class=\"wp-embedded-content\" data-secret=\"W5l2wsnCpD\"><a href=\"https:\/\/laredsocial-noticias.com\/wp\/eu-solicita-extradicion-de-ruben-rocha-y-otros-nueve-acusados-la-cancilleria-responde-que-no-les-mandaron-pruebas\/\">EU solicita extradici\u00f3n de Rub\u00e9n Rocha y otros nueve acusados; la Canciller\u00eda responde que no les mandaron pruebas<\/a><\/blockquote><iframe loading=\"lazy\" class=\"wp-embedded-content\" sandbox=\"allow-scripts\" security=\"restricted\" style=\"position: absolute; visibility: hidden;\" title=\"\u00abEU solicita extradici\u00f3n de Rub\u00e9n Rocha y otros nueve acusados; la Canciller\u00eda responde que no les mandaron pruebas\u00bb \u2014 NOTICIAS\" src=\"https:\/\/laredsocial-noticias.com\/wp\/eu-solicita-extradicion-de-ruben-rocha-y-otros-nueve-acusados-la-cancilleria-responde-que-no-les-mandaron-pruebas\/embed\/#?secret=uLBx8M7rVL#?secret=W5l2wsnCpD\" data-secret=\"W5l2wsnCpD\" width=\"600\" height=\"338\" frameborder=\"0\" marginwidth=\"0\" marginheight=\"0\" scrolling=\"no\"><\/iframe>\n<\/div><\/figure>\n","protected":false},"excerpt":{"rendered":"<p>En hecho que dar\u00e1 un vuelco a las relaciones diplom\u00e1ticas, la fiscal\u00eda de Nueva York acus\u00f3 hoy al gobernador de&#8230;<\/p>\n","protected":false},"author":1,"featured_media":269000,"comment_status":"closed","ping_status":"closed","sticky":false,"template":"","format":"standard","meta":{"footnotes":""},"categories":[399,28,101,10],"tags":[15569,14658],"class_list":["post-269168","post","type-post","status-publish","format-standard","has-post-thumbnail","hentry","category-gobierno-de-la-republica","category-gobierno-federal","category-internacional","category-transparencia-y-corrupcion","tag-ronald-johnson","tag-ruben-rocha-moya"],"yoast_head":"<!-- This site is optimized with the Yoast SEO plugin v26.5 - https:\/\/yoast.com\/wordpress\/plugins\/seo\/ -->\n<title>Oficial: Rocha Moya acusado de narcotr\u00e1fico en EEUU; ligado al CDS - NOTICIAS<\/title>\n<meta name=\"robots\" content=\"index, follow, max-snippet:-1, max-image-preview:large, max-video-preview:-1\" \/>\n<link rel=\"canonical\" href=\"https:\/\/laredsocial-noticias.com\/wp\/oficial-rocha-moya-acusado-de-narcotrafico-en-eeuu-ligado-al-cds\/\" \/>\n<meta property=\"og:locale\" content=\"es_ES\" \/>\n<meta property=\"og:type\" content=\"article\" \/>\n<meta property=\"og:title\" content=\"Oficial: Rocha Moya acusado de narcotr\u00e1fico en EEUU; ligado al CDS - NOTICIAS\" \/>\n<meta property=\"og:description\" content=\"En hecho que dar\u00e1 un vuelco a las relaciones diplom\u00e1ticas, la fiscal\u00eda de Nueva York acus\u00f3 hoy al gobernador de...\" \/>\n<meta property=\"og:url\" content=\"https:\/\/laredsocial-noticias.com\/wp\/oficial-rocha-moya-acusado-de-narcotrafico-en-eeuu-ligado-al-cds\/\" \/>\n<meta property=\"og:site_name\" content=\"NOTICIAS\" \/>\n<meta property=\"article:published_time\" content=\"2026-04-29T19:41:30+00:00\" \/>\n<meta property=\"article:modified_time\" content=\"2026-04-29T22:32:10+00:00\" \/>\n<meta property=\"og:image\" content=\"https:\/\/laredsocial-noticias.com\/wp\/wp-content\/uploads\/2026\/04\/f960x540-145731_219806_5723.jpg\" \/>\n\t<meta property=\"og:image:width\" content=\"960\" \/>\n\t<meta property=\"og:image:height\" content=\"540\" \/>\n\t<meta property=\"og:image:type\" content=\"image\/jpeg\" \/>\n<meta name=\"author\" content=\"Editor en Jefe\" \/>\n<meta name=\"twitter:card\" content=\"summary_large_image\" \/>\n<meta name=\"twitter:label1\" content=\"Escrito por\" \/>\n\t<meta name=\"twitter:data1\" content=\"Editor en Jefe\" \/>\n\t<meta name=\"twitter:label2\" content=\"Tiempo de lectura\" \/>\n\t<meta name=\"twitter:data2\" content=\"2 minutos\" \/>\n<!-- \/ Yoast SEO plugin. -->","yoast_head_json":{"title":"Oficial: Rocha Moya acusado de narcotr\u00e1fico en EEUU; ligado al CDS - NOTICIAS","robots":{"index":"index","follow":"follow","max-snippet":"max-snippet:-1","max-image-preview":"max-image-preview:large","max-video-preview":"max-video-preview:-1"},"canonical":"https:\/\/laredsocial-noticias.com\/wp\/oficial-rocha-moya-acusado-de-narcotrafico-en-eeuu-ligado-al-cds\/","og_locale":"es_ES","og_type":"article","og_title":"Oficial: Rocha Moya acusado de narcotr\u00e1fico en EEUU; ligado al CDS - NOTICIAS","og_description":"En hecho que dar\u00e1 un vuelco a las relaciones diplom\u00e1ticas, la fiscal\u00eda de Nueva York acus\u00f3 hoy al gobernador de...","og_url":"https:\/\/laredsocial-noticias.com\/wp\/oficial-rocha-moya-acusado-de-narcotrafico-en-eeuu-ligado-al-cds\/","og_site_name":"NOTICIAS","article_published_time":"2026-04-29T19:41:30+00:00","article_modified_time":"2026-04-29T22:32:10+00:00","og_image":[{"width":960,"height":540,"url":"https:\/\/laredsocial-noticias.com\/wp\/wp-content\/uploads\/2026\/04\/f960x540-145731_219806_5723.jpg","type":"image\/jpeg"}],"author":"Editor en Jefe","twitter_card":"summary_large_image","twitter_misc":{"Escrito por":"Editor en Jefe","Tiempo de lectura":"2 minutos"},"schema":{"@context":"https:\/\/schema.org","@graph":[{"@type":"WebPage","@id":"https:\/\/laredsocial-noticias.com\/wp\/oficial-rocha-moya-acusado-de-narcotrafico-en-eeuu-ligado-al-cds\/","url":"https:\/\/laredsocial-noticias.com\/wp\/oficial-rocha-moya-acusado-de-narcotrafico-en-eeuu-ligado-al-cds\/","name":"Oficial: Rocha Moya acusado de narcotr\u00e1fico en EEUU; ligado al CDS - NOTICIAS","isPartOf":{"@id":"https:\/\/laredsocial-noticias.com\/wp\/#website"},"primaryImageOfPage":{"@id":"https:\/\/laredsocial-noticias.com\/wp\/oficial-rocha-moya-acusado-de-narcotrafico-en-eeuu-ligado-al-cds\/#primaryimage"},"image":{"@id":"https:\/\/laredsocial-noticias.com\/wp\/oficial-rocha-moya-acusado-de-narcotrafico-en-eeuu-ligado-al-cds\/#primaryimage"},"thumbnailUrl":"https:\/\/laredsocial-noticias.com\/wp\/wp-content\/uploads\/2026\/04\/f960x540-145731_219806_5723.jpg","datePublished":"2026-04-29T19:41:30+00:00","dateModified":"2026-04-29T22:32:10+00:00","author":{"@id":"https:\/\/laredsocial-noticias.com\/wp\/#\/schema\/person\/0ce78643f2de7aae6f6ef10e8453a6e0"},"breadcrumb":{"@id":"https:\/\/laredsocial-noticias.com\/wp\/oficial-rocha-moya-acusado-de-narcotrafico-en-eeuu-ligado-al-cds\/#breadcrumb"},"inLanguage":"es","potentialAction":[{"@type":"ReadAction","target":["https:\/\/laredsocial-noticias.com\/wp\/oficial-rocha-moya-acusado-de-narcotrafico-en-eeuu-ligado-al-cds\/"]}]},{"@type":"ImageObject","inLanguage":"es","@id":"https:\/\/laredsocial-noticias.com\/wp\/oficial-rocha-moya-acusado-de-narcotrafico-en-eeuu-ligado-al-cds\/#primaryimage","url":"https:\/\/laredsocial-noticias.com\/wp\/wp-content\/uploads\/2026\/04\/f960x540-145731_219806_5723.jpg","contentUrl":"https:\/\/laredsocial-noticias.com\/wp\/wp-content\/uploads\/2026\/04\/f960x540-145731_219806_5723.jpg","width":960,"height":540},{"@type":"BreadcrumbList","@id":"https:\/\/laredsocial-noticias.com\/wp\/oficial-rocha-moya-acusado-de-narcotrafico-en-eeuu-ligado-al-cds\/#breadcrumb","itemListElement":[{"@type":"ListItem","position":1,"name":"Portada","item":"https:\/\/laredsocial-noticias.com\/wp\/"},{"@type":"ListItem","position":2,"name":"Oficial: Rocha Moya acusado de narcotr\u00e1fico en EEUU; ligado al CDS"}]},{"@type":"WebSite","@id":"https:\/\/laredsocial-noticias.com\/wp\/#website","url":"https:\/\/laredsocial-noticias.com\/wp\/","name":"NOTICIAS","description":"Lo que se ve y se dice en las redes sociales","potentialAction":[{"@type":"SearchAction","target":{"@type":"EntryPoint","urlTemplate":"https:\/\/laredsocial-noticias.com\/wp\/?s={search_term_string}"},"query-input":{"@type":"PropertyValueSpecification","valueRequired":true,"valueName":"search_term_string"}}],"inLanguage":"es"},{"@type":"Person","@id":"https:\/\/laredsocial-noticias.com\/wp\/#\/schema\/person\/0ce78643f2de7aae6f6ef10e8453a6e0","name":"Editor en Jefe","url":"https:\/\/laredsocial-noticias.com\/wp\/author\/jorgeochoa\/"}]}},"_links":{"self":[{"href":"https:\/\/laredsocial-noticias.com\/wp\/wp-json\/wp\/v2\/posts\/269168","targetHints":{"allow":["GET"]}}],"collection":[{"href":"https:\/\/laredsocial-noticias.com\/wp\/wp-json\/wp\/v2\/posts"}],"about":[{"href":"https:\/\/laredsocial-noticias.com\/wp\/wp-json\/wp\/v2\/types\/post"}],"author":[{"embeddable":true,"href":"https:\/\/laredsocial-noticias.com\/wp\/wp-json\/wp\/v2\/users\/1"}],"replies":[{"embeddable":true,"href":"https:\/\/laredsocial-noticias.com\/wp\/wp-json\/wp\/v2\/comments?post=269168"}],"version-history":[{"count":3,"href":"https:\/\/laredsocial-noticias.com\/wp\/wp-json\/wp\/v2\/posts\/269168\/revisions"}],"predecessor-version":[{"id":269193,"href":"https:\/\/laredsocial-noticias.com\/wp\/wp-json\/wp\/v2\/posts\/269168\/revisions\/269193"}],"wp:featuredmedia":[{"embeddable":true,"href":"https:\/\/laredsocial-noticias.com\/wp\/wp-json\/wp\/v2\/media\/269000"}],"wp:attachment":[{"href":"https:\/\/laredsocial-noticias.com\/wp\/wp-json\/wp\/v2\/media?parent=269168"}],"wp:term":[{"taxonomy":"category","embeddable":true,"href":"https:\/\/laredsocial-noticias.com\/wp\/wp-json\/wp\/v2\/categories?post=269168"},{"taxonomy":"post_tag","embeddable":true,"href":"https:\/\/laredsocial-noticias.com\/wp\/wp-json\/wp\/v2\/tags?post=269168"}],"curies":[{"name":"wp","href":"https:\/\/api.w.org\/{rel}","templated":true}]}}