{"id":269278,"date":"2026-05-01T11:12:12","date_gmt":"2026-05-01T17:12:12","guid":{"rendered":"https:\/\/laredsocial-noticias.com\/wp\/?p=269278"},"modified":"2026-05-01T11:13:08","modified_gmt":"2026-05-01T17:13:08","slug":"mueren-al-menos-14-personas-tras-operacion-de-camerun-contra-grupo-armado-separatista","status":"publish","type":"post","link":"https:\/\/laredsocial-noticias.com\/wp\/mueren-al-menos-14-personas-tras-operacion-de-camerun-contra-grupo-armado-separatista\/","title":{"rendered":"Mueren al menos 14 personas tras operaci\u00f3n de Camer\u00fan contra grupo armado separatista"},"content":{"rendered":"<p>Al menos 14 personas murieron en Camer\u00fan tras una operaci\u00f3n realizada por el Ej\u00e9rcito del pa\u00eds en la localidad de Dzerem Nyam, en la regi\u00f3n angl\u00f3fona Noroeste, contra un grupo armado separatista, inform\u00f3 el Ministerio de Defensa.<\/p>\n<p>&#8220;El objetivo de esta operaci\u00f3n era neutralizar a peligrosos terroristas de diversas facciones, agrupados bajo el mando del autoproclamado &#8216;General Capo&#8217;, quienes preparaban ataques violentos para perpetrarlos en la regi\u00f3n&#8221;, inform\u00f3 el ministerio en un comunicado difundido este viernes por medios locales.<\/p>\n<p>La operaci\u00f3n tuvo lugar el domingo 26 de abril y se sald\u00f3, seg\u00fan el Ministerio de Defensa camerun\u00e9s, con la baja de 11 combatientes varones, entre ellos el &#8221;Coronel Smart&#8221; y los comandantes: &#8220;Hassan&#8221;, &#8221;Fakui&#8221;, &#8221;Fireman&#8221; y &#8221;Dangote&#8221;, este \u00faltimo, experto en explosivos.<\/p>\n<p>Otras &#8220;tres mujeres terroristas&#8221; que trabajaban en la log\u00edstica de la c\u00e9lula bajo las \u00f3rdenes de el &#8220;General Capo&#8221; tambi\u00e9n murieron durante los enfrentamientos.<\/p>\n<p>Adem\u00e1s, las tropas camerunesas detuvieron a un adolescente de 16 a\u00f1os de edad identificado como Dikaka Presley, que ejerc\u00eda como guardaespaldas de &#8221;General Capo&#8221;, y a Leinyuy Mirabelle Kefiski, jefa de log\u00edstica y pareja de este l\u00edder separatista.<\/p>\n<p>Durante el operativo, el Ej\u00e9rcito tambi\u00e9n incaut\u00f3 armamento de guerra, 12 artefactos explosivos improvisados y 38 motocicletas.<\/p>\n<p>Algunos medios locales tambi\u00e9n citaron a algunos testigos que hablaban sobre v\u00edctimas civiles durante los enfrentamientos, aunque EFE no ha podido verificarlo.<\/p>\n<p>Las regiones Noroeste y Suroeste de Camer\u00fan \u2014a las que los rebeldes separatistas denominan Ambazonia\u2014 se encuentran inmersas en una crisis desde 2016.<\/p>\n<p>Entonces, profesores y abogados se manifestaron y organizaron huelgas para exigir un uso igualitario del ingl\u00e9s en los tribunales y colegios y una mayor representaci\u00f3n en el gobierno.<\/p>\n<p>En 2017, se convirti\u00f3 en un conflicto armado intensificado por la negativa del gobierno del presidente Paul Biya a estudiar ninguna reivindicaci\u00f3n, si bien tras un di\u00e1logo de paz se aplicaron medidas, como la puesta en libertad de m\u00e1s de 300 separatistas detenidos.<\/p>\n<p>Aunque en Camer\u00fan el ingl\u00e9s y el franc\u00e9s son idiomas cooficiales y conviven junto a otras 250 lenguas nativas, s\u00f3lo el 20% de la poblaci\u00f3n del pa\u00eds es angl\u00f3fona \u2014personas que tienen el ingl\u00e9s como lengua materna\u2014, una minor\u00eda que se siente marginada y asimilada por el gobierno central franc\u00f3fono desde hace d\u00e9cadas.<\/p>\n","protected":false},"excerpt":{"rendered":"<p>Al menos 14 personas murieron en Camer\u00fan tras una operaci\u00f3n realizada por el Ej\u00e9rcito del pa\u00eds en la localidad de&#8230;<\/p>\n","protected":false},"author":1,"featured_media":269280,"comment_status":"open","ping_status":"closed","sticky":false,"template":"","format":"standard","meta":{"footnotes":""},"categories":[101,102],"tags":[],"class_list":["post-269278","post","type-post","status-publish","format-standard","has-post-thumbnail","hentry","category-internacional","category-internacionales"],"yoast_head":"<!-- This site is optimized with the Yoast SEO plugin v26.5 - https:\/\/yoast.com\/wordpress\/plugins\/seo\/ -->\n<title>Mueren al menos 14 personas tras operaci\u00f3n de Camer\u00fan contra grupo armado separatista - NOTICIAS<\/title>\n<meta name=\"robots\" content=\"index, follow, max-snippet:-1, max-image-preview:large, max-video-preview:-1\" \/>\n<link rel=\"canonical\" href=\"https:\/\/laredsocial-noticias.com\/wp\/mueren-al-menos-14-personas-tras-operacion-de-camerun-contra-grupo-armado-separatista\/\" \/>\n<meta property=\"og:locale\" content=\"es_ES\" \/>\n<meta property=\"og:type\" content=\"article\" \/>\n<meta property=\"og:title\" content=\"Mueren al menos 14 personas tras operaci\u00f3n de Camer\u00fan contra grupo armado separatista - NOTICIAS\" \/>\n<meta property=\"og:description\" content=\"Al menos 14 personas murieron en Camer\u00fan tras una operaci\u00f3n realizada por el Ej\u00e9rcito del pa\u00eds en la localidad de...\" \/>\n<meta property=\"og:url\" content=\"https:\/\/laredsocial-noticias.com\/wp\/mueren-al-menos-14-personas-tras-operacion-de-camerun-contra-grupo-armado-separatista\/\" \/>\n<meta property=\"og:site_name\" content=\"NOTICIAS\" \/>\n<meta property=\"article:published_time\" content=\"2026-05-01T17:12:12+00:00\" \/>\n<meta property=\"article:modified_time\" content=\"2026-05-01T17:13:08+00:00\" \/>\n<meta name=\"author\" content=\"Editor en Jefe\" \/>\n<meta name=\"twitter:card\" content=\"summary_large_image\" \/>\n<meta name=\"twitter:label1\" content=\"Escrito por\" \/>\n\t<meta name=\"twitter:data1\" content=\"Editor en Jefe\" \/>\n\t<meta name=\"twitter:label2\" content=\"Tiempo de lectura\" \/>\n\t<meta name=\"twitter:data2\" content=\"2 minutos\" \/>\n<!-- \/ Yoast SEO plugin. -->","yoast_head_json":{"title":"Mueren al menos 14 personas tras operaci\u00f3n de Camer\u00fan contra grupo armado separatista - NOTICIAS","robots":{"index":"index","follow":"follow","max-snippet":"max-snippet:-1","max-image-preview":"max-image-preview:large","max-video-preview":"max-video-preview:-1"},"canonical":"https:\/\/laredsocial-noticias.com\/wp\/mueren-al-menos-14-personas-tras-operacion-de-camerun-contra-grupo-armado-separatista\/","og_locale":"es_ES","og_type":"article","og_title":"Mueren al menos 14 personas tras operaci\u00f3n de Camer\u00fan contra grupo armado separatista - NOTICIAS","og_description":"Al menos 14 personas murieron en Camer\u00fan tras una operaci\u00f3n realizada por el Ej\u00e9rcito del pa\u00eds en la localidad de...","og_url":"https:\/\/laredsocial-noticias.com\/wp\/mueren-al-menos-14-personas-tras-operacion-de-camerun-contra-grupo-armado-separatista\/","og_site_name":"NOTICIAS","article_published_time":"2026-05-01T17:12:12+00:00","article_modified_time":"2026-05-01T17:13:08+00:00","author":"Editor en Jefe","twitter_card":"summary_large_image","twitter_misc":{"Escrito por":"Editor en Jefe","Tiempo de lectura":"2 minutos"},"schema":{"@context":"https:\/\/schema.org","@graph":[{"@type":"WebPage","@id":"https:\/\/laredsocial-noticias.com\/wp\/mueren-al-menos-14-personas-tras-operacion-de-camerun-contra-grupo-armado-separatista\/","url":"https:\/\/laredsocial-noticias.com\/wp\/mueren-al-menos-14-personas-tras-operacion-de-camerun-contra-grupo-armado-separatista\/","name":"Mueren al menos 14 personas tras operaci\u00f3n de Camer\u00fan contra grupo armado separatista - NOTICIAS","isPartOf":{"@id":"https:\/\/laredsocial-noticias.com\/wp\/#website"},"primaryImageOfPage":{"@id":"https:\/\/laredsocial-noticias.com\/wp\/mueren-al-menos-14-personas-tras-operacion-de-camerun-contra-grupo-armado-separatista\/#primaryimage"},"image":{"@id":"https:\/\/laredsocial-noticias.com\/wp\/mueren-al-menos-14-personas-tras-operacion-de-camerun-contra-grupo-armado-separatista\/#primaryimage"},"thumbnailUrl":"https:\/\/laredsocial-noticias.com\/wp\/wp-content\/uploads\/2026\/05\/f960x540-146110_220185_5050.jpg","datePublished":"2026-05-01T17:12:12+00:00","dateModified":"2026-05-01T17:13:08+00:00","author":{"@id":"https:\/\/laredsocial-noticias.com\/wp\/#\/schema\/person\/0ce78643f2de7aae6f6ef10e8453a6e0"},"breadcrumb":{"@id":"https:\/\/laredsocial-noticias.com\/wp\/mueren-al-menos-14-personas-tras-operacion-de-camerun-contra-grupo-armado-separatista\/#breadcrumb"},"inLanguage":"es","potentialAction":[{"@type":"ReadAction","target":["https:\/\/laredsocial-noticias.com\/wp\/mueren-al-menos-14-personas-tras-operacion-de-camerun-contra-grupo-armado-separatista\/"]}]},{"@type":"ImageObject","inLanguage":"es","@id":"https:\/\/laredsocial-noticias.com\/wp\/mueren-al-menos-14-personas-tras-operacion-de-camerun-contra-grupo-armado-separatista\/#primaryimage","url":"https:\/\/laredsocial-noticias.com\/wp\/wp-content\/uploads\/2026\/05\/f960x540-146110_220185_5050.jpg","contentUrl":"https:\/\/laredsocial-noticias.com\/wp\/wp-content\/uploads\/2026\/05\/f960x540-146110_220185_5050.jpg","width":960,"height":540},{"@type":"BreadcrumbList","@id":"https:\/\/laredsocial-noticias.com\/wp\/mueren-al-menos-14-personas-tras-operacion-de-camerun-contra-grupo-armado-separatista\/#breadcrumb","itemListElement":[{"@type":"ListItem","position":1,"name":"Portada","item":"https:\/\/laredsocial-noticias.com\/wp\/"},{"@type":"ListItem","position":2,"name":"Mueren al menos 14 personas tras operaci\u00f3n de Camer\u00fan contra grupo armado separatista"}]},{"@type":"WebSite","@id":"https:\/\/laredsocial-noticias.com\/wp\/#website","url":"https:\/\/laredsocial-noticias.com\/wp\/","name":"NOTICIAS","description":"Lo que se ve y se dice en las redes sociales","potentialAction":[{"@type":"SearchAction","target":{"@type":"EntryPoint","urlTemplate":"https:\/\/laredsocial-noticias.com\/wp\/?s={search_term_string}"},"query-input":{"@type":"PropertyValueSpecification","valueRequired":true,"valueName":"search_term_string"}}],"inLanguage":"es"},{"@type":"Person","@id":"https:\/\/laredsocial-noticias.com\/wp\/#\/schema\/person\/0ce78643f2de7aae6f6ef10e8453a6e0","name":"Editor en Jefe","url":"https:\/\/laredsocial-noticias.com\/wp\/author\/jorgeochoa\/"}]}},"_links":{"self":[{"href":"https:\/\/laredsocial-noticias.com\/wp\/wp-json\/wp\/v2\/posts\/269278","targetHints":{"allow":["GET"]}}],"collection":[{"href":"https:\/\/laredsocial-noticias.com\/wp\/wp-json\/wp\/v2\/posts"}],"about":[{"href":"https:\/\/laredsocial-noticias.com\/wp\/wp-json\/wp\/v2\/types\/post"}],"author":[{"embeddable":true,"href":"https:\/\/laredsocial-noticias.com\/wp\/wp-json\/wp\/v2\/users\/1"}],"replies":[{"embeddable":true,"href":"https:\/\/laredsocial-noticias.com\/wp\/wp-json\/wp\/v2\/comments?post=269278"}],"version-history":[{"count":1,"href":"https:\/\/laredsocial-noticias.com\/wp\/wp-json\/wp\/v2\/posts\/269278\/revisions"}],"predecessor-version":[{"id":269279,"href":"https:\/\/laredsocial-noticias.com\/wp\/wp-json\/wp\/v2\/posts\/269278\/revisions\/269279"}],"wp:featuredmedia":[{"embeddable":true,"href":"https:\/\/laredsocial-noticias.com\/wp\/wp-json\/wp\/v2\/media\/269280"}],"wp:attachment":[{"href":"https:\/\/laredsocial-noticias.com\/wp\/wp-json\/wp\/v2\/media?parent=269278"}],"wp:term":[{"taxonomy":"category","embeddable":true,"href":"https:\/\/laredsocial-noticias.com\/wp\/wp-json\/wp\/v2\/categories?post=269278"},{"taxonomy":"post_tag","embeddable":true,"href":"https:\/\/laredsocial-noticias.com\/wp\/wp-json\/wp\/v2\/tags?post=269278"}],"curies":[{"name":"wp","href":"https:\/\/api.w.org\/{rel}","templated":true}]}}