{"id":27278,"date":"2016-09-10T09:59:37","date_gmt":"2016-09-10T14:59:37","guid":{"rendered":"http:\/\/laredsocial-noticias.com\/wp\/?p=27278"},"modified":"2016-09-10T09:59:45","modified_gmt":"2016-09-10T14:59:45","slug":"alvaro-colom-sera-jefe-de-mision-de-la-oea-para-plebiscito-en-colombia","status":"publish","type":"post","link":"https:\/\/laredsocial-noticias.com\/wp\/alvaro-colom-sera-jefe-de-mision-de-la-oea-para-plebiscito-en-colombia\/","title":{"rendered":"\u00c1lvaro Colom ser\u00e1 jefe de misi\u00f3n de la OEA para plebiscito en Colombia"},"content":{"rendered":"<p><strong>Bogot\u00e1, 10 Septiembre (Mensaje Pol\u00edtico\/C\u00cdRCULO DIGITAL).<\/strong>&#8211; El expresidente de Guatemala, \u00c1lvaro Colom, ser\u00e1 el jefe de la Misi\u00f3n de Observaci\u00f3n Electoral (MOE) que la Organizaci\u00f3n de Estados Americanos (OEA) tendr\u00e1 en el plebiscito del 2 de octubre pr\u00f3ximo en Colombia en el marco del proceso de paz.<\/p>\n<p>Colom, presidente de Guatemala entre 2008 y 2012, fue designado para el cargo por el Secretario General de la OEA, Luis Almagro, inform\u00f3 la of]icina de prensa de la Casa de Nari\u00f1o.<\/p>\n<p>El exmandatario guatemalteco ya se desempe\u00f1\u00f3 como jefe de las misiones de la OEA para las elecciones locales celebradas en Colombia el 25 de octubre de 2015 y para las elecciones generales del 12 de octubre de 2014 en Bolivia.<\/p>\n<p>El Gobierno de Colombia, a trav\u00e9s de su Representante Permanente ante la OEA, Andr\u00e9s Gonz\u00e1lez, solicit\u00f3 a la OEA la observaci\u00f3n del plebiscito como garant\u00eda \u201cde la transparencia suficiente y del derecho de todos y cada uno de los ciudadanos para ejercer libremente su sagrado derecho para expresarse en las urnas\u201d.<\/p>\n<p>Almagro acept\u00f3 el encargo y resalt\u00f3 que el plebiscito es un \u201cproceso electoral importante y fundamental en la historia de Colombia, que terminar\u00eda con 50 a\u00f1os de conflicto armado\u201d.<\/p>\n<p>La OEA ha observado hasta ahora 14 procesos electorales en Colombia desde 1994, incluyendo elecciones presidenciales, legislativas y locales.<\/p>\n<p>En la regi\u00f3n observ\u00f3 por primera vez un refer\u00e9ndum en 1992. Desde entonces ha desplegado 19 misiones de observaci\u00f3n electoral para procesos de democracia directa.<\/p>\n<p>Los colombianos fueron convocados por el presidente Juan Manuel Santos para refrendar el Acuerdo Final de Paz con las Fuerzas Armadas Revolucionarias de Colombia (FARC), que se cerr\u00f3 el pasado 23 de agosto en La Habana, Cuba, despu\u00e9s de 44 meses de negociaciones.<\/p>\n","protected":false},"excerpt":{"rendered":"<p>Bogot\u00e1, 10 Septiembre (Mensaje Pol\u00edtico\/C\u00cdRCULO DIGITAL).&#8211; El expresidente de Guatemala, \u00c1lvaro Colom, ser\u00e1 el jefe de la Misi\u00f3n de Observaci\u00f3n&#8230;<\/p>\n","protected":false},"author":1,"featured_media":0,"comment_status":"closed","ping_status":"closed","sticky":false,"template":"","format":"standard","meta":{"footnotes":""},"categories":[1796,101,102,73],"tags":[2968,2076,2969,77],"class_list":["post-27278","post","type-post","status-publish","format-standard","hentry","category-circulodigital","category-internacional","category-internacionales","category-principal","tag-colom","tag-colombia","tag-farc","tag-principal"],"yoast_head":"<!-- This site is optimized with the Yoast SEO plugin v26.5 - https:\/\/yoast.com\/wordpress\/plugins\/seo\/ -->\n<title>\u00c1lvaro Colom ser\u00e1 jefe de misi\u00f3n de la OEA para plebiscito en Colombia - NOTICIAS<\/title>\n<meta name=\"robots\" content=\"index, follow, max-snippet:-1, max-image-preview:large, max-video-preview:-1\" \/>\n<link rel=\"canonical\" href=\"https:\/\/laredsocial-noticias.com\/wp\/alvaro-colom-sera-jefe-de-mision-de-la-oea-para-plebiscito-en-colombia\/\" \/>\n<meta property=\"og:locale\" content=\"es_ES\" \/>\n<meta property=\"og:type\" content=\"article\" \/>\n<meta property=\"og:title\" content=\"\u00c1lvaro Colom ser\u00e1 jefe de misi\u00f3n de la OEA para plebiscito en Colombia - NOTICIAS\" \/>\n<meta property=\"og:description\" content=\"Bogot\u00e1, 10 Septiembre (Mensaje Pol\u00edtico\/C\u00cdRCULO DIGITAL).&#8211; El expresidente de Guatemala, \u00c1lvaro Colom, ser\u00e1 el jefe de la Misi\u00f3n de Observaci\u00f3n...\" \/>\n<meta property=\"og:url\" content=\"https:\/\/laredsocial-noticias.com\/wp\/alvaro-colom-sera-jefe-de-mision-de-la-oea-para-plebiscito-en-colombia\/\" \/>\n<meta property=\"og:site_name\" content=\"NOTICIAS\" \/>\n<meta property=\"article:published_time\" content=\"2016-09-10T14:59:37+00:00\" \/>\n<meta property=\"article:modified_time\" content=\"2016-09-10T14:59:45+00:00\" \/>\n<meta property=\"og:image\" content=\"https:\/\/laredsocial-noticias.com\/wp\/wp-content\/uploads\/2016\/09\/7e76c2f5-10f0-4450-87f8-118698382ed2_749_499.jpg\" \/>\n\t<meta property=\"og:image:width\" content=\"749\" \/>\n\t<meta property=\"og:image:height\" content=\"499\" \/>\n\t<meta property=\"og:image:type\" content=\"image\/jpeg\" \/>\n<meta name=\"author\" content=\"Editor en Jefe\" \/>\n<meta name=\"twitter:card\" content=\"summary_large_image\" \/>\n<meta name=\"twitter:label1\" content=\"Escrito por\" \/>\n\t<meta name=\"twitter:data1\" content=\"Editor en Jefe\" \/>\n\t<meta name=\"twitter:label2\" content=\"Tiempo de lectura\" \/>\n\t<meta name=\"twitter:data2\" content=\"1 minuto\" \/>\n<!-- \/ Yoast SEO plugin. -->","yoast_head_json":{"title":"\u00c1lvaro Colom ser\u00e1 jefe de misi\u00f3n de la OEA para plebiscito en Colombia - NOTICIAS","robots":{"index":"index","follow":"follow","max-snippet":"max-snippet:-1","max-image-preview":"max-image-preview:large","max-video-preview":"max-video-preview:-1"},"canonical":"https:\/\/laredsocial-noticias.com\/wp\/alvaro-colom-sera-jefe-de-mision-de-la-oea-para-plebiscito-en-colombia\/","og_locale":"es_ES","og_type":"article","og_title":"\u00c1lvaro Colom ser\u00e1 jefe de misi\u00f3n de la OEA para plebiscito en Colombia - NOTICIAS","og_description":"Bogot\u00e1, 10 Septiembre (Mensaje Pol\u00edtico\/C\u00cdRCULO DIGITAL).&#8211; El expresidente de Guatemala, \u00c1lvaro Colom, ser\u00e1 el jefe de la Misi\u00f3n de Observaci\u00f3n...","og_url":"https:\/\/laredsocial-noticias.com\/wp\/alvaro-colom-sera-jefe-de-mision-de-la-oea-para-plebiscito-en-colombia\/","og_site_name":"NOTICIAS","article_published_time":"2016-09-10T14:59:37+00:00","article_modified_time":"2016-09-10T14:59:45+00:00","og_image":[{"width":749,"height":499,"url":"https:\/\/laredsocial-noticias.com\/wp\/wp-content\/uploads\/2016\/09\/7e76c2f5-10f0-4450-87f8-118698382ed2_749_499.jpg","type":"image\/jpeg"}],"author":"Editor en Jefe","twitter_card":"summary_large_image","twitter_misc":{"Escrito por":"Editor en Jefe","Tiempo de lectura":"1 minuto"},"schema":{"@context":"https:\/\/schema.org","@graph":[{"@type":"WebPage","@id":"https:\/\/laredsocial-noticias.com\/wp\/alvaro-colom-sera-jefe-de-mision-de-la-oea-para-plebiscito-en-colombia\/","url":"https:\/\/laredsocial-noticias.com\/wp\/alvaro-colom-sera-jefe-de-mision-de-la-oea-para-plebiscito-en-colombia\/","name":"\u00c1lvaro Colom ser\u00e1 jefe de misi\u00f3n de la OEA para plebiscito en Colombia - NOTICIAS","isPartOf":{"@id":"https:\/\/laredsocial-noticias.com\/wp\/#website"},"datePublished":"2016-09-10T14:59:37+00:00","dateModified":"2016-09-10T14:59:45+00:00","author":{"@id":"https:\/\/laredsocial-noticias.com\/wp\/#\/schema\/person\/0ce78643f2de7aae6f6ef10e8453a6e0"},"breadcrumb":{"@id":"https:\/\/laredsocial-noticias.com\/wp\/alvaro-colom-sera-jefe-de-mision-de-la-oea-para-plebiscito-en-colombia\/#breadcrumb"},"inLanguage":"es","potentialAction":[{"@type":"ReadAction","target":["https:\/\/laredsocial-noticias.com\/wp\/alvaro-colom-sera-jefe-de-mision-de-la-oea-para-plebiscito-en-colombia\/"]}]},{"@type":"BreadcrumbList","@id":"https:\/\/laredsocial-noticias.com\/wp\/alvaro-colom-sera-jefe-de-mision-de-la-oea-para-plebiscito-en-colombia\/#breadcrumb","itemListElement":[{"@type":"ListItem","position":1,"name":"Portada","item":"https:\/\/laredsocial-noticias.com\/wp\/"},{"@type":"ListItem","position":2,"name":"\u00c1lvaro Colom ser\u00e1 jefe de misi\u00f3n de la OEA para plebiscito en Colombia"}]},{"@type":"WebSite","@id":"https:\/\/laredsocial-noticias.com\/wp\/#website","url":"https:\/\/laredsocial-noticias.com\/wp\/","name":"NOTICIAS","description":"Lo que se ve y se dice en las redes sociales","potentialAction":[{"@type":"SearchAction","target":{"@type":"EntryPoint","urlTemplate":"https:\/\/laredsocial-noticias.com\/wp\/?s={search_term_string}"},"query-input":{"@type":"PropertyValueSpecification","valueRequired":true,"valueName":"search_term_string"}}],"inLanguage":"es"},{"@type":"Person","@id":"https:\/\/laredsocial-noticias.com\/wp\/#\/schema\/person\/0ce78643f2de7aae6f6ef10e8453a6e0","name":"Editor en Jefe","url":"https:\/\/laredsocial-noticias.com\/wp\/author\/jorgeochoa\/"}]}},"_links":{"self":[{"href":"https:\/\/laredsocial-noticias.com\/wp\/wp-json\/wp\/v2\/posts\/27278","targetHints":{"allow":["GET"]}}],"collection":[{"href":"https:\/\/laredsocial-noticias.com\/wp\/wp-json\/wp\/v2\/posts"}],"about":[{"href":"https:\/\/laredsocial-noticias.com\/wp\/wp-json\/wp\/v2\/types\/post"}],"author":[{"embeddable":true,"href":"https:\/\/laredsocial-noticias.com\/wp\/wp-json\/wp\/v2\/users\/1"}],"replies":[{"embeddable":true,"href":"https:\/\/laredsocial-noticias.com\/wp\/wp-json\/wp\/v2\/comments?post=27278"}],"version-history":[{"count":1,"href":"https:\/\/laredsocial-noticias.com\/wp\/wp-json\/wp\/v2\/posts\/27278\/revisions"}],"predecessor-version":[{"id":27279,"href":"https:\/\/laredsocial-noticias.com\/wp\/wp-json\/wp\/v2\/posts\/27278\/revisions\/27279"}],"wp:attachment":[{"href":"https:\/\/laredsocial-noticias.com\/wp\/wp-json\/wp\/v2\/media?parent=27278"}],"wp:term":[{"taxonomy":"category","embeddable":true,"href":"https:\/\/laredsocial-noticias.com\/wp\/wp-json\/wp\/v2\/categories?post=27278"},{"taxonomy":"post_tag","embeddable":true,"href":"https:\/\/laredsocial-noticias.com\/wp\/wp-json\/wp\/v2\/tags?post=27278"}],"curies":[{"name":"wp","href":"https:\/\/api.w.org\/{rel}","templated":true}]}}