{"id":273816,"date":"2026-07-13T11:30:53","date_gmt":"2026-07-13T17:30:53","guid":{"rendered":"https:\/\/laredsocial-noticias.com\/wp\/?p=273816"},"modified":"2026-07-13T11:31:22","modified_gmt":"2026-07-13T17:31:22","slug":"el-gobierno-de-lopez-obrador-no-tuvo-vinculos-con-la-delincuencia-organizada-ni-nosotros-asegura-sheinbaum","status":"publish","type":"post","link":"https:\/\/laredsocial-noticias.com\/wp\/el-gobierno-de-lopez-obrador-no-tuvo-vinculos-con-la-delincuencia-organizada-ni-nosotros-asegura-sheinbaum\/","title":{"rendered":"\u201cEl gobierno de L\u00f3pez Obrador no tuvo v\u00ednculos con la delincuencia organizada, ni nosotros\u201d, asegura Sheinbaum"},"content":{"rendered":"<p>La presidenta Claudia Sheinbaum deslind\u00f3 este lunes al gobierno de la Cuarta Transformaci\u00f3n de nexos con el crimen organizado en el marco de los se\u00f1alamientos de Estados Unidos contra pol\u00edticos en el pa\u00eds. <\/p>\n<p>En su conferencia, la mandataria indic\u00f3 que una muestra de que presuntamente no habr\u00eda estas relaciones con c\u00e1rteles criminales ser\u00edan las detenciones que se llevaron a cabo desde el gobierno de Andr\u00e9s Manuel L\u00f3pez Obrador.<\/p>\n<p>&#8220;El gobierno del presidente L\u00f3pez Obrador no tuvo ning\u00fan v\u00ednculo con la delincuencia organizada, ni nosotros tampoco lo tenemos. Nosotros actuamos permanentemente con una visi\u00f3n distinta a la de los gobiernos anteriores, dentro de la ley, haciendo detenciones&#8221;, asegur\u00f3 a la prensa. <\/p>\n<p>Claudia Sheinbaum insisti\u00f3 desde Palacio Nacional en negar que la administraci\u00f3n federal lleve a cabo &#8220;pactos criminales&#8221; con &#8220;delincuentes comunes&#8221; y de &#8220;cuello blanco&#8221;. <\/p>\n<p>&#8220;Nosotros ni cubrimos a nadie ni hacemos pactos criminales con ning\u00fan grupo, y eso lo sabe la gente&#8221;, asegur\u00f3.<\/p>\n<p>La mandataria mexicana tambi\u00e9n reiter\u00f3 su acusaci\u00f3n en contra de Estados Unidos de hacer un acuerdo con una facci\u00f3n del C\u00e1rtel de Sinaloa en la detenci\u00f3n de Ismael &#8220;El Mayo&#8221; Zambada. <\/p>\n<p>Los se\u00f1alamientos ocurren a m\u00e1s de dos meses de la acusaci\u00f3n en la Fiscal\u00eda de Distrito Sur de Nueva York en contra de Rub\u00e9n Rocha Moya y nueve exfuncionarios sinaloenses por nexos con &#8220;Los Chapitos&#8221;. <\/p>\n","protected":false},"excerpt":{"rendered":"<p>La presidenta Claudia Sheinbaum deslind\u00f3 este lunes al gobierno de la Cuarta Transformaci\u00f3n de nexos con el crimen organizado en&#8230;<\/p>\n","protected":false},"author":1,"featured_media":273818,"comment_status":"open","ping_status":"closed","sticky":false,"template":"","format":"standard","meta":{"footnotes":""},"categories":[78,1726,73,11297],"tags":[],"class_list":["post-273816","post","type-post","status-publish","format-standard","has-post-thumbnail","hentry","category-nacional","category-nacionales","category-principal","category-principales"],"yoast_head":"<!-- This site is optimized with the Yoast SEO plugin v26.5 - https:\/\/yoast.com\/wordpress\/plugins\/seo\/ -->\n<title>\u201cEl gobierno de L\u00f3pez Obrador no tuvo v\u00ednculos con la delincuencia organizada, ni nosotros\u201d, asegura Sheinbaum - NOTICIAS<\/title>\n<meta name=\"robots\" content=\"index, follow, max-snippet:-1, max-image-preview:large, max-video-preview:-1\" \/>\n<link rel=\"canonical\" href=\"https:\/\/laredsocial-noticias.com\/wp\/el-gobierno-de-lopez-obrador-no-tuvo-vinculos-con-la-delincuencia-organizada-ni-nosotros-asegura-sheinbaum\/\" \/>\n<meta property=\"og:locale\" content=\"es_ES\" \/>\n<meta property=\"og:type\" content=\"article\" \/>\n<meta property=\"og:title\" content=\"\u201cEl gobierno de L\u00f3pez Obrador no tuvo v\u00ednculos con la delincuencia organizada, ni nosotros\u201d, asegura Sheinbaum - NOTICIAS\" \/>\n<meta property=\"og:description\" content=\"La presidenta Claudia Sheinbaum deslind\u00f3 este lunes al gobierno de la Cuarta Transformaci\u00f3n de nexos con el crimen organizado en...\" \/>\n<meta property=\"og:url\" content=\"https:\/\/laredsocial-noticias.com\/wp\/el-gobierno-de-lopez-obrador-no-tuvo-vinculos-con-la-delincuencia-organizada-ni-nosotros-asegura-sheinbaum\/\" \/>\n<meta property=\"og:site_name\" content=\"NOTICIAS\" \/>\n<meta property=\"article:published_time\" content=\"2026-07-13T17:30:53+00:00\" \/>\n<meta property=\"article:modified_time\" content=\"2026-07-13T17:31:22+00:00\" \/>\n<meta name=\"author\" content=\"Editor en Jefe\" \/>\n<meta name=\"twitter:card\" content=\"summary_large_image\" \/>\n<meta name=\"twitter:label1\" content=\"Escrito por\" \/>\n\t<meta name=\"twitter:data1\" content=\"Editor en Jefe\" \/>\n\t<meta name=\"twitter:label2\" content=\"Tiempo de lectura\" \/>\n\t<meta name=\"twitter:data2\" content=\"1 minuto\" \/>\n<!-- \/ Yoast SEO plugin. -->","yoast_head_json":{"title":"\u201cEl gobierno de L\u00f3pez Obrador no tuvo v\u00ednculos con la delincuencia organizada, ni nosotros\u201d, asegura Sheinbaum - NOTICIAS","robots":{"index":"index","follow":"follow","max-snippet":"max-snippet:-1","max-image-preview":"max-image-preview:large","max-video-preview":"max-video-preview:-1"},"canonical":"https:\/\/laredsocial-noticias.com\/wp\/el-gobierno-de-lopez-obrador-no-tuvo-vinculos-con-la-delincuencia-organizada-ni-nosotros-asegura-sheinbaum\/","og_locale":"es_ES","og_type":"article","og_title":"\u201cEl gobierno de L\u00f3pez Obrador no tuvo v\u00ednculos con la delincuencia organizada, ni nosotros\u201d, asegura Sheinbaum - NOTICIAS","og_description":"La presidenta Claudia Sheinbaum deslind\u00f3 este lunes al gobierno de la Cuarta Transformaci\u00f3n de nexos con el crimen organizado en...","og_url":"https:\/\/laredsocial-noticias.com\/wp\/el-gobierno-de-lopez-obrador-no-tuvo-vinculos-con-la-delincuencia-organizada-ni-nosotros-asegura-sheinbaum\/","og_site_name":"NOTICIAS","article_published_time":"2026-07-13T17:30:53+00:00","article_modified_time":"2026-07-13T17:31:22+00:00","author":"Editor en Jefe","twitter_card":"summary_large_image","twitter_misc":{"Escrito por":"Editor en Jefe","Tiempo de lectura":"1 minuto"},"schema":{"@context":"https:\/\/schema.org","@graph":[{"@type":"WebPage","@id":"https:\/\/laredsocial-noticias.com\/wp\/el-gobierno-de-lopez-obrador-no-tuvo-vinculos-con-la-delincuencia-organizada-ni-nosotros-asegura-sheinbaum\/","url":"https:\/\/laredsocial-noticias.com\/wp\/el-gobierno-de-lopez-obrador-no-tuvo-vinculos-con-la-delincuencia-organizada-ni-nosotros-asegura-sheinbaum\/","name":"\u201cEl gobierno de L\u00f3pez Obrador no tuvo v\u00ednculos con la delincuencia organizada, ni nosotros\u201d, asegura Sheinbaum - NOTICIAS","isPartOf":{"@id":"https:\/\/laredsocial-noticias.com\/wp\/#website"},"primaryImageOfPage":{"@id":"https:\/\/laredsocial-noticias.com\/wp\/el-gobierno-de-lopez-obrador-no-tuvo-vinculos-con-la-delincuencia-organizada-ni-nosotros-asegura-sheinbaum\/#primaryimage"},"image":{"@id":"https:\/\/laredsocial-noticias.com\/wp\/el-gobierno-de-lopez-obrador-no-tuvo-vinculos-con-la-delincuencia-organizada-ni-nosotros-asegura-sheinbaum\/#primaryimage"},"thumbnailUrl":"https:\/\/laredsocial-noticias.com\/wp\/wp-content\/uploads\/2026\/07\/f960x540-152993_227068_5229.jpg","datePublished":"2026-07-13T17:30:53+00:00","dateModified":"2026-07-13T17:31:22+00:00","author":{"@id":"https:\/\/laredsocial-noticias.com\/wp\/#\/schema\/person\/0ce78643f2de7aae6f6ef10e8453a6e0"},"breadcrumb":{"@id":"https:\/\/laredsocial-noticias.com\/wp\/el-gobierno-de-lopez-obrador-no-tuvo-vinculos-con-la-delincuencia-organizada-ni-nosotros-asegura-sheinbaum\/#breadcrumb"},"inLanguage":"es","potentialAction":[{"@type":"ReadAction","target":["https:\/\/laredsocial-noticias.com\/wp\/el-gobierno-de-lopez-obrador-no-tuvo-vinculos-con-la-delincuencia-organizada-ni-nosotros-asegura-sheinbaum\/"]}]},{"@type":"ImageObject","inLanguage":"es","@id":"https:\/\/laredsocial-noticias.com\/wp\/el-gobierno-de-lopez-obrador-no-tuvo-vinculos-con-la-delincuencia-organizada-ni-nosotros-asegura-sheinbaum\/#primaryimage","url":"https:\/\/laredsocial-noticias.com\/wp\/wp-content\/uploads\/2026\/07\/f960x540-152993_227068_5229.jpg","contentUrl":"https:\/\/laredsocial-noticias.com\/wp\/wp-content\/uploads\/2026\/07\/f960x540-152993_227068_5229.jpg","width":960,"height":540},{"@type":"BreadcrumbList","@id":"https:\/\/laredsocial-noticias.com\/wp\/el-gobierno-de-lopez-obrador-no-tuvo-vinculos-con-la-delincuencia-organizada-ni-nosotros-asegura-sheinbaum\/#breadcrumb","itemListElement":[{"@type":"ListItem","position":1,"name":"Portada","item":"https:\/\/laredsocial-noticias.com\/wp\/"},{"@type":"ListItem","position":2,"name":"\u201cEl gobierno de L\u00f3pez Obrador no tuvo v\u00ednculos con la delincuencia organizada, ni nosotros\u201d, asegura Sheinbaum"}]},{"@type":"WebSite","@id":"https:\/\/laredsocial-noticias.com\/wp\/#website","url":"https:\/\/laredsocial-noticias.com\/wp\/","name":"NOTICIAS","description":"Lo que se ve y se dice en las redes sociales","potentialAction":[{"@type":"SearchAction","target":{"@type":"EntryPoint","urlTemplate":"https:\/\/laredsocial-noticias.com\/wp\/?s={search_term_string}"},"query-input":{"@type":"PropertyValueSpecification","valueRequired":true,"valueName":"search_term_string"}}],"inLanguage":"es"},{"@type":"Person","@id":"https:\/\/laredsocial-noticias.com\/wp\/#\/schema\/person\/0ce78643f2de7aae6f6ef10e8453a6e0","name":"Editor en Jefe","url":"https:\/\/laredsocial-noticias.com\/wp\/author\/jorgeochoa\/"}]}},"_links":{"self":[{"href":"https:\/\/laredsocial-noticias.com\/wp\/wp-json\/wp\/v2\/posts\/273816","targetHints":{"allow":["GET"]}}],"collection":[{"href":"https:\/\/laredsocial-noticias.com\/wp\/wp-json\/wp\/v2\/posts"}],"about":[{"href":"https:\/\/laredsocial-noticias.com\/wp\/wp-json\/wp\/v2\/types\/post"}],"author":[{"embeddable":true,"href":"https:\/\/laredsocial-noticias.com\/wp\/wp-json\/wp\/v2\/users\/1"}],"replies":[{"embeddable":true,"href":"https:\/\/laredsocial-noticias.com\/wp\/wp-json\/wp\/v2\/comments?post=273816"}],"version-history":[{"count":1,"href":"https:\/\/laredsocial-noticias.com\/wp\/wp-json\/wp\/v2\/posts\/273816\/revisions"}],"predecessor-version":[{"id":273817,"href":"https:\/\/laredsocial-noticias.com\/wp\/wp-json\/wp\/v2\/posts\/273816\/revisions\/273817"}],"wp:featuredmedia":[{"embeddable":true,"href":"https:\/\/laredsocial-noticias.com\/wp\/wp-json\/wp\/v2\/media\/273818"}],"wp:attachment":[{"href":"https:\/\/laredsocial-noticias.com\/wp\/wp-json\/wp\/v2\/media?parent=273816"}],"wp:term":[{"taxonomy":"category","embeddable":true,"href":"https:\/\/laredsocial-noticias.com\/wp\/wp-json\/wp\/v2\/categories?post=273816"},{"taxonomy":"post_tag","embeddable":true,"href":"https:\/\/laredsocial-noticias.com\/wp\/wp-json\/wp\/v2\/tags?post=273816"}],"curies":[{"name":"wp","href":"https:\/\/api.w.org\/{rel}","templated":true}]}}