{"id":273977,"date":"2026-07-16T09:28:02","date_gmt":"2026-07-16T15:28:02","guid":{"rendered":"https:\/\/laredsocial-noticias.com\/wp\/?p=273977"},"modified":"2026-07-16T09:30:22","modified_gmt":"2026-07-16T15:30:22","slug":"rubio-endurece-el-tono-acusa-a-lula-de-provocar-los-aranceles-del-25-contra-brasil","status":"publish","type":"post","link":"https:\/\/laredsocial-noticias.com\/wp\/rubio-endurece-el-tono-acusa-a-lula-de-provocar-los-aranceles-del-25-contra-brasil\/","title":{"rendered":"Rubio endurece el tono: acusa a Lula de provocar los aranceles del 25% contra Brasil"},"content":{"rendered":"<p>El secretario de Estado de Estados Unidos, Marco Rubio, celebr\u00f3 la imposici\u00f3n de los aranceles del 25% ordenados por el presidente Donald Trump a la mayor\u00eda de las importaciones procedentes de Brasil y dijo que la medida responde a que el gobierno que preside Luiz In\u00e1cio Lula da Silva no ha negociado &#8220;de buena fe&#8221; con Washington. <\/p>\n<p>En un mensaje publicado en la red social X, Rubio asegur\u00f3 que Trump orden\u00f3 al Representante de Comercio de Estados Unidos (USTR) aplicar los grav\u00e1menes y sostuvo que &#8220;no debe haber confusi\u00f3n&#8221; sobre el motivo de la medida. Seg\u00fan dijo, Lula ha antepuesto &#8220;su propio ego&#8221; durante el \u00faltimo a\u00f1o en lugar de alcanzar un acuerdo en beneficio del pueblo brasile\u00f1o.<\/p>\n<p>El jefe de la diplomacia estadounidense afirm\u00f3 adem\u00e1s que las pol\u00edticas econ\u00f3micas del mandatario brasile\u00f1o son &#8220;malas para los estadounidenses y malas para los brasile\u00f1os&#8221; y responsabiliz\u00f3 al gobierno de Brasil de no haber logrado un entendimiento comercial con Estados Unidos.<\/p>\n<p>&#8220;Que no haya confusi\u00f3n sobre el porqu\u00e9: el presidente Lula y su gobierno no han negociado con Estados Unidos de buena fe&#8221;, escribi\u00f3. <\/p>\n<p>Las declaraciones de Rubio se producen despu\u00e9s de que la administraci\u00f3n Trump anunciara la imposici\u00f3n de un arancel del 25% a la mayor\u00eda de las importaciones brasile\u00f1as, una medida que eleva la tensi\u00f3n comercial entre Washington y Brasilia.<\/p>\n<p>El embajador y representante comercial de Estados , Jamieson Greer, afirm\u00f3 que los nuevos grav\u00e1menes buscan proteger los intereses econ\u00f3micos estadounidenses frente a pr\u00e1cticas comerciales que considera desleales.<\/p>\n<p>Seg\u00fan dijo Greer, las negociaciones mantenidas con Brasil durante el \u00faltimo a\u00f1o no lograron resolver las diferencias, aunque asegur\u00f3 que Washington mantiene abierta la puerta para continuar el di\u00e1logo.<\/p>\n<p>Greer acus\u00f3 adem\u00e1s a Brasil de perjudicar a empresas tecnol\u00f3gicas estadounidenses, de retroceder en la aplicaci\u00f3n de medidas anticorrupci\u00f3n y de permitir que agricultores brasile\u00f1os obtengan ventajas competitivas mediante el uso de tierras deforestadas ilegalmente, lo que, a su juicio, ha dificultado el acceso de trabajadores, productores y exportadores estadounidenses al mercado brasile\u00f1o.<\/p>\n<p>La investigaci\u00f3n incluy\u00f3 consultas formales con el gobierno de Brasil, dos audiencias p\u00fablicas y el an\u00e1lisis de m\u00e1s de 360 comentarios escritos presentados por particulares y organizaciones.<\/p>\n<p>Adem\u00e1s, 77 testigos comparecieron en las audiencias celebradas este mes antes de que la administraci\u00f3n Trump adoptara la medida definitiva.  <\/p>\n","protected":false},"excerpt":{"rendered":"<p>El secretario de Estado de Estados Unidos, Marco Rubio, celebr\u00f3 la imposici\u00f3n de los aranceles del 25% ordenados por el&#8230;<\/p>\n","protected":false},"author":1,"featured_media":273979,"comment_status":"open","ping_status":"closed","sticky":false,"template":"","format":"standard","meta":{"footnotes":""},"categories":[1],"tags":[],"class_list":["post-273977","post","type-post","status-publish","format-standard","has-post-thumbnail","hentry","category-uncategorized"],"yoast_head":"<!-- This site is optimized with the Yoast SEO plugin v26.5 - https:\/\/yoast.com\/wordpress\/plugins\/seo\/ -->\n<title>Rubio endurece el tono: acusa a Lula de provocar los aranceles del 25% contra Brasil - NOTICIAS<\/title>\n<meta name=\"robots\" content=\"index, follow, max-snippet:-1, max-image-preview:large, max-video-preview:-1\" \/>\n<link rel=\"canonical\" href=\"https:\/\/laredsocial-noticias.com\/wp\/rubio-endurece-el-tono-acusa-a-lula-de-provocar-los-aranceles-del-25-contra-brasil\/\" \/>\n<meta property=\"og:locale\" content=\"es_ES\" \/>\n<meta property=\"og:type\" content=\"article\" \/>\n<meta property=\"og:title\" content=\"Rubio endurece el tono: acusa a Lula de provocar los aranceles del 25% contra Brasil - NOTICIAS\" \/>\n<meta property=\"og:description\" content=\"El secretario de Estado de Estados Unidos, Marco Rubio, celebr\u00f3 la imposici\u00f3n de los aranceles del 25% ordenados por el...\" \/>\n<meta property=\"og:url\" content=\"https:\/\/laredsocial-noticias.com\/wp\/rubio-endurece-el-tono-acusa-a-lula-de-provocar-los-aranceles-del-25-contra-brasil\/\" \/>\n<meta property=\"og:site_name\" content=\"NOTICIAS\" \/>\n<meta property=\"article:published_time\" content=\"2026-07-16T15:28:02+00:00\" \/>\n<meta property=\"article:modified_time\" content=\"2026-07-16T15:30:22+00:00\" \/>\n<meta name=\"author\" content=\"Editor en Jefe\" \/>\n<meta name=\"twitter:card\" content=\"summary_large_image\" \/>\n<meta name=\"twitter:label1\" content=\"Escrito por\" \/>\n\t<meta name=\"twitter:data1\" content=\"Editor en Jefe\" \/>\n\t<meta name=\"twitter:label2\" content=\"Tiempo de lectura\" \/>\n\t<meta name=\"twitter:data2\" content=\"2 minutos\" \/>\n<!-- \/ Yoast SEO plugin. -->","yoast_head_json":{"title":"Rubio endurece el tono: acusa a Lula de provocar los aranceles del 25% contra Brasil - NOTICIAS","robots":{"index":"index","follow":"follow","max-snippet":"max-snippet:-1","max-image-preview":"max-image-preview:large","max-video-preview":"max-video-preview:-1"},"canonical":"https:\/\/laredsocial-noticias.com\/wp\/rubio-endurece-el-tono-acusa-a-lula-de-provocar-los-aranceles-del-25-contra-brasil\/","og_locale":"es_ES","og_type":"article","og_title":"Rubio endurece el tono: acusa a Lula de provocar los aranceles del 25% contra Brasil - NOTICIAS","og_description":"El secretario de Estado de Estados Unidos, Marco Rubio, celebr\u00f3 la imposici\u00f3n de los aranceles del 25% ordenados por el...","og_url":"https:\/\/laredsocial-noticias.com\/wp\/rubio-endurece-el-tono-acusa-a-lula-de-provocar-los-aranceles-del-25-contra-brasil\/","og_site_name":"NOTICIAS","article_published_time":"2026-07-16T15:28:02+00:00","article_modified_time":"2026-07-16T15:30:22+00:00","author":"Editor en Jefe","twitter_card":"summary_large_image","twitter_misc":{"Escrito por":"Editor en Jefe","Tiempo de lectura":"2 minutos"},"schema":{"@context":"https:\/\/schema.org","@graph":[{"@type":"WebPage","@id":"https:\/\/laredsocial-noticias.com\/wp\/rubio-endurece-el-tono-acusa-a-lula-de-provocar-los-aranceles-del-25-contra-brasil\/","url":"https:\/\/laredsocial-noticias.com\/wp\/rubio-endurece-el-tono-acusa-a-lula-de-provocar-los-aranceles-del-25-contra-brasil\/","name":"Rubio endurece el tono: acusa a Lula de provocar los aranceles del 25% contra Brasil - NOTICIAS","isPartOf":{"@id":"https:\/\/laredsocial-noticias.com\/wp\/#website"},"primaryImageOfPage":{"@id":"https:\/\/laredsocial-noticias.com\/wp\/rubio-endurece-el-tono-acusa-a-lula-de-provocar-los-aranceles-del-25-contra-brasil\/#primaryimage"},"image":{"@id":"https:\/\/laredsocial-noticias.com\/wp\/rubio-endurece-el-tono-acusa-a-lula-de-provocar-los-aranceles-del-25-contra-brasil\/#primaryimage"},"thumbnailUrl":"https:\/\/laredsocial-noticias.com\/wp\/wp-content\/uploads\/2026\/06\/f960x540-149072_223147_5050-1.jpg","datePublished":"2026-07-16T15:28:02+00:00","dateModified":"2026-07-16T15:30:22+00:00","author":{"@id":"https:\/\/laredsocial-noticias.com\/wp\/#\/schema\/person\/0ce78643f2de7aae6f6ef10e8453a6e0"},"breadcrumb":{"@id":"https:\/\/laredsocial-noticias.com\/wp\/rubio-endurece-el-tono-acusa-a-lula-de-provocar-los-aranceles-del-25-contra-brasil\/#breadcrumb"},"inLanguage":"es","potentialAction":[{"@type":"ReadAction","target":["https:\/\/laredsocial-noticias.com\/wp\/rubio-endurece-el-tono-acusa-a-lula-de-provocar-los-aranceles-del-25-contra-brasil\/"]}]},{"@type":"ImageObject","inLanguage":"es","@id":"https:\/\/laredsocial-noticias.com\/wp\/rubio-endurece-el-tono-acusa-a-lula-de-provocar-los-aranceles-del-25-contra-brasil\/#primaryimage","url":"https:\/\/laredsocial-noticias.com\/wp\/wp-content\/uploads\/2026\/06\/f960x540-149072_223147_5050-1.jpg","contentUrl":"https:\/\/laredsocial-noticias.com\/wp\/wp-content\/uploads\/2026\/06\/f960x540-149072_223147_5050-1.jpg","width":960,"height":540},{"@type":"BreadcrumbList","@id":"https:\/\/laredsocial-noticias.com\/wp\/rubio-endurece-el-tono-acusa-a-lula-de-provocar-los-aranceles-del-25-contra-brasil\/#breadcrumb","itemListElement":[{"@type":"ListItem","position":1,"name":"Portada","item":"https:\/\/laredsocial-noticias.com\/wp\/"},{"@type":"ListItem","position":2,"name":"Rubio endurece el tono: acusa a Lula de provocar los aranceles del 25% contra Brasil"}]},{"@type":"WebSite","@id":"https:\/\/laredsocial-noticias.com\/wp\/#website","url":"https:\/\/laredsocial-noticias.com\/wp\/","name":"NOTICIAS","description":"Lo que se ve y se dice en las redes sociales","potentialAction":[{"@type":"SearchAction","target":{"@type":"EntryPoint","urlTemplate":"https:\/\/laredsocial-noticias.com\/wp\/?s={search_term_string}"},"query-input":{"@type":"PropertyValueSpecification","valueRequired":true,"valueName":"search_term_string"}}],"inLanguage":"es"},{"@type":"Person","@id":"https:\/\/laredsocial-noticias.com\/wp\/#\/schema\/person\/0ce78643f2de7aae6f6ef10e8453a6e0","name":"Editor en Jefe","url":"https:\/\/laredsocial-noticias.com\/wp\/author\/jorgeochoa\/"}]}},"_links":{"self":[{"href":"https:\/\/laredsocial-noticias.com\/wp\/wp-json\/wp\/v2\/posts\/273977","targetHints":{"allow":["GET"]}}],"collection":[{"href":"https:\/\/laredsocial-noticias.com\/wp\/wp-json\/wp\/v2\/posts"}],"about":[{"href":"https:\/\/laredsocial-noticias.com\/wp\/wp-json\/wp\/v2\/types\/post"}],"author":[{"embeddable":true,"href":"https:\/\/laredsocial-noticias.com\/wp\/wp-json\/wp\/v2\/users\/1"}],"replies":[{"embeddable":true,"href":"https:\/\/laredsocial-noticias.com\/wp\/wp-json\/wp\/v2\/comments?post=273977"}],"version-history":[{"count":1,"href":"https:\/\/laredsocial-noticias.com\/wp\/wp-json\/wp\/v2\/posts\/273977\/revisions"}],"predecessor-version":[{"id":273978,"href":"https:\/\/laredsocial-noticias.com\/wp\/wp-json\/wp\/v2\/posts\/273977\/revisions\/273978"}],"wp:featuredmedia":[{"embeddable":true,"href":"https:\/\/laredsocial-noticias.com\/wp\/wp-json\/wp\/v2\/media\/273979"}],"wp:attachment":[{"href":"https:\/\/laredsocial-noticias.com\/wp\/wp-json\/wp\/v2\/media?parent=273977"}],"wp:term":[{"taxonomy":"category","embeddable":true,"href":"https:\/\/laredsocial-noticias.com\/wp\/wp-json\/wp\/v2\/categories?post=273977"},{"taxonomy":"post_tag","embeddable":true,"href":"https:\/\/laredsocial-noticias.com\/wp\/wp-json\/wp\/v2\/tags?post=273977"}],"curies":[{"name":"wp","href":"https:\/\/api.w.org\/{rel}","templated":true}]}}