{"id":274230,"date":"2026-07-21T11:54:06","date_gmt":"2026-07-21T17:54:06","guid":{"rendered":"https:\/\/laredsocial-noticias.com\/wp\/?p=274230"},"modified":"2026-07-21T11:54:54","modified_gmt":"2026-07-21T17:54:54","slug":"sheinbaum-evita-pronunciarse-sobre-la-cadena-perpetua-de-el-mayo-en-eu","status":"publish","type":"post","link":"https:\/\/laredsocial-noticias.com\/wp\/sheinbaum-evita-pronunciarse-sobre-la-cadena-perpetua-de-el-mayo-en-eu\/","title":{"rendered":"Sheinbaum evita pronunciarse sobre la cadena perpetua de \u201cEl Mayo\u201d en EU"},"content":{"rendered":"<p>La presidenta Claudia Sheinbaum evadi\u00f3 este martes ofrecer una opini\u00f3n sobre la sentencia a cadena perpetua que Estados Unidos le dict\u00f3 a Ismael &#8220;El Mayo&#8221; Zambada. <\/p>\n<p>En su conferencia matutina, la prensa le pidi\u00f3 una postura sobre este hecho tras la audiencia de la Corte del Distrito Este de Nueva York y tambi\u00e9n se neg\u00f3 a confirmar si M\u00e9xico pedir\u00e1 parte de los 15 mil millones de d\u00f3lares decomisados al l\u00edder del C\u00e1rtel de Sinaloa. <\/p>\n<p>&#8220;No hay una opini\u00f3n personal sobre eso, no, es lo que es&#8221;, declar\u00f3 en Palacio Nacional despu\u00e9s de un momento de silencio. <\/p>\n<p>Ante el llamado que &#8220;El Mayo&#8221; hizo durante su audiencia de este lunes a los j\u00f3venes para que no se involucren en el crimen organizado, la presidenta destac\u00f3 el trabajo de su gobierno. <\/p>\n<p>&#8220;Obviamente viniendo de qui\u00e9n viene es dif\u00edcil citarlo, \u00bfverdad?, pero es el trabajo que estamos nosotros haciendo, desde el principio, de la atenci\u00f3n a las causas&#8221;, coment\u00f3. <\/p>\n<p>Tras el mensaje de &#8220;El Mayo&#8221; a cesar la violencia en M\u00e9xico, la mandataria a\u00f1adi\u00f3: &#8220;no se puede citar a esta persona, pero entre todas y todos debemos buscar la paz en M\u00e9xico y evitar la violencia&#8221;.<\/p>\n<p>En reiteradas ocasiones, la mandataria insisti\u00f3 en remitir a la Fiscal\u00eda General de la Rep\u00fablica (FGR) las preguntas sobre el decomiso y la investigaci\u00f3n del traslado de &#8220;El Mayo&#8221; a Estados Unidos. <\/p>\n<p>&#8220;No quiere decir que lo hayan decomisado, quiere decir que es parte de la resoluci\u00f3n que se est\u00e1 planteando, entonces, la fiscal\u00eda normalmente participa en estos casos y ya le pedir\u00edamos a la fiscal que informara&#8221;, afirm\u00f3.  <\/p>\n","protected":false},"excerpt":{"rendered":"<p>La presidenta Claudia Sheinbaum evadi\u00f3 este martes ofrecer una opini\u00f3n sobre la sentencia a cadena perpetua que Estados Unidos le&#8230;<\/p>\n","protected":false},"author":1,"featured_media":274232,"comment_status":"open","ping_status":"closed","sticky":false,"template":"","format":"standard","meta":{"footnotes":""},"categories":[78,1726,73,11297],"tags":[],"class_list":["post-274230","post","type-post","status-publish","format-standard","has-post-thumbnail","hentry","category-nacional","category-nacionales","category-principal","category-principales"],"yoast_head":"<!-- This site is optimized with the Yoast SEO plugin v26.5 - https:\/\/yoast.com\/wordpress\/plugins\/seo\/ -->\n<title>Sheinbaum evita pronunciarse sobre la cadena perpetua de \u201cEl Mayo\u201d en EU - NOTICIAS<\/title>\n<meta name=\"robots\" content=\"index, follow, max-snippet:-1, max-image-preview:large, max-video-preview:-1\" \/>\n<link rel=\"canonical\" href=\"https:\/\/laredsocial-noticias.com\/wp\/sheinbaum-evita-pronunciarse-sobre-la-cadena-perpetua-de-el-mayo-en-eu\/\" \/>\n<meta property=\"og:locale\" content=\"es_ES\" \/>\n<meta property=\"og:type\" content=\"article\" \/>\n<meta property=\"og:title\" content=\"Sheinbaum evita pronunciarse sobre la cadena perpetua de \u201cEl Mayo\u201d en EU - NOTICIAS\" \/>\n<meta property=\"og:description\" content=\"La presidenta Claudia Sheinbaum evadi\u00f3 este martes ofrecer una opini\u00f3n sobre la sentencia a cadena perpetua que Estados Unidos le...\" \/>\n<meta property=\"og:url\" content=\"https:\/\/laredsocial-noticias.com\/wp\/sheinbaum-evita-pronunciarse-sobre-la-cadena-perpetua-de-el-mayo-en-eu\/\" \/>\n<meta property=\"og:site_name\" content=\"NOTICIAS\" \/>\n<meta property=\"article:published_time\" content=\"2026-07-21T17:54:06+00:00\" \/>\n<meta property=\"article:modified_time\" content=\"2026-07-21T17:54:54+00:00\" \/>\n<meta name=\"author\" content=\"Editor en Jefe\" \/>\n<meta name=\"twitter:card\" content=\"summary_large_image\" \/>\n<meta name=\"twitter:label1\" content=\"Escrito por\" \/>\n\t<meta name=\"twitter:data1\" content=\"Editor en Jefe\" \/>\n\t<meta name=\"twitter:label2\" content=\"Tiempo de lectura\" \/>\n\t<meta name=\"twitter:data2\" content=\"1 minuto\" \/>\n<!-- \/ Yoast SEO plugin. -->","yoast_head_json":{"title":"Sheinbaum evita pronunciarse sobre la cadena perpetua de \u201cEl Mayo\u201d en EU - NOTICIAS","robots":{"index":"index","follow":"follow","max-snippet":"max-snippet:-1","max-image-preview":"max-image-preview:large","max-video-preview":"max-video-preview:-1"},"canonical":"https:\/\/laredsocial-noticias.com\/wp\/sheinbaum-evita-pronunciarse-sobre-la-cadena-perpetua-de-el-mayo-en-eu\/","og_locale":"es_ES","og_type":"article","og_title":"Sheinbaum evita pronunciarse sobre la cadena perpetua de \u201cEl Mayo\u201d en EU - NOTICIAS","og_description":"La presidenta Claudia Sheinbaum evadi\u00f3 este martes ofrecer una opini\u00f3n sobre la sentencia a cadena perpetua que Estados Unidos le...","og_url":"https:\/\/laredsocial-noticias.com\/wp\/sheinbaum-evita-pronunciarse-sobre-la-cadena-perpetua-de-el-mayo-en-eu\/","og_site_name":"NOTICIAS","article_published_time":"2026-07-21T17:54:06+00:00","article_modified_time":"2026-07-21T17:54:54+00:00","author":"Editor en Jefe","twitter_card":"summary_large_image","twitter_misc":{"Escrito por":"Editor en Jefe","Tiempo de lectura":"1 minuto"},"schema":{"@context":"https:\/\/schema.org","@graph":[{"@type":"WebPage","@id":"https:\/\/laredsocial-noticias.com\/wp\/sheinbaum-evita-pronunciarse-sobre-la-cadena-perpetua-de-el-mayo-en-eu\/","url":"https:\/\/laredsocial-noticias.com\/wp\/sheinbaum-evita-pronunciarse-sobre-la-cadena-perpetua-de-el-mayo-en-eu\/","name":"Sheinbaum evita pronunciarse sobre la cadena perpetua de \u201cEl Mayo\u201d en EU - NOTICIAS","isPartOf":{"@id":"https:\/\/laredsocial-noticias.com\/wp\/#website"},"primaryImageOfPage":{"@id":"https:\/\/laredsocial-noticias.com\/wp\/sheinbaum-evita-pronunciarse-sobre-la-cadena-perpetua-de-el-mayo-en-eu\/#primaryimage"},"image":{"@id":"https:\/\/laredsocial-noticias.com\/wp\/sheinbaum-evita-pronunciarse-sobre-la-cadena-perpetua-de-el-mayo-en-eu\/#primaryimage"},"thumbnailUrl":"https:\/\/laredsocial-noticias.com\/wp\/wp-content\/uploads\/2026\/07\/f960x540-153709_227784_6842.jpg","datePublished":"2026-07-21T17:54:06+00:00","dateModified":"2026-07-21T17:54:54+00:00","author":{"@id":"https:\/\/laredsocial-noticias.com\/wp\/#\/schema\/person\/0ce78643f2de7aae6f6ef10e8453a6e0"},"breadcrumb":{"@id":"https:\/\/laredsocial-noticias.com\/wp\/sheinbaum-evita-pronunciarse-sobre-la-cadena-perpetua-de-el-mayo-en-eu\/#breadcrumb"},"inLanguage":"es","potentialAction":[{"@type":"ReadAction","target":["https:\/\/laredsocial-noticias.com\/wp\/sheinbaum-evita-pronunciarse-sobre-la-cadena-perpetua-de-el-mayo-en-eu\/"]}]},{"@type":"ImageObject","inLanguage":"es","@id":"https:\/\/laredsocial-noticias.com\/wp\/sheinbaum-evita-pronunciarse-sobre-la-cadena-perpetua-de-el-mayo-en-eu\/#primaryimage","url":"https:\/\/laredsocial-noticias.com\/wp\/wp-content\/uploads\/2026\/07\/f960x540-153709_227784_6842.jpg","contentUrl":"https:\/\/laredsocial-noticias.com\/wp\/wp-content\/uploads\/2026\/07\/f960x540-153709_227784_6842.jpg","width":960,"height":540},{"@type":"BreadcrumbList","@id":"https:\/\/laredsocial-noticias.com\/wp\/sheinbaum-evita-pronunciarse-sobre-la-cadena-perpetua-de-el-mayo-en-eu\/#breadcrumb","itemListElement":[{"@type":"ListItem","position":1,"name":"Portada","item":"https:\/\/laredsocial-noticias.com\/wp\/"},{"@type":"ListItem","position":2,"name":"Sheinbaum evita pronunciarse sobre la cadena perpetua de \u201cEl Mayo\u201d en EU"}]},{"@type":"WebSite","@id":"https:\/\/laredsocial-noticias.com\/wp\/#website","url":"https:\/\/laredsocial-noticias.com\/wp\/","name":"NOTICIAS","description":"Lo que se ve y se dice en las redes sociales","potentialAction":[{"@type":"SearchAction","target":{"@type":"EntryPoint","urlTemplate":"https:\/\/laredsocial-noticias.com\/wp\/?s={search_term_string}"},"query-input":{"@type":"PropertyValueSpecification","valueRequired":true,"valueName":"search_term_string"}}],"inLanguage":"es"},{"@type":"Person","@id":"https:\/\/laredsocial-noticias.com\/wp\/#\/schema\/person\/0ce78643f2de7aae6f6ef10e8453a6e0","name":"Editor en Jefe","url":"https:\/\/laredsocial-noticias.com\/wp\/author\/jorgeochoa\/"}]}},"_links":{"self":[{"href":"https:\/\/laredsocial-noticias.com\/wp\/wp-json\/wp\/v2\/posts\/274230","targetHints":{"allow":["GET"]}}],"collection":[{"href":"https:\/\/laredsocial-noticias.com\/wp\/wp-json\/wp\/v2\/posts"}],"about":[{"href":"https:\/\/laredsocial-noticias.com\/wp\/wp-json\/wp\/v2\/types\/post"}],"author":[{"embeddable":true,"href":"https:\/\/laredsocial-noticias.com\/wp\/wp-json\/wp\/v2\/users\/1"}],"replies":[{"embeddable":true,"href":"https:\/\/laredsocial-noticias.com\/wp\/wp-json\/wp\/v2\/comments?post=274230"}],"version-history":[{"count":1,"href":"https:\/\/laredsocial-noticias.com\/wp\/wp-json\/wp\/v2\/posts\/274230\/revisions"}],"predecessor-version":[{"id":274231,"href":"https:\/\/laredsocial-noticias.com\/wp\/wp-json\/wp\/v2\/posts\/274230\/revisions\/274231"}],"wp:featuredmedia":[{"embeddable":true,"href":"https:\/\/laredsocial-noticias.com\/wp\/wp-json\/wp\/v2\/media\/274232"}],"wp:attachment":[{"href":"https:\/\/laredsocial-noticias.com\/wp\/wp-json\/wp\/v2\/media?parent=274230"}],"wp:term":[{"taxonomy":"category","embeddable":true,"href":"https:\/\/laredsocial-noticias.com\/wp\/wp-json\/wp\/v2\/categories?post=274230"},{"taxonomy":"post_tag","embeddable":true,"href":"https:\/\/laredsocial-noticias.com\/wp\/wp-json\/wp\/v2\/tags?post=274230"}],"curies":[{"name":"wp","href":"https:\/\/api.w.org\/{rel}","templated":true}]}}