{"id":274569,"date":"2026-07-28T11:50:59","date_gmt":"2026-07-28T17:50:59","guid":{"rendered":"https:\/\/laredsocial-noticias.com\/wp\/?p=274569"},"modified":"2026-07-28T11:51:59","modified_gmt":"2026-07-28T17:51:59","slug":"sheinbaum-responde-a-expresidentes-y-niega-trasfondo-politico-en-caso-ernesto-ruffo","status":"publish","type":"post","link":"https:\/\/laredsocial-noticias.com\/wp\/sheinbaum-responde-a-expresidentes-y-niega-trasfondo-politico-en-caso-ernesto-ruffo\/","title":{"rendered":"Sheinbaum responde a expresidentes y niega trasfondo pol\u00edtico en caso Ernesto Ruffo"},"content":{"rendered":"<p> La presidenta Claudia Sheinbaum rechaz\u00f3 este martes que el proceso penal contra el exgobernador de Baja California, Ernesto Ruffo Appel, responda a una persecuci\u00f3n pol\u00edtica y sostuvo que se trata de una investigaci\u00f3n por presuntos delitos de contrabando de combustible, despu\u00e9s de que un grupo de expresidentes acusara una supuesta &#8220;venganza pol\u00edtica&#8221; en su contra.<\/p>\n<p>Durante su conferencia de prensa, la mandataria respondi\u00f3 a los pronunciamientos del Grupo Iniciativa Democr\u00e1tica de Espa\u00f1a y las Am\u00e9ricas (IDEA), integrado, entre otros, por el espa\u00f1ol Jos\u00e9 Mar\u00eda Aznar, el mexicano Felipe Calder\u00f3n y el colombiano \u00c1lvaro Uribe, quienes expresaron su preocupaci\u00f3n por la detenci\u00f3n del exmandatario estatal y la atribuyeron a un supuesto deterioro del Estado de derecho en M\u00e9xico.<\/p>\n<p>&#8220;Pues m\u00e1s all\u00e1 de las personas, ser\u00eda muy bueno que se informara. Que siguieran la informaci\u00f3n que ha dado la Fiscal\u00eda General de la Rep\u00fablica (FGR). Porque, repito, no tiene nada que ver con un tema pol\u00edtico, es un tema criminal&#8221;, afirm\u00f3 la gobernante mexicana.<\/p>\n<p>La mandataria insisti\u00f3 en que el caso debe analizarse a partir de las investigaciones de la FGR y no desde una perspectiva pol\u00edtica.<\/p>\n<p>&#8220;Es un tema de, obviamente, hasta que no quede juzgado, de una persona que presuntamente, de acuerdo a todas las pruebas, cometi\u00f3 graves delitos por contrabandear combustible, as\u00ed de sencillo&#8221;, se\u00f1al\u00f3.<\/p>\n<p>A\u00f1adi\u00f3 que las acusaciones se relacionan con presuntos delitos fiscales y de hidrocarburos derivados de una operaci\u00f3n que, seg\u00fan la investigaci\u00f3n, se prolong\u00f3 durante varios a\u00f1os.<\/p>\n<p>&#8220;Cometer un fraude a la hacienda p\u00fablica y traer durante a\u00f1os combustible ilegal. Entonces, quienes firman diciendo que es un asunto pol\u00edtico, est\u00e1n equivocados&#8221;, sostuvo.<\/p>\n<p>Asimismo, defendi\u00f3 la actuaci\u00f3n de la FGR y asegur\u00f3 que la investigaci\u00f3n cuenta con los elementos suficientes para sustentar las decisiones judiciales adoptadas hasta ahora.<\/p>\n<p>&#8220;Es un asunto que tiene que ver con un delito por el cual est\u00e1 juzgado y que hay suficiente informaci\u00f3n por parte de la fiscal\u00eda para obtener una orden de aprehensi\u00f3n de un juez. Ayer creo que emiti\u00f3 otra vez un comunicado la fiscal\u00eda nuevamente. Y siguen las investigaciones, y es esta persona junto con otros siete que fueron detenidos por este delito&#8221;, indic\u00f3.<\/p>\n<p>La FGR neg\u00f3 el lunes que la investigaci\u00f3n contra Ruffo Appel responda a una persecuci\u00f3n pol\u00edtica y sostuvo que su vinculaci\u00f3n a proceso deriva de su probable participaci\u00f3n en una red dedicada al contrabando de hidrocarburos por ferrocarril. <\/p>\n","protected":false},"excerpt":{"rendered":"<p>La presidenta Claudia Sheinbaum rechaz\u00f3 este martes que el proceso penal contra el exgobernador de Baja California, Ernesto Ruffo Appel,&#8230;<\/p>\n","protected":false},"author":1,"featured_media":274571,"comment_status":"open","ping_status":"closed","sticky":false,"template":"","format":"standard","meta":{"footnotes":""},"categories":[78,1726,73,11297],"tags":[],"class_list":["post-274569","post","type-post","status-publish","format-standard","has-post-thumbnail","hentry","category-nacional","category-nacionales","category-principal","category-principales"],"yoast_head":"<!-- This site is optimized with the Yoast SEO plugin v26.5 - https:\/\/yoast.com\/wordpress\/plugins\/seo\/ -->\n<title>Sheinbaum responde a expresidentes y niega trasfondo pol\u00edtico en caso Ernesto Ruffo - NOTICIAS<\/title>\n<meta name=\"robots\" content=\"index, follow, max-snippet:-1, max-image-preview:large, max-video-preview:-1\" \/>\n<link rel=\"canonical\" href=\"https:\/\/laredsocial-noticias.com\/wp\/sheinbaum-responde-a-expresidentes-y-niega-trasfondo-politico-en-caso-ernesto-ruffo\/\" \/>\n<meta property=\"og:locale\" content=\"es_ES\" \/>\n<meta property=\"og:type\" content=\"article\" \/>\n<meta property=\"og:title\" content=\"Sheinbaum responde a expresidentes y niega trasfondo pol\u00edtico en caso Ernesto Ruffo - NOTICIAS\" \/>\n<meta property=\"og:description\" content=\"La presidenta Claudia Sheinbaum rechaz\u00f3 este martes que el proceso penal contra el exgobernador de Baja California, Ernesto Ruffo Appel,...\" \/>\n<meta property=\"og:url\" content=\"https:\/\/laredsocial-noticias.com\/wp\/sheinbaum-responde-a-expresidentes-y-niega-trasfondo-politico-en-caso-ernesto-ruffo\/\" \/>\n<meta property=\"og:site_name\" content=\"NOTICIAS\" \/>\n<meta property=\"article:published_time\" content=\"2026-07-28T17:50:59+00:00\" \/>\n<meta property=\"article:modified_time\" content=\"2026-07-28T17:51:59+00:00\" \/>\n<meta name=\"author\" content=\"Editor en Jefe\" \/>\n<meta name=\"twitter:card\" content=\"summary_large_image\" \/>\n<meta name=\"twitter:label1\" content=\"Escrito por\" \/>\n\t<meta name=\"twitter:data1\" content=\"Editor en Jefe\" \/>\n\t<meta name=\"twitter:label2\" content=\"Tiempo de lectura\" \/>\n\t<meta name=\"twitter:data2\" content=\"2 minutos\" \/>\n<!-- \/ Yoast SEO plugin. -->","yoast_head_json":{"title":"Sheinbaum responde a expresidentes y niega trasfondo pol\u00edtico en caso Ernesto Ruffo - NOTICIAS","robots":{"index":"index","follow":"follow","max-snippet":"max-snippet:-1","max-image-preview":"max-image-preview:large","max-video-preview":"max-video-preview:-1"},"canonical":"https:\/\/laredsocial-noticias.com\/wp\/sheinbaum-responde-a-expresidentes-y-niega-trasfondo-politico-en-caso-ernesto-ruffo\/","og_locale":"es_ES","og_type":"article","og_title":"Sheinbaum responde a expresidentes y niega trasfondo pol\u00edtico en caso Ernesto Ruffo - NOTICIAS","og_description":"La presidenta Claudia Sheinbaum rechaz\u00f3 este martes que el proceso penal contra el exgobernador de Baja California, Ernesto Ruffo Appel,...","og_url":"https:\/\/laredsocial-noticias.com\/wp\/sheinbaum-responde-a-expresidentes-y-niega-trasfondo-politico-en-caso-ernesto-ruffo\/","og_site_name":"NOTICIAS","article_published_time":"2026-07-28T17:50:59+00:00","article_modified_time":"2026-07-28T17:51:59+00:00","author":"Editor en Jefe","twitter_card":"summary_large_image","twitter_misc":{"Escrito por":"Editor en Jefe","Tiempo de lectura":"2 minutos"},"schema":{"@context":"https:\/\/schema.org","@graph":[{"@type":"WebPage","@id":"https:\/\/laredsocial-noticias.com\/wp\/sheinbaum-responde-a-expresidentes-y-niega-trasfondo-politico-en-caso-ernesto-ruffo\/","url":"https:\/\/laredsocial-noticias.com\/wp\/sheinbaum-responde-a-expresidentes-y-niega-trasfondo-politico-en-caso-ernesto-ruffo\/","name":"Sheinbaum responde a expresidentes y niega trasfondo pol\u00edtico en caso Ernesto Ruffo - NOTICIAS","isPartOf":{"@id":"https:\/\/laredsocial-noticias.com\/wp\/#website"},"primaryImageOfPage":{"@id":"https:\/\/laredsocial-noticias.com\/wp\/sheinbaum-responde-a-expresidentes-y-niega-trasfondo-politico-en-caso-ernesto-ruffo\/#primaryimage"},"image":{"@id":"https:\/\/laredsocial-noticias.com\/wp\/sheinbaum-responde-a-expresidentes-y-niega-trasfondo-politico-en-caso-ernesto-ruffo\/#primaryimage"},"thumbnailUrl":"https:\/\/laredsocial-noticias.com\/wp\/wp-content\/uploads\/2026\/07\/f960x540-154352_228427_3137.jpg","datePublished":"2026-07-28T17:50:59+00:00","dateModified":"2026-07-28T17:51:59+00:00","author":{"@id":"https:\/\/laredsocial-noticias.com\/wp\/#\/schema\/person\/0ce78643f2de7aae6f6ef10e8453a6e0"},"breadcrumb":{"@id":"https:\/\/laredsocial-noticias.com\/wp\/sheinbaum-responde-a-expresidentes-y-niega-trasfondo-politico-en-caso-ernesto-ruffo\/#breadcrumb"},"inLanguage":"es","potentialAction":[{"@type":"ReadAction","target":["https:\/\/laredsocial-noticias.com\/wp\/sheinbaum-responde-a-expresidentes-y-niega-trasfondo-politico-en-caso-ernesto-ruffo\/"]}]},{"@type":"ImageObject","inLanguage":"es","@id":"https:\/\/laredsocial-noticias.com\/wp\/sheinbaum-responde-a-expresidentes-y-niega-trasfondo-politico-en-caso-ernesto-ruffo\/#primaryimage","url":"https:\/\/laredsocial-noticias.com\/wp\/wp-content\/uploads\/2026\/07\/f960x540-154352_228427_3137.jpg","contentUrl":"https:\/\/laredsocial-noticias.com\/wp\/wp-content\/uploads\/2026\/07\/f960x540-154352_228427_3137.jpg","width":960,"height":540},{"@type":"BreadcrumbList","@id":"https:\/\/laredsocial-noticias.com\/wp\/sheinbaum-responde-a-expresidentes-y-niega-trasfondo-politico-en-caso-ernesto-ruffo\/#breadcrumb","itemListElement":[{"@type":"ListItem","position":1,"name":"Portada","item":"https:\/\/laredsocial-noticias.com\/wp\/"},{"@type":"ListItem","position":2,"name":"Sheinbaum responde a expresidentes y niega trasfondo pol\u00edtico en caso Ernesto Ruffo"}]},{"@type":"WebSite","@id":"https:\/\/laredsocial-noticias.com\/wp\/#website","url":"https:\/\/laredsocial-noticias.com\/wp\/","name":"NOTICIAS","description":"Lo que se ve y se dice en las redes sociales","potentialAction":[{"@type":"SearchAction","target":{"@type":"EntryPoint","urlTemplate":"https:\/\/laredsocial-noticias.com\/wp\/?s={search_term_string}"},"query-input":{"@type":"PropertyValueSpecification","valueRequired":true,"valueName":"search_term_string"}}],"inLanguage":"es"},{"@type":"Person","@id":"https:\/\/laredsocial-noticias.com\/wp\/#\/schema\/person\/0ce78643f2de7aae6f6ef10e8453a6e0","name":"Editor en Jefe","url":"https:\/\/laredsocial-noticias.com\/wp\/author\/jorgeochoa\/"}]}},"_links":{"self":[{"href":"https:\/\/laredsocial-noticias.com\/wp\/wp-json\/wp\/v2\/posts\/274569","targetHints":{"allow":["GET"]}}],"collection":[{"href":"https:\/\/laredsocial-noticias.com\/wp\/wp-json\/wp\/v2\/posts"}],"about":[{"href":"https:\/\/laredsocial-noticias.com\/wp\/wp-json\/wp\/v2\/types\/post"}],"author":[{"embeddable":true,"href":"https:\/\/laredsocial-noticias.com\/wp\/wp-json\/wp\/v2\/users\/1"}],"replies":[{"embeddable":true,"href":"https:\/\/laredsocial-noticias.com\/wp\/wp-json\/wp\/v2\/comments?post=274569"}],"version-history":[{"count":1,"href":"https:\/\/laredsocial-noticias.com\/wp\/wp-json\/wp\/v2\/posts\/274569\/revisions"}],"predecessor-version":[{"id":274570,"href":"https:\/\/laredsocial-noticias.com\/wp\/wp-json\/wp\/v2\/posts\/274569\/revisions\/274570"}],"wp:featuredmedia":[{"embeddable":true,"href":"https:\/\/laredsocial-noticias.com\/wp\/wp-json\/wp\/v2\/media\/274571"}],"wp:attachment":[{"href":"https:\/\/laredsocial-noticias.com\/wp\/wp-json\/wp\/v2\/media?parent=274569"}],"wp:term":[{"taxonomy":"category","embeddable":true,"href":"https:\/\/laredsocial-noticias.com\/wp\/wp-json\/wp\/v2\/categories?post=274569"},{"taxonomy":"post_tag","embeddable":true,"href":"https:\/\/laredsocial-noticias.com\/wp\/wp-json\/wp\/v2\/tags?post=274569"}],"curies":[{"name":"wp","href":"https:\/\/api.w.org\/{rel}","templated":true}]}}