{"id":274684,"date":"2026-07-30T12:28:03","date_gmt":"2026-07-30T18:28:03","guid":{"rendered":"https:\/\/laredsocial-noticias.com\/wp\/?p=274684"},"modified":"2026-07-30T13:35:01","modified_gmt":"2026-07-30T19:35:01","slug":"muy-buena-noticia-sheinbaum-celebra-crecimiento-de-2-1-anual-del-pib-reportado-por-el-inegi","status":"publish","type":"post","link":"https:\/\/laredsocial-noticias.com\/wp\/muy-buena-noticia-sheinbaum-celebra-crecimiento-de-2-1-anual-del-pib-reportado-por-el-inegi\/","title":{"rendered":"\u201cMuy buena noticia\u201d, crecimiento de 2.1% anual del PIB reportado por el INEGI"},"content":{"rendered":"<p>La Presidenta de M\u00e9xico, Claudia Sheinbaum Pardo, destac\u00f3 como buena noticia el crecimiento del PIB, de 1.5 por ciento trimestral y 2.1 por ciento anual, de acuerdo con la Estimaci\u00f3n Oportuna del Producto Interno Bruto Trimestral (EOPIBT) del Instituto Nacional de Estad\u00edstica y Geograf\u00eda (INEGI).<\/p>\n<p>\u201cEs el \u00faltimo dato del INEGI. Muy buena noticia\u201d, puntualiz\u00f3 en la conferencia matutina: \u201cLas ma\u00f1aneras del pueblo\u201d.<\/p>\n<p>La Jefa del Ejecutivo Federal se\u00f1al\u00f3 que se registr\u00f3 un aumento importante en la producci\u00f3n del sector primario como el agropecuario y la miner\u00eda, as\u00ed como en el sector terciario relacionado con los servicios.<\/p>\n<p>\u201cTiene que ver, tanto con si hay m\u00e1s producci\u00f3n en volumen como si aumentan los precios, en particular el oro, la plata, han ido increment\u00e1ndose, eso tambi\u00e9n contribuye. Pero el sector primario aument\u00f3 de manera muy muy importante, y el terciario tambi\u00e9n, que son los servicios. Estos dos son los que han movido\u201d, agreg\u00f3.<\/p>\n<p>La Jefa del Ejecutivo Federal proyect\u00f3 un mayor impulso para el desarrollo econ\u00f3mico en el segundo semestre de 2026, particularmente por la obra p\u00fablica generada, a trav\u00e9s del programa Vivienda para el Bienestar, ya que la construcci\u00f3n es uno de los grandes motores.<\/p>\n<p>\u201cLa Vivienda para el Bienestar y las obras p\u00fablicas van a tener un impulso mayor en el segundo semestre y eso va a ayudar mucho\u201d, se\u00f1al\u00f3.<\/p>\n","protected":false},"excerpt":{"rendered":"<p>La Presidenta de M\u00e9xico, Claudia Sheinbaum Pardo, destac\u00f3 como buena noticia el crecimiento del PIB, de 1.5 por ciento trimestral&#8230;<\/p>\n","protected":false},"author":1,"featured_media":274686,"comment_status":"open","ping_status":"closed","sticky":false,"template":"","format":"standard","meta":{"footnotes":""},"categories":[78,1726,6026],"tags":[],"class_list":["post-274684","post","type-post","status-publish","format-standard","has-post-thumbnail","hentry","category-nacional","category-nacionales","category-portada"],"yoast_head":"<!-- This site is optimized with the Yoast SEO plugin v26.5 - https:\/\/yoast.com\/wordpress\/plugins\/seo\/ -->\n<title>\u201cMuy buena noticia\u201d, crecimiento de 2.1% anual del PIB reportado por el INEGI - NOTICIAS<\/title>\n<meta name=\"robots\" content=\"index, follow, max-snippet:-1, max-image-preview:large, max-video-preview:-1\" \/>\n<link rel=\"canonical\" href=\"https:\/\/laredsocial-noticias.com\/wp\/muy-buena-noticia-sheinbaum-celebra-crecimiento-de-2-1-anual-del-pib-reportado-por-el-inegi\/\" \/>\n<meta property=\"og:locale\" content=\"es_ES\" \/>\n<meta property=\"og:type\" content=\"article\" \/>\n<meta property=\"og:title\" content=\"\u201cMuy buena noticia\u201d, crecimiento de 2.1% anual del PIB reportado por el INEGI - NOTICIAS\" \/>\n<meta property=\"og:description\" content=\"La Presidenta de M\u00e9xico, Claudia Sheinbaum Pardo, destac\u00f3 como buena noticia el crecimiento del PIB, de 1.5 por ciento trimestral...\" \/>\n<meta property=\"og:url\" content=\"https:\/\/laredsocial-noticias.com\/wp\/muy-buena-noticia-sheinbaum-celebra-crecimiento-de-2-1-anual-del-pib-reportado-por-el-inegi\/\" \/>\n<meta property=\"og:site_name\" content=\"NOTICIAS\" \/>\n<meta property=\"article:published_time\" content=\"2026-07-30T18:28:03+00:00\" \/>\n<meta property=\"article:modified_time\" content=\"2026-07-30T19:35:01+00:00\" \/>\n<meta property=\"og:image\" content=\"https:\/\/laredsocial-noticias.com\/wp\/wp-content\/uploads\/2026\/07\/post_2026-07-30_Conferencia_de_prensa_matutina._Palacio_Nacional_06_JCB.jpg\" \/>\n\t<meta property=\"og:image:width\" content=\"650\" \/>\n\t<meta property=\"og:image:height\" content=\"380\" \/>\n\t<meta property=\"og:image:type\" content=\"image\/jpeg\" \/>\n<meta name=\"author\" content=\"Editor en Jefe\" \/>\n<meta name=\"twitter:card\" content=\"summary_large_image\" \/>\n<meta name=\"twitter:label1\" content=\"Escrito por\" \/>\n\t<meta name=\"twitter:data1\" content=\"Editor en Jefe\" \/>\n\t<meta name=\"twitter:label2\" content=\"Tiempo de lectura\" \/>\n\t<meta name=\"twitter:data2\" content=\"1 minuto\" \/>\n<!-- \/ Yoast SEO plugin. -->","yoast_head_json":{"title":"\u201cMuy buena noticia\u201d, crecimiento de 2.1% anual del PIB reportado por el INEGI - NOTICIAS","robots":{"index":"index","follow":"follow","max-snippet":"max-snippet:-1","max-image-preview":"max-image-preview:large","max-video-preview":"max-video-preview:-1"},"canonical":"https:\/\/laredsocial-noticias.com\/wp\/muy-buena-noticia-sheinbaum-celebra-crecimiento-de-2-1-anual-del-pib-reportado-por-el-inegi\/","og_locale":"es_ES","og_type":"article","og_title":"\u201cMuy buena noticia\u201d, crecimiento de 2.1% anual del PIB reportado por el INEGI - NOTICIAS","og_description":"La Presidenta de M\u00e9xico, Claudia Sheinbaum Pardo, destac\u00f3 como buena noticia el crecimiento del PIB, de 1.5 por ciento trimestral...","og_url":"https:\/\/laredsocial-noticias.com\/wp\/muy-buena-noticia-sheinbaum-celebra-crecimiento-de-2-1-anual-del-pib-reportado-por-el-inegi\/","og_site_name":"NOTICIAS","article_published_time":"2026-07-30T18:28:03+00:00","article_modified_time":"2026-07-30T19:35:01+00:00","og_image":[{"width":650,"height":380,"url":"https:\/\/laredsocial-noticias.com\/wp\/wp-content\/uploads\/2026\/07\/post_2026-07-30_Conferencia_de_prensa_matutina._Palacio_Nacional_06_JCB.jpg","type":"image\/jpeg"}],"author":"Editor en Jefe","twitter_card":"summary_large_image","twitter_misc":{"Escrito por":"Editor en Jefe","Tiempo de lectura":"1 minuto"},"schema":{"@context":"https:\/\/schema.org","@graph":[{"@type":"WebPage","@id":"https:\/\/laredsocial-noticias.com\/wp\/muy-buena-noticia-sheinbaum-celebra-crecimiento-de-2-1-anual-del-pib-reportado-por-el-inegi\/","url":"https:\/\/laredsocial-noticias.com\/wp\/muy-buena-noticia-sheinbaum-celebra-crecimiento-de-2-1-anual-del-pib-reportado-por-el-inegi\/","name":"\u201cMuy buena noticia\u201d, crecimiento de 2.1% anual del PIB reportado por el INEGI - NOTICIAS","isPartOf":{"@id":"https:\/\/laredsocial-noticias.com\/wp\/#website"},"primaryImageOfPage":{"@id":"https:\/\/laredsocial-noticias.com\/wp\/muy-buena-noticia-sheinbaum-celebra-crecimiento-de-2-1-anual-del-pib-reportado-por-el-inegi\/#primaryimage"},"image":{"@id":"https:\/\/laredsocial-noticias.com\/wp\/muy-buena-noticia-sheinbaum-celebra-crecimiento-de-2-1-anual-del-pib-reportado-por-el-inegi\/#primaryimage"},"thumbnailUrl":"https:\/\/laredsocial-noticias.com\/wp\/wp-content\/uploads\/2026\/07\/post_2026-07-30_Conferencia_de_prensa_matutina._Palacio_Nacional_06_JCB.jpg","datePublished":"2026-07-30T18:28:03+00:00","dateModified":"2026-07-30T19:35:01+00:00","author":{"@id":"https:\/\/laredsocial-noticias.com\/wp\/#\/schema\/person\/0ce78643f2de7aae6f6ef10e8453a6e0"},"breadcrumb":{"@id":"https:\/\/laredsocial-noticias.com\/wp\/muy-buena-noticia-sheinbaum-celebra-crecimiento-de-2-1-anual-del-pib-reportado-por-el-inegi\/#breadcrumb"},"inLanguage":"es","potentialAction":[{"@type":"ReadAction","target":["https:\/\/laredsocial-noticias.com\/wp\/muy-buena-noticia-sheinbaum-celebra-crecimiento-de-2-1-anual-del-pib-reportado-por-el-inegi\/"]}]},{"@type":"ImageObject","inLanguage":"es","@id":"https:\/\/laredsocial-noticias.com\/wp\/muy-buena-noticia-sheinbaum-celebra-crecimiento-de-2-1-anual-del-pib-reportado-por-el-inegi\/#primaryimage","url":"https:\/\/laredsocial-noticias.com\/wp\/wp-content\/uploads\/2026\/07\/post_2026-07-30_Conferencia_de_prensa_matutina._Palacio_Nacional_06_JCB.jpg","contentUrl":"https:\/\/laredsocial-noticias.com\/wp\/wp-content\/uploads\/2026\/07\/post_2026-07-30_Conferencia_de_prensa_matutina._Palacio_Nacional_06_JCB.jpg","width":650,"height":380,"caption":"Cuauht\u00e9moc, Ciudad de M\u00e9xico, M\u00e9xico, 30 de julio de 2026. La doctora Claudia Sheinbaum Pardo, presidenta Constitucional de los Estados Unidos Mexicanos en conferencia de prensa matutina \u201cMa\u00f1anera del Pueblo\u201d en el Sal\u00f3n Tesoreria de Palacio Nacional. Foto: Juan Carlos Buenrostro \/ Presidencia"},{"@type":"BreadcrumbList","@id":"https:\/\/laredsocial-noticias.com\/wp\/muy-buena-noticia-sheinbaum-celebra-crecimiento-de-2-1-anual-del-pib-reportado-por-el-inegi\/#breadcrumb","itemListElement":[{"@type":"ListItem","position":1,"name":"Portada","item":"https:\/\/laredsocial-noticias.com\/wp\/"},{"@type":"ListItem","position":2,"name":"\u201cMuy buena noticia\u201d, crecimiento de 2.1% anual del PIB reportado por el INEGI"}]},{"@type":"WebSite","@id":"https:\/\/laredsocial-noticias.com\/wp\/#website","url":"https:\/\/laredsocial-noticias.com\/wp\/","name":"NOTICIAS","description":"Lo que se ve y se dice en las redes sociales","potentialAction":[{"@type":"SearchAction","target":{"@type":"EntryPoint","urlTemplate":"https:\/\/laredsocial-noticias.com\/wp\/?s={search_term_string}"},"query-input":{"@type":"PropertyValueSpecification","valueRequired":true,"valueName":"search_term_string"}}],"inLanguage":"es"},{"@type":"Person","@id":"https:\/\/laredsocial-noticias.com\/wp\/#\/schema\/person\/0ce78643f2de7aae6f6ef10e8453a6e0","name":"Editor en Jefe","url":"https:\/\/laredsocial-noticias.com\/wp\/author\/jorgeochoa\/"}]}},"_links":{"self":[{"href":"https:\/\/laredsocial-noticias.com\/wp\/wp-json\/wp\/v2\/posts\/274684","targetHints":{"allow":["GET"]}}],"collection":[{"href":"https:\/\/laredsocial-noticias.com\/wp\/wp-json\/wp\/v2\/posts"}],"about":[{"href":"https:\/\/laredsocial-noticias.com\/wp\/wp-json\/wp\/v2\/types\/post"}],"author":[{"embeddable":true,"href":"https:\/\/laredsocial-noticias.com\/wp\/wp-json\/wp\/v2\/users\/1"}],"replies":[{"embeddable":true,"href":"https:\/\/laredsocial-noticias.com\/wp\/wp-json\/wp\/v2\/comments?post=274684"}],"version-history":[{"count":2,"href":"https:\/\/laredsocial-noticias.com\/wp\/wp-json\/wp\/v2\/posts\/274684\/revisions"}],"predecessor-version":[{"id":274696,"href":"https:\/\/laredsocial-noticias.com\/wp\/wp-json\/wp\/v2\/posts\/274684\/revisions\/274696"}],"wp:featuredmedia":[{"embeddable":true,"href":"https:\/\/laredsocial-noticias.com\/wp\/wp-json\/wp\/v2\/media\/274686"}],"wp:attachment":[{"href":"https:\/\/laredsocial-noticias.com\/wp\/wp-json\/wp\/v2\/media?parent=274684"}],"wp:term":[{"taxonomy":"category","embeddable":true,"href":"https:\/\/laredsocial-noticias.com\/wp\/wp-json\/wp\/v2\/categories?post=274684"},{"taxonomy":"post_tag","embeddable":true,"href":"https:\/\/laredsocial-noticias.com\/wp\/wp-json\/wp\/v2\/tags?post=274684"}],"curies":[{"name":"wp","href":"https:\/\/api.w.org\/{rel}","templated":true}]}}