{"id":275050,"date":"2026-08-05T11:01:26","date_gmt":"2026-08-05T17:01:26","guid":{"rendered":"https:\/\/laredsocial-noticias.com\/wp\/?p=275050"},"modified":"2026-08-05T11:02:15","modified_gmt":"2026-08-05T17:02:15","slug":"eu-va-contra-el-cjng-presentan-cargos-formales-contra-cinco-presuntos-integrantes","status":"publish","type":"post","link":"https:\/\/laredsocial-noticias.com\/wp\/eu-va-contra-el-cjng-presentan-cargos-formales-contra-cinco-presuntos-integrantes\/","title":{"rendered":"EU va contra el CJNG: presentan cargos formales contra cinco presuntos integrantes"},"content":{"rendered":"<p>El Departamento de Justicia de Estados Unidos anunci\u00f3 este mi\u00e9rcoles que cinco integrantes de alto nivel del C\u00e1rtel Jalisco Nueva Generaci\u00f3n (CJNG) fueron acusados formalmente por varios delitos ligados al tr\u00e1fico de drogas y al menos dos de ellos fueron se\u00f1alados en Nueva York por fraude. <\/p>\n<p>Entre los sujetos se encuentran Julio Alberto Castillo Rodr\u00edguez, alias &#8220;Choro&#8221;; Hugo Gonzalo Mendoza, &#8220;El Sapo&#8221;; Ricardo Ruiz Velasco, &#8220;La Tripa&#8221;; Julio C\u00e9sar Montero Pinz\u00f3n, &#8220;El Tarjetas&#8221; y Carlos Andr\u00e9s Rivera Varela, &#8220;La Firma&#8221;. <\/p>\n<p>Los cinco son acusados de participar en redes de tr\u00e1fico de drogas, organizar los brazos armados del grupo criminal para perpetrar asesinatos o atentados, adquirir armas, lavar dinero y fabricar y distribuir drogas letales.  <\/p>\n<p>Por su parte, &#8220;El Tarjetas&#8221; y &#8220;La Firma&#8221; tambi\u00e9n son se\u00f1alados por la Corte del Distrito Este de Nueva York en relaci\u00f3n con el esquema de fraude de tiempo compartido en las costas de M\u00e9xico. <\/p>\n<p>Seg\u00fan explicaron, los sujetos manejaban una empresa de tiempo compartido en la que promet\u00edan a los estadounidenses, muchos de ellos adultos mayores, tener ganancias si los vend\u00edan o rentaban, pero antes les ped\u00edan pagar impuestos o pagos por adelantado. <\/p>\n<p>Sin embargo, las ganancias nunca llegaban y el fraude crec\u00eda con amenazas de un posible arresto si no segu\u00edan con los pagos; posteriormente, fing\u00edan ser integrantes de una agencia gubernamental y le ped\u00edan m\u00e1s dinero para solucionar su situaci\u00f3n. <\/p>\n<p>Tambi\u00e9n el Departamento de Estado anunci\u00f3 la restricci\u00f3n a las visas de 65 familiares o asociados ligados al C\u00e1rtel Jalisco Nueva Generaci\u00f3n; 26 de estos sujetos ten\u00edan documentos para viajar a Estados Unidos, los cuales ya fueron revocados. <\/p>\n<p>En ese sentido, el Departamento de Justicia anunci\u00f3 una recompensa de m\u00e1s de 100 millones de d\u00f3lares por informaci\u00f3n que lleve al arresto o sentencia de ocho integrantes del CJNG, entre ellos Juan Carlos Valencia Gonz\u00e1lez, &#8220;El Pel\u00f3n&#8221;, hijastro de Nemesio Oseguera, alias &#8220;El Mencho&#8221;. <\/p>\n<p>Por el nuevo l\u00edder del grupo criminal, Estados Unidos ofrece 25 millones de d\u00f3lares por informaci\u00f3n. Por el resto de los sujetos se dan entre 2 y 15 mdd por cualquier dato para su detenci\u00f3n.  <\/p>\n","protected":false},"excerpt":{"rendered":"<p>El Departamento de Justicia de Estados Unidos anunci\u00f3 este mi\u00e9rcoles que cinco integrantes de alto nivel del C\u00e1rtel Jalisco Nueva&#8230;<\/p>\n","protected":false},"author":1,"featured_media":275052,"comment_status":"open","ping_status":"closed","sticky":false,"template":"","format":"standard","meta":{"footnotes":""},"categories":[101,102],"tags":[],"class_list":["post-275050","post","type-post","status-publish","format-standard","has-post-thumbnail","hentry","category-internacional","category-internacionales"],"yoast_head":"<!-- This site is optimized with the Yoast SEO plugin v26.5 - https:\/\/yoast.com\/wordpress\/plugins\/seo\/ -->\n<title>EU va contra el CJNG: presentan cargos formales contra cinco presuntos integrantes - NOTICIAS<\/title>\n<meta name=\"robots\" content=\"index, follow, max-snippet:-1, max-image-preview:large, max-video-preview:-1\" \/>\n<link rel=\"canonical\" href=\"https:\/\/laredsocial-noticias.com\/wp\/eu-va-contra-el-cjng-presentan-cargos-formales-contra-cinco-presuntos-integrantes\/\" \/>\n<meta property=\"og:locale\" content=\"es_ES\" \/>\n<meta property=\"og:type\" content=\"article\" \/>\n<meta property=\"og:title\" content=\"EU va contra el CJNG: presentan cargos formales contra cinco presuntos integrantes - NOTICIAS\" \/>\n<meta property=\"og:description\" content=\"El Departamento de Justicia de Estados Unidos anunci\u00f3 este mi\u00e9rcoles que cinco integrantes de alto nivel del C\u00e1rtel Jalisco Nueva...\" \/>\n<meta property=\"og:url\" content=\"https:\/\/laredsocial-noticias.com\/wp\/eu-va-contra-el-cjng-presentan-cargos-formales-contra-cinco-presuntos-integrantes\/\" \/>\n<meta property=\"og:site_name\" content=\"NOTICIAS\" \/>\n<meta property=\"article:published_time\" content=\"2026-08-05T17:01:26+00:00\" \/>\n<meta property=\"article:modified_time\" content=\"2026-08-05T17:02:15+00:00\" \/>\n<meta name=\"author\" content=\"Editor en Jefe\" \/>\n<meta name=\"twitter:card\" content=\"summary_large_image\" \/>\n<meta name=\"twitter:label1\" content=\"Escrito por\" \/>\n\t<meta name=\"twitter:data1\" content=\"Editor en Jefe\" \/>\n\t<meta name=\"twitter:label2\" content=\"Tiempo de lectura\" \/>\n\t<meta name=\"twitter:data2\" content=\"2 minutos\" \/>\n<!-- \/ Yoast SEO plugin. -->","yoast_head_json":{"title":"EU va contra el CJNG: presentan cargos formales contra cinco presuntos integrantes - NOTICIAS","robots":{"index":"index","follow":"follow","max-snippet":"max-snippet:-1","max-image-preview":"max-image-preview:large","max-video-preview":"max-video-preview:-1"},"canonical":"https:\/\/laredsocial-noticias.com\/wp\/eu-va-contra-el-cjng-presentan-cargos-formales-contra-cinco-presuntos-integrantes\/","og_locale":"es_ES","og_type":"article","og_title":"EU va contra el CJNG: presentan cargos formales contra cinco presuntos integrantes - NOTICIAS","og_description":"El Departamento de Justicia de Estados Unidos anunci\u00f3 este mi\u00e9rcoles que cinco integrantes de alto nivel del C\u00e1rtel Jalisco Nueva...","og_url":"https:\/\/laredsocial-noticias.com\/wp\/eu-va-contra-el-cjng-presentan-cargos-formales-contra-cinco-presuntos-integrantes\/","og_site_name":"NOTICIAS","article_published_time":"2026-08-05T17:01:26+00:00","article_modified_time":"2026-08-05T17:02:15+00:00","author":"Editor en Jefe","twitter_card":"summary_large_image","twitter_misc":{"Escrito por":"Editor en Jefe","Tiempo de lectura":"2 minutos"},"schema":{"@context":"https:\/\/schema.org","@graph":[{"@type":"WebPage","@id":"https:\/\/laredsocial-noticias.com\/wp\/eu-va-contra-el-cjng-presentan-cargos-formales-contra-cinco-presuntos-integrantes\/","url":"https:\/\/laredsocial-noticias.com\/wp\/eu-va-contra-el-cjng-presentan-cargos-formales-contra-cinco-presuntos-integrantes\/","name":"EU va contra el CJNG: presentan cargos formales contra cinco presuntos integrantes - NOTICIAS","isPartOf":{"@id":"https:\/\/laredsocial-noticias.com\/wp\/#website"},"primaryImageOfPage":{"@id":"https:\/\/laredsocial-noticias.com\/wp\/eu-va-contra-el-cjng-presentan-cargos-formales-contra-cinco-presuntos-integrantes\/#primaryimage"},"image":{"@id":"https:\/\/laredsocial-noticias.com\/wp\/eu-va-contra-el-cjng-presentan-cargos-formales-contra-cinco-presuntos-integrantes\/#primaryimage"},"thumbnailUrl":"https:\/\/laredsocial-noticias.com\/wp\/wp-content\/uploads\/2026\/08\/f960x540-155067_229142_5050.jpg","datePublished":"2026-08-05T17:01:26+00:00","dateModified":"2026-08-05T17:02:15+00:00","author":{"@id":"https:\/\/laredsocial-noticias.com\/wp\/#\/schema\/person\/0ce78643f2de7aae6f6ef10e8453a6e0"},"breadcrumb":{"@id":"https:\/\/laredsocial-noticias.com\/wp\/eu-va-contra-el-cjng-presentan-cargos-formales-contra-cinco-presuntos-integrantes\/#breadcrumb"},"inLanguage":"es","potentialAction":[{"@type":"ReadAction","target":["https:\/\/laredsocial-noticias.com\/wp\/eu-va-contra-el-cjng-presentan-cargos-formales-contra-cinco-presuntos-integrantes\/"]}]},{"@type":"ImageObject","inLanguage":"es","@id":"https:\/\/laredsocial-noticias.com\/wp\/eu-va-contra-el-cjng-presentan-cargos-formales-contra-cinco-presuntos-integrantes\/#primaryimage","url":"https:\/\/laredsocial-noticias.com\/wp\/wp-content\/uploads\/2026\/08\/f960x540-155067_229142_5050.jpg","contentUrl":"https:\/\/laredsocial-noticias.com\/wp\/wp-content\/uploads\/2026\/08\/f960x540-155067_229142_5050.jpg","width":960,"height":540},{"@type":"BreadcrumbList","@id":"https:\/\/laredsocial-noticias.com\/wp\/eu-va-contra-el-cjng-presentan-cargos-formales-contra-cinco-presuntos-integrantes\/#breadcrumb","itemListElement":[{"@type":"ListItem","position":1,"name":"Portada","item":"https:\/\/laredsocial-noticias.com\/wp\/"},{"@type":"ListItem","position":2,"name":"EU va contra el CJNG: presentan cargos formales contra cinco presuntos integrantes"}]},{"@type":"WebSite","@id":"https:\/\/laredsocial-noticias.com\/wp\/#website","url":"https:\/\/laredsocial-noticias.com\/wp\/","name":"NOTICIAS","description":"Lo que se ve y se dice en las redes sociales","potentialAction":[{"@type":"SearchAction","target":{"@type":"EntryPoint","urlTemplate":"https:\/\/laredsocial-noticias.com\/wp\/?s={search_term_string}"},"query-input":{"@type":"PropertyValueSpecification","valueRequired":true,"valueName":"search_term_string"}}],"inLanguage":"es"},{"@type":"Person","@id":"https:\/\/laredsocial-noticias.com\/wp\/#\/schema\/person\/0ce78643f2de7aae6f6ef10e8453a6e0","name":"Editor en Jefe","url":"https:\/\/laredsocial-noticias.com\/wp\/author\/jorgeochoa\/"}]}},"_links":{"self":[{"href":"https:\/\/laredsocial-noticias.com\/wp\/wp-json\/wp\/v2\/posts\/275050","targetHints":{"allow":["GET"]}}],"collection":[{"href":"https:\/\/laredsocial-noticias.com\/wp\/wp-json\/wp\/v2\/posts"}],"about":[{"href":"https:\/\/laredsocial-noticias.com\/wp\/wp-json\/wp\/v2\/types\/post"}],"author":[{"embeddable":true,"href":"https:\/\/laredsocial-noticias.com\/wp\/wp-json\/wp\/v2\/users\/1"}],"replies":[{"embeddable":true,"href":"https:\/\/laredsocial-noticias.com\/wp\/wp-json\/wp\/v2\/comments?post=275050"}],"version-history":[{"count":1,"href":"https:\/\/laredsocial-noticias.com\/wp\/wp-json\/wp\/v2\/posts\/275050\/revisions"}],"predecessor-version":[{"id":275051,"href":"https:\/\/laredsocial-noticias.com\/wp\/wp-json\/wp\/v2\/posts\/275050\/revisions\/275051"}],"wp:featuredmedia":[{"embeddable":true,"href":"https:\/\/laredsocial-noticias.com\/wp\/wp-json\/wp\/v2\/media\/275052"}],"wp:attachment":[{"href":"https:\/\/laredsocial-noticias.com\/wp\/wp-json\/wp\/v2\/media?parent=275050"}],"wp:term":[{"taxonomy":"category","embeddable":true,"href":"https:\/\/laredsocial-noticias.com\/wp\/wp-json\/wp\/v2\/categories?post=275050"},{"taxonomy":"post_tag","embeddable":true,"href":"https:\/\/laredsocial-noticias.com\/wp\/wp-json\/wp\/v2\/tags?post=275050"}],"curies":[{"name":"wp","href":"https:\/\/api.w.org\/{rel}","templated":true}]}}