{"id":275218,"date":"2026-08-07T15:22:54","date_gmt":"2026-08-07T21:22:54","guid":{"rendered":"https:\/\/laredsocial-noticias.com\/wp\/?p=275218"},"modified":"2026-08-07T15:23:38","modified_gmt":"2026-08-07T21:23:38","slug":"cofepris-niega-relacion-entre-lechuga-mexicana-y-casos-de-diarrea-explosiva-en-eu","status":"publish","type":"post","link":"https:\/\/laredsocial-noticias.com\/wp\/cofepris-niega-relacion-entre-lechuga-mexicana-y-casos-de-diarrea-explosiva-en-eu\/","title":{"rendered":"Cofepris niega relaci\u00f3n entre lechuga mexicana y casos de &#8216;diarrea explosiva&#8217; en EU"},"content":{"rendered":"<p>El titular de la\u00a0Comisi\u00f3n Federal para la Protecci\u00f3n contra Riesgos Sanitarios (Cofepris), V\u00edctor Hugo Borja, sostuvo que no existe evidencia comprobada que vincule a la lechuga producida en Guanajuato con el brote de ciclosporiasis reportado en Estados Unidos.<\/p>\n<p>Aunque las autoridades estadounidenses\u00a0mantienen una asociaci\u00f3n epidemiol\u00f3gica\u00a0con ese producto, Borja se\u00f1al\u00f3 que la postura de Washington se basa en\u00a0hip\u00f3tesis derivadas de entrevistas realizadas por los Centros para el Control y la Prevenci\u00f3n de Enfermedades (CDC, por sus siglas en ingl\u00e9s)\u00a0a personas contagiadas, muchas de las cuales reportaron haber consumido lechuga procesada en restaurantes de comida r\u00e1pida.<\/p>\n<p>A partir de esos testimonios,\u00a0la Administraci\u00f3n de Alimentos y Medicamentos de Estados Unidos (FDA, por sus siglas en ingl\u00e9s) rastre\u00f3 la cadena de distribuci\u00f3n hasta una planta de Taylor Farms en Guanajuato.<\/p>\n<div data-mrf-experience=\"IL_sB08szQcTjm-5cDW5dIFWA\"><\/div>\n<h2>Pruebas de laboratorio resultaron negativas<\/h2>\n<p>Durante la conferencia matutina presidencial,\u00a0Borja inform\u00f3 que, tras la alerta de la FDA, se inspeccion\u00f3 la planta ubicada en Guanajuato y se analizaron muestras de agua, lechugas enteras y producto procesado, las cuales resultaron negativas.\u00a0Pese a estos resultados, el funcionario reconoci\u00f3 que\u00a0la investigaci\u00f3n permanece abierta\u00a0y que la empresa\u00a0detuvo sus operaciones de forma preventiva.<\/p>\n<h2>Impacto del brote en Estados Unidos<\/h2>\n<p>El brote de ciclosporiasis en Estados Unidos ha dejado miles de personas contagiadas y dos fallecimientos.\u00a0De acuerdo con las autoridades sanitarias estadounidenses, las v\u00edctimas presentaban enfermedades preexistentes y la infecci\u00f3n parasitaria fue un factor contribuyente.<\/p>\n<p>Adem\u00e1s de este caso,\u00a0Cofepris mantiene otras investigaciones relacionadas con enfermedades transmitidas por alimentos.\u00a0Entre ellas se encuentra la revisi\u00f3n de\u00a016 hoteles en Quintana Roo, tras una notificaci\u00f3n del Reino Unido por casos de ciclosporiasis en viajeros. Actualmente permanecen en an\u00e1lisis\u00a032 muestras de alimentos y 11 de agua.<\/p>\n<h2>V\u00ednculo entre chiles serranos mexicanos y un brote de salmonela en EU<\/h2>\n<p>Asimismo,\u00a0las autoridades investigan un posible v\u00ednculo entre chiles serranos mexicanos y un brote de salmonela en Estados Unidos.\u00a0Las inspecciones incluyeron una empacadora en Nuevo Le\u00f3n y productores de Escuinapa, Sinaloa, donde las muestras contin\u00faan en an\u00e1lisis.<\/p>\n<p>Finalmente,\u00a0Borja inform\u00f3 que desde 2020 M\u00e9xico ha recibido alrededor de 17 notificaciones internacionales por brotes asociados a alimentos y que, en algunos casos, Cofepris, Senasica y la FDA han realizado inspecciones conjuntas.<\/p>\n","protected":false},"excerpt":{"rendered":"<p>El titular de la\u00a0Comisi\u00f3n Federal para la Protecci\u00f3n contra Riesgos Sanitarios (Cofepris), V\u00edctor Hugo Borja, sostuvo que no existe evidencia&#8230;<\/p>\n","protected":false},"author":1,"featured_media":275220,"comment_status":"open","ping_status":"closed","sticky":false,"template":"","format":"standard","meta":{"footnotes":""},"categories":[78,6026],"tags":[4959,77],"class_list":["post-275218","post","type-post","status-publish","format-standard","has-post-thumbnail","hentry","category-nacional","category-portada","tag-featured","tag-principal"],"yoast_head":"<!-- This site is optimized with the Yoast SEO plugin v26.5 - https:\/\/yoast.com\/wordpress\/plugins\/seo\/ -->\n<title>Cofepris niega relaci\u00f3n entre lechuga mexicana y casos de &#039;diarrea explosiva&#039; en EU - NOTICIAS<\/title>\n<meta name=\"robots\" content=\"index, follow, max-snippet:-1, max-image-preview:large, max-video-preview:-1\" \/>\n<link rel=\"canonical\" href=\"https:\/\/laredsocial-noticias.com\/wp\/cofepris-niega-relacion-entre-lechuga-mexicana-y-casos-de-diarrea-explosiva-en-eu\/\" \/>\n<meta property=\"og:locale\" content=\"es_ES\" \/>\n<meta property=\"og:type\" content=\"article\" \/>\n<meta property=\"og:title\" content=\"Cofepris niega relaci\u00f3n entre lechuga mexicana y casos de &#039;diarrea explosiva&#039; en EU - NOTICIAS\" \/>\n<meta property=\"og:description\" content=\"El titular de la\u00a0Comisi\u00f3n Federal para la Protecci\u00f3n contra Riesgos Sanitarios (Cofepris), V\u00edctor Hugo Borja, sostuvo que no existe evidencia...\" \/>\n<meta property=\"og:url\" content=\"https:\/\/laredsocial-noticias.com\/wp\/cofepris-niega-relacion-entre-lechuga-mexicana-y-casos-de-diarrea-explosiva-en-eu\/\" \/>\n<meta property=\"og:site_name\" content=\"NOTICIAS\" \/>\n<meta property=\"article:published_time\" content=\"2026-08-07T21:22:54+00:00\" \/>\n<meta property=\"article:modified_time\" content=\"2026-08-07T21:23:38+00:00\" \/>\n<meta name=\"author\" content=\"Editor en Jefe\" \/>\n<meta name=\"twitter:card\" content=\"summary_large_image\" \/>\n<meta name=\"twitter:label1\" content=\"Escrito por\" \/>\n\t<meta name=\"twitter:data1\" content=\"Editor en Jefe\" \/>\n\t<meta name=\"twitter:label2\" content=\"Tiempo de lectura\" \/>\n\t<meta name=\"twitter:data2\" content=\"2 minutos\" \/>\n<!-- \/ Yoast SEO plugin. -->","yoast_head_json":{"title":"Cofepris niega relaci\u00f3n entre lechuga mexicana y casos de 'diarrea explosiva' en EU - NOTICIAS","robots":{"index":"index","follow":"follow","max-snippet":"max-snippet:-1","max-image-preview":"max-image-preview:large","max-video-preview":"max-video-preview:-1"},"canonical":"https:\/\/laredsocial-noticias.com\/wp\/cofepris-niega-relacion-entre-lechuga-mexicana-y-casos-de-diarrea-explosiva-en-eu\/","og_locale":"es_ES","og_type":"article","og_title":"Cofepris niega relaci\u00f3n entre lechuga mexicana y casos de 'diarrea explosiva' en EU - NOTICIAS","og_description":"El titular de la\u00a0Comisi\u00f3n Federal para la Protecci\u00f3n contra Riesgos Sanitarios (Cofepris), V\u00edctor Hugo Borja, sostuvo que no existe evidencia...","og_url":"https:\/\/laredsocial-noticias.com\/wp\/cofepris-niega-relacion-entre-lechuga-mexicana-y-casos-de-diarrea-explosiva-en-eu\/","og_site_name":"NOTICIAS","article_published_time":"2026-08-07T21:22:54+00:00","article_modified_time":"2026-08-07T21:23:38+00:00","author":"Editor en Jefe","twitter_card":"summary_large_image","twitter_misc":{"Escrito por":"Editor en Jefe","Tiempo de lectura":"2 minutos"},"schema":{"@context":"https:\/\/schema.org","@graph":[{"@type":"WebPage","@id":"https:\/\/laredsocial-noticias.com\/wp\/cofepris-niega-relacion-entre-lechuga-mexicana-y-casos-de-diarrea-explosiva-en-eu\/","url":"https:\/\/laredsocial-noticias.com\/wp\/cofepris-niega-relacion-entre-lechuga-mexicana-y-casos-de-diarrea-explosiva-en-eu\/","name":"Cofepris niega relaci\u00f3n entre lechuga mexicana y casos de 'diarrea explosiva' en EU - NOTICIAS","isPartOf":{"@id":"https:\/\/laredsocial-noticias.com\/wp\/#website"},"primaryImageOfPage":{"@id":"https:\/\/laredsocial-noticias.com\/wp\/cofepris-niega-relacion-entre-lechuga-mexicana-y-casos-de-diarrea-explosiva-en-eu\/#primaryimage"},"image":{"@id":"https:\/\/laredsocial-noticias.com\/wp\/cofepris-niega-relacion-entre-lechuga-mexicana-y-casos-de-diarrea-explosiva-en-eu\/#primaryimage"},"thumbnailUrl":"https:\/\/laredsocial-noticias.com\/wp\/wp-content\/uploads\/2026\/08\/cofepris-niega-vinculo-de-lechuga-mexicana-con-brote-de-diarrea-explosiva-en-eu-efe_13_1000x428.jpeg","datePublished":"2026-08-07T21:22:54+00:00","dateModified":"2026-08-07T21:23:38+00:00","author":{"@id":"https:\/\/laredsocial-noticias.com\/wp\/#\/schema\/person\/0ce78643f2de7aae6f6ef10e8453a6e0"},"breadcrumb":{"@id":"https:\/\/laredsocial-noticias.com\/wp\/cofepris-niega-relacion-entre-lechuga-mexicana-y-casos-de-diarrea-explosiva-en-eu\/#breadcrumb"},"inLanguage":"es","potentialAction":[{"@type":"ReadAction","target":["https:\/\/laredsocial-noticias.com\/wp\/cofepris-niega-relacion-entre-lechuga-mexicana-y-casos-de-diarrea-explosiva-en-eu\/"]}]},{"@type":"ImageObject","inLanguage":"es","@id":"https:\/\/laredsocial-noticias.com\/wp\/cofepris-niega-relacion-entre-lechuga-mexicana-y-casos-de-diarrea-explosiva-en-eu\/#primaryimage","url":"https:\/\/laredsocial-noticias.com\/wp\/wp-content\/uploads\/2026\/08\/cofepris-niega-vinculo-de-lechuga-mexicana-con-brote-de-diarrea-explosiva-en-eu-efe_13_1000x428.jpeg","contentUrl":"https:\/\/laredsocial-noticias.com\/wp\/wp-content\/uploads\/2026\/08\/cofepris-niega-vinculo-de-lechuga-mexicana-con-brote-de-diarrea-explosiva-en-eu-efe_13_1000x428.jpeg","width":1000,"height":428},{"@type":"BreadcrumbList","@id":"https:\/\/laredsocial-noticias.com\/wp\/cofepris-niega-relacion-entre-lechuga-mexicana-y-casos-de-diarrea-explosiva-en-eu\/#breadcrumb","itemListElement":[{"@type":"ListItem","position":1,"name":"Portada","item":"https:\/\/laredsocial-noticias.com\/wp\/"},{"@type":"ListItem","position":2,"name":"Cofepris niega relaci\u00f3n entre lechuga mexicana y casos de &#8216;diarrea explosiva&#8217; en EU"}]},{"@type":"WebSite","@id":"https:\/\/laredsocial-noticias.com\/wp\/#website","url":"https:\/\/laredsocial-noticias.com\/wp\/","name":"NOTICIAS","description":"Lo que se ve y se dice en las redes sociales","potentialAction":[{"@type":"SearchAction","target":{"@type":"EntryPoint","urlTemplate":"https:\/\/laredsocial-noticias.com\/wp\/?s={search_term_string}"},"query-input":{"@type":"PropertyValueSpecification","valueRequired":true,"valueName":"search_term_string"}}],"inLanguage":"es"},{"@type":"Person","@id":"https:\/\/laredsocial-noticias.com\/wp\/#\/schema\/person\/0ce78643f2de7aae6f6ef10e8453a6e0","name":"Editor en Jefe","url":"https:\/\/laredsocial-noticias.com\/wp\/author\/jorgeochoa\/"}]}},"_links":{"self":[{"href":"https:\/\/laredsocial-noticias.com\/wp\/wp-json\/wp\/v2\/posts\/275218","targetHints":{"allow":["GET"]}}],"collection":[{"href":"https:\/\/laredsocial-noticias.com\/wp\/wp-json\/wp\/v2\/posts"}],"about":[{"href":"https:\/\/laredsocial-noticias.com\/wp\/wp-json\/wp\/v2\/types\/post"}],"author":[{"embeddable":true,"href":"https:\/\/laredsocial-noticias.com\/wp\/wp-json\/wp\/v2\/users\/1"}],"replies":[{"embeddable":true,"href":"https:\/\/laredsocial-noticias.com\/wp\/wp-json\/wp\/v2\/comments?post=275218"}],"version-history":[{"count":1,"href":"https:\/\/laredsocial-noticias.com\/wp\/wp-json\/wp\/v2\/posts\/275218\/revisions"}],"predecessor-version":[{"id":275219,"href":"https:\/\/laredsocial-noticias.com\/wp\/wp-json\/wp\/v2\/posts\/275218\/revisions\/275219"}],"wp:featuredmedia":[{"embeddable":true,"href":"https:\/\/laredsocial-noticias.com\/wp\/wp-json\/wp\/v2\/media\/275220"}],"wp:attachment":[{"href":"https:\/\/laredsocial-noticias.com\/wp\/wp-json\/wp\/v2\/media?parent=275218"}],"wp:term":[{"taxonomy":"category","embeddable":true,"href":"https:\/\/laredsocial-noticias.com\/wp\/wp-json\/wp\/v2\/categories?post=275218"},{"taxonomy":"post_tag","embeddable":true,"href":"https:\/\/laredsocial-noticias.com\/wp\/wp-json\/wp\/v2\/tags?post=275218"}],"curies":[{"name":"wp","href":"https:\/\/api.w.org\/{rel}","templated":true}]}}