{"id":276902,"date":"2026-08-31T01:06:08","date_gmt":"2026-08-31T07:06:08","guid":{"rendered":"https:\/\/laredsocial-noticias.com\/wp\/?p=276902"},"modified":"2026-08-31T01:06:53","modified_gmt":"2026-08-31T07:06:53","slug":"abanico-espasmo-hipnico-de-las-pymes","status":"publish","type":"post","link":"https:\/\/laredsocial-noticias.com\/wp\/abanico-espasmo-hipnico-de-las-pymes\/","title":{"rendered":"ABANICO\/ Espasmo h\u00edpnico de las pymes"},"content":{"rendered":"<p>Por Ivette Estrada<br \/>\nLa ca\u00edda inminente de una pyme la establece un nulo o deficiente entramado jur\u00eddico. Simplemente, la sobrerregulaci\u00f3n, tr\u00e1mites y conflictos jur\u00eddicos pueden costar a las empresas mexicanas entre 544 mil y 907 mil millones de pesos al a\u00f1o. Mientras la p\u00e9rdida de confianza en el marco jur\u00eddico afecta directamente la operaci\u00f3n y la continuidad del empleo.<br \/>\nUn problema jur\u00eddico puede comprometer el futuro de la pyme. Esto se recrudece en entornos vol\u00e1tiles, inciertos, complejos y ambiguos seg\u00fan Walter Omar Hern\u00e1ndez Ort\u00edz, doctor en derecho y director general de CSI, consultor\u00eda jur\u00eddica. \u201cPor eso, el derecho dej\u00f3 de ser un recurso para cuando aparecen problemas y se convirti\u00f3 en una herramienta estrat\u00e9gica para anticiparlos\u201d.<br \/>\nLa volatilidad regulatoria obliga a las pymes a tomar decisiones con rapidez, pero tambi\u00e9n con cautela. \u201cUn ajuste fiscal, laboral o administrativo puede alterar la operaci\u00f3n de inmediato. En este contexto, el \u00e1rea jur\u00eddica debe funcionar como un sistema de prevenci\u00f3n: contratos flexibles, cl\u00e1usulas de actualizaci\u00f3n, poderes bien definidos y pol\u00edticas internas claras\u201d, recomienda el jurista.<br \/>\nAhora, la documentaci\u00f3n jur\u00eddica es un activo  que debe actualizarse con la misma frecuencia que cambia el entorno.<br \/>\nEn escenarios donde \u201crara vez se dispone de claridad perfecta\u201d, una decisi\u00f3n defendible no es la que elimina todo riesgo sino la que demuestra que la empresa actu\u00f3 con informaci\u00f3n suficiente, buena fe y proporcionalidad.<br \/>\n\u201cEl respaldo jur\u00eddico convierte la incertidumbre en riesgo administrable. Permite identificar escenarios, elegir la interpretaci\u00f3n con mayor sustento y corregir el rumbo si la autoridad cambia de criterio. La clave es documentar: contratos, autorizaciones, opiniones jur\u00eddicas, acuerdos corporativos y cualquier evidencia que explique por qu\u00e9 se tom\u00f3 una decisi\u00f3n\u201d, refiere Hern\u00e1ndez Ortiz.<br \/>\nLa complejidad aparece cuando una decisi\u00f3n aparentemente simple involucra varias \u00e1reas jur\u00eddicas al mismo tiempo. Contratar un proveedor tecnol\u00f3gico, por ejemplo, puede implicar propiedad intelectual, protecci\u00f3n de datos, confidencialidad, ciberseguridad y legislaci\u00f3n internacional.<br \/>\n\u201cPara navegar esta complejidad, la empresa necesita una estructura jur\u00eddica proporcional a su tama\u00f1o: responsabilidades claras, contratos estandarizados, pol\u00edticas internas y mecanismos de cumplimiento. No se trata de burocratizar, sino de crear reglas que permitan operar con velocidad sin perder control\u201d, menciona el director de CSI.<br \/>\nAsimismo, Hern\u00e1ndez Ort\u00edz menciona que cuando las normas son ambiguas o admiten m\u00faltiples interpretaciones, el criterio jur\u00eddico se vuelve esencial. El abogado debe identificar qu\u00e9 parte de la norma es clara, cu\u00e1l es interpretable y qu\u00e9 alternativas existen. No se trata de adivinar qu\u00e9 decidir\u00e1 una autoridad, sino de construir una posici\u00f3n razonada y defendible.<br \/>\nEl jurista admite que las pymes suelen operar m\u00e1s r\u00e1pido de lo que su estructura legal puede sostener. Las brechas m\u00e1s comunes incluyen contratos insuficientes o gen\u00e9ricos, poderes desactualizados, deficiencias laborales, protecci\u00f3n de datos incompleta, ausencia de pol\u00edticas internas, problemas de propiedad intelectual y permisos y obligaciones regulatorias sin seguimiento.<br \/>\nEl jurista dice: \u201cCuando la empresa crece sin actualizar su soporte jur\u00eddico, los peque\u00f1os incumplimientos se convierten en contingencias importantes. Adem\u00e1s, una estructura d\u00e9bil puede impedir inversiones, alianzas, cr\u00e9ditos o incluso una eventual venta\u201d.<br \/>\nY si, un espasmo h\u00edpnico puede representar el principio del fin.<\/p>\n","protected":false},"excerpt":{"rendered":"<p>Por Ivette Estrada La ca\u00edda inminente de una pyme la establece un nulo o deficiente entramado jur\u00eddico. Simplemente, la sobrerregulaci\u00f3n,&#8230;<\/p>\n","protected":false},"author":1,"featured_media":276904,"comment_status":"open","ping_status":"closed","sticky":false,"template":"","format":"standard","meta":{"footnotes":""},"categories":[11735,11736],"tags":[11774,4959,11698,77],"class_list":["post-276902","post","type-post","status-publish","format-standard","has-post-thumbnail","hentry","category-columnas","category-columnistas","tag-abanico","tag-featured","tag-ivette-estrada","tag-principal"],"yoast_head":"<!-- This site is optimized with the Yoast SEO plugin v26.5 - https:\/\/yoast.com\/wordpress\/plugins\/seo\/ -->\n<title>ABANICO\/ Espasmo h\u00edpnico de las pymes - NOTICIAS<\/title>\n<meta name=\"robots\" content=\"index, follow, max-snippet:-1, max-image-preview:large, max-video-preview:-1\" \/>\n<link rel=\"canonical\" href=\"https:\/\/laredsocial-noticias.com\/wp\/abanico-espasmo-hipnico-de-las-pymes\/\" \/>\n<meta property=\"og:locale\" content=\"es_ES\" \/>\n<meta property=\"og:type\" content=\"article\" \/>\n<meta property=\"og:title\" content=\"ABANICO\/ Espasmo h\u00edpnico de las pymes - NOTICIAS\" \/>\n<meta property=\"og:description\" content=\"Por Ivette Estrada La ca\u00edda inminente de una pyme la establece un nulo o deficiente entramado jur\u00eddico. Simplemente, la sobrerregulaci\u00f3n,...\" \/>\n<meta property=\"og:url\" content=\"https:\/\/laredsocial-noticias.com\/wp\/abanico-espasmo-hipnico-de-las-pymes\/\" \/>\n<meta property=\"og:site_name\" content=\"NOTICIAS\" \/>\n<meta property=\"article:published_time\" content=\"2026-08-31T07:06:08+00:00\" \/>\n<meta property=\"article:modified_time\" content=\"2026-08-31T07:06:53+00:00\" \/>\n<meta name=\"author\" content=\"Editor en Jefe\" \/>\n<meta name=\"twitter:card\" content=\"summary_large_image\" \/>\n<meta name=\"twitter:label1\" content=\"Escrito por\" \/>\n\t<meta name=\"twitter:data1\" content=\"Editor en Jefe\" \/>\n\t<meta name=\"twitter:label2\" content=\"Tiempo de lectura\" \/>\n\t<meta name=\"twitter:data2\" content=\"3 minutos\" \/>\n<!-- \/ Yoast SEO plugin. -->","yoast_head_json":{"title":"ABANICO\/ Espasmo h\u00edpnico de las pymes - NOTICIAS","robots":{"index":"index","follow":"follow","max-snippet":"max-snippet:-1","max-image-preview":"max-image-preview:large","max-video-preview":"max-video-preview:-1"},"canonical":"https:\/\/laredsocial-noticias.com\/wp\/abanico-espasmo-hipnico-de-las-pymes\/","og_locale":"es_ES","og_type":"article","og_title":"ABANICO\/ Espasmo h\u00edpnico de las pymes - NOTICIAS","og_description":"Por Ivette Estrada La ca\u00edda inminente de una pyme la establece un nulo o deficiente entramado jur\u00eddico. Simplemente, la sobrerregulaci\u00f3n,...","og_url":"https:\/\/laredsocial-noticias.com\/wp\/abanico-espasmo-hipnico-de-las-pymes\/","og_site_name":"NOTICIAS","article_published_time":"2026-08-31T07:06:08+00:00","article_modified_time":"2026-08-31T07:06:53+00:00","author":"Editor en Jefe","twitter_card":"summary_large_image","twitter_misc":{"Escrito por":"Editor en Jefe","Tiempo de lectura":"3 minutos"},"schema":{"@context":"https:\/\/schema.org","@graph":[{"@type":"WebPage","@id":"https:\/\/laredsocial-noticias.com\/wp\/abanico-espasmo-hipnico-de-las-pymes\/","url":"https:\/\/laredsocial-noticias.com\/wp\/abanico-espasmo-hipnico-de-las-pymes\/","name":"ABANICO\/ Espasmo h\u00edpnico de las pymes - NOTICIAS","isPartOf":{"@id":"https:\/\/laredsocial-noticias.com\/wp\/#website"},"primaryImageOfPage":{"@id":"https:\/\/laredsocial-noticias.com\/wp\/abanico-espasmo-hipnico-de-las-pymes\/#primaryimage"},"image":{"@id":"https:\/\/laredsocial-noticias.com\/wp\/abanico-espasmo-hipnico-de-las-pymes\/#primaryimage"},"thumbnailUrl":"https:\/\/laredsocial-noticias.com\/wp\/wp-content\/uploads\/2026\/08\/Abanico-1-4.jpg","datePublished":"2026-08-31T07:06:08+00:00","dateModified":"2026-08-31T07:06:53+00:00","author":{"@id":"https:\/\/laredsocial-noticias.com\/wp\/#\/schema\/person\/0ce78643f2de7aae6f6ef10e8453a6e0"},"breadcrumb":{"@id":"https:\/\/laredsocial-noticias.com\/wp\/abanico-espasmo-hipnico-de-las-pymes\/#breadcrumb"},"inLanguage":"es","potentialAction":[{"@type":"ReadAction","target":["https:\/\/laredsocial-noticias.com\/wp\/abanico-espasmo-hipnico-de-las-pymes\/"]}]},{"@type":"ImageObject","inLanguage":"es","@id":"https:\/\/laredsocial-noticias.com\/wp\/abanico-espasmo-hipnico-de-las-pymes\/#primaryimage","url":"https:\/\/laredsocial-noticias.com\/wp\/wp-content\/uploads\/2026\/08\/Abanico-1-4.jpg","contentUrl":"https:\/\/laredsocial-noticias.com\/wp\/wp-content\/uploads\/2026\/08\/Abanico-1-4.jpg","width":614,"height":819},{"@type":"BreadcrumbList","@id":"https:\/\/laredsocial-noticias.com\/wp\/abanico-espasmo-hipnico-de-las-pymes\/#breadcrumb","itemListElement":[{"@type":"ListItem","position":1,"name":"Portada","item":"https:\/\/laredsocial-noticias.com\/wp\/"},{"@type":"ListItem","position":2,"name":"ABANICO\/ Espasmo h\u00edpnico de las pymes"}]},{"@type":"WebSite","@id":"https:\/\/laredsocial-noticias.com\/wp\/#website","url":"https:\/\/laredsocial-noticias.com\/wp\/","name":"NOTICIAS","description":"Lo que se ve y se dice en las redes sociales","potentialAction":[{"@type":"SearchAction","target":{"@type":"EntryPoint","urlTemplate":"https:\/\/laredsocial-noticias.com\/wp\/?s={search_term_string}"},"query-input":{"@type":"PropertyValueSpecification","valueRequired":true,"valueName":"search_term_string"}}],"inLanguage":"es"},{"@type":"Person","@id":"https:\/\/laredsocial-noticias.com\/wp\/#\/schema\/person\/0ce78643f2de7aae6f6ef10e8453a6e0","name":"Editor en Jefe","url":"https:\/\/laredsocial-noticias.com\/wp\/author\/jorgeochoa\/"}]}},"_links":{"self":[{"href":"https:\/\/laredsocial-noticias.com\/wp\/wp-json\/wp\/v2\/posts\/276902","targetHints":{"allow":["GET"]}}],"collection":[{"href":"https:\/\/laredsocial-noticias.com\/wp\/wp-json\/wp\/v2\/posts"}],"about":[{"href":"https:\/\/laredsocial-noticias.com\/wp\/wp-json\/wp\/v2\/types\/post"}],"author":[{"embeddable":true,"href":"https:\/\/laredsocial-noticias.com\/wp\/wp-json\/wp\/v2\/users\/1"}],"replies":[{"embeddable":true,"href":"https:\/\/laredsocial-noticias.com\/wp\/wp-json\/wp\/v2\/comments?post=276902"}],"version-history":[{"count":1,"href":"https:\/\/laredsocial-noticias.com\/wp\/wp-json\/wp\/v2\/posts\/276902\/revisions"}],"predecessor-version":[{"id":276903,"href":"https:\/\/laredsocial-noticias.com\/wp\/wp-json\/wp\/v2\/posts\/276902\/revisions\/276903"}],"wp:featuredmedia":[{"embeddable":true,"href":"https:\/\/laredsocial-noticias.com\/wp\/wp-json\/wp\/v2\/media\/276904"}],"wp:attachment":[{"href":"https:\/\/laredsocial-noticias.com\/wp\/wp-json\/wp\/v2\/media?parent=276902"}],"wp:term":[{"taxonomy":"category","embeddable":true,"href":"https:\/\/laredsocial-noticias.com\/wp\/wp-json\/wp\/v2\/categories?post=276902"},{"taxonomy":"post_tag","embeddable":true,"href":"https:\/\/laredsocial-noticias.com\/wp\/wp-json\/wp\/v2\/tags?post=276902"}],"curies":[{"name":"wp","href":"https:\/\/api.w.org\/{rel}","templated":true}]}}