{"id":276956,"date":"2026-09-01T04:19:12","date_gmt":"2026-09-01T10:19:12","guid":{"rendered":"https:\/\/laredsocial-noticias.com\/wp\/?p=276956"},"modified":"2026-09-01T04:19:51","modified_gmt":"2026-09-01T10:19:51","slug":"pase-de-abordar-un-tufo-de-inseguridad-en-el-pais","status":"publish","type":"post","link":"https:\/\/laredsocial-noticias.com\/wp\/pase-de-abordar-un-tufo-de-inseguridad-en-el-pais\/","title":{"rendered":"PASE DE ABORDAR\/\u00a1Un tufo de inseguridad en el pa\u00eds!"},"content":{"rendered":"<p><strong>Por Ricardo Contreras Reyes<\/strong><\/p>\n<p>Un hecho in\u00e9dito protagoniz\u00f3 el Gobierno de la Cuarta Transformaci\u00f3n, la semana pasada, con sus vecinos pa\u00edses del norte.<\/p>\n<p>Sus principales socios comerciales, Estados Unidos y Canad\u00e1, emitieron sendas alertas a sus ciudadanos para evitar a que visiten\u00a0 Mexicali, capital de Baja California, gobernada por la desprestigiada Marina del Pilar \u00c1vila, cuyas acusaciones por presuntos v\u00ednculos con el crimen organizado pesan sobre su administraci\u00f3n.<\/p>\n<p>Primero fue el Gobierno de Estados Unidos, quien el lunes pasado difundi\u00f3 una alerta a sus conciudadanos para no acudir a dicha ciudad fronteriza ante una \u201camenaza potencial\u201d. Adem\u00e1s, sin mayores explicaciones, fueron suspendidas todas las actividades consulares.<\/p>\n<p>No hubo mayores detalles de tales amenazas, pero invit\u00f3 a los estadunidenses que se encuentran de visita en Mexicali, no acudir a los edificios gubernamentales, y los exhort\u00f3 a buscar refugio en caso de un incidente.<\/p>\n<p>Canad\u00e1 se sum\u00f3 a esta alerta de seguridad, pese a que la propia Presidenta Claudia Sheinbaum Pardo minimiz\u00f3 la situaci\u00f3n al argumentar que el reporte estaba basado en informaci\u00f3n de las agencias estadounidenses y hasta el momento no hab\u00edan identificado un riesgo &#8220;espec\u00edfico o inminente&#8221; para la poblaci\u00f3n de Mexicali.<\/p>\n<p>Por si fuera poco, las autoridades canadienses compartieron un mapa de las regiones de M\u00e9xico con mayor riesgo de criminalidad, utilizando el color naranja para se\u00f1alar a los estados donde se recomienda de plano no visitar: Chiapas, Chihuahua, Colima, Guanajuato, Guerrero, Jalisco, Michoac\u00e1n, Nayarit, Nuevo Le\u00f3n, Sinaloa, Sonora, Tamaulipas y Zacatecas.<\/p>\n<p>La tard\u00eda reacci\u00f3n de la gobernadora de Baja California lleg\u00f3 en la noche de ese mismo martes a trav\u00e9s de su cuenta de X, donde explic\u00f3 que las autoridades mexicanas se mantienen activas y que se reforzar\u00edan los operativos de seguridad en la capital del estado.<\/p>\n<p>\u201cLas acciones de prevenci\u00f3n, patrullaje y vigilancia contin\u00faan de manera permanente para proteger la tranquilidad de las familias\u201d, agreg\u00f3.<\/p>\n<p>El Gobierno de M\u00e9xico asegur\u00f3 que no hab\u00eda identificado un riesgo &#8220;espec\u00edfico o inminente&#8221; para la poblaci\u00f3n de Mexicali.<\/p>\n<p>El Gabinete de Seguridad inform\u00f3 que las autoridades mexicanas manten\u00edan comunicaci\u00f3n con sus contrapartes estadounidenses<\/p>\n<p>Por este hecho, las autoridades federales, estatales y municipales reforzaron el patrullaje y la vigilancia en puntos estrat\u00e9gicos de Mexicali. Lo cierto es que dichas alertas representan la desconfianza que demuestran nuestros vecinos por M\u00e9xico.<\/p>\n<p><strong>\u00a1Se acabaron las vacaciones!<\/strong><\/p>\n<p>Este lunes regresaron a clases en todo el pa\u00eds m\u00e1s de m\u00e1s de 23 millones de estudiantes. Oficialmente es el inicio del ciclo escolar 2026-2027 en educaci\u00f3n b\u00e1sica, establecido por la Secretar\u00eda de Educaci\u00f3n P\u00fablica (SEP). Este fin de semana, miles de padres de familia saturaron las tiendas comerciales en busca de uniformes, calzado y \u00fatiles escolares.<\/p>\n<p><strong>\u00a0SE ENDURECE PRECAMPA\u00d1A EN CHIHUAHUA<\/strong><\/p>\n<p>&#8220;Nadie nos va a convertir en Sinaloa. Cruz al crimen&#8221;, este es el nuevo mensaje colocado por el PAN chihuahuense en anuncios espectaculares sobre las principales avenidas de Chihuahua capital y Ciudad Ju\u00e1rez. Es una abierta alusi\u00f3n al exalcalde de Ju\u00e1rez, Cruz P\u00e9rez Cu\u00e9llar, quien aspira a la candidatura de su partido para gobernar la entidad. La confrontaci\u00f3n entre las principales fuerzas pol\u00edticas sube de temperatura cada dia. Qui\u00e9n no ha dicho &#8220;ni pio&#8221; es la otra precandidata, Andrea Ch\u00e1vez, a quien supuestamente le acaban de retirar la visa estadunidense por su presuntos v\u00ednculos con el crimen organizado . Esa es la raz\u00f3n por la cual dio a luz a su beb\u00e9 en suelo mexicano, \u00a1Eso s\u00ed, en un hospital privado!<\/p>\n<p><strong><br \/>\nPeriodista<\/p>\n<p>@PeriodistaRCR<\/p>\n<p>Director de pasaporteinformativo.mx<\/strong><\/p>\n","protected":false},"excerpt":{"rendered":"<p>Por Ricardo Contreras Reyes Un hecho in\u00e9dito protagoniz\u00f3 el Gobierno de la Cuarta Transformaci\u00f3n, la semana pasada, con sus vecinos&#8230;<\/p>\n","protected":false},"author":1,"featured_media":274901,"comment_status":"open","ping_status":"closed","sticky":false,"template":"","format":"standard","meta":{"footnotes":""},"categories":[2811],"tags":[4959,14355,77,14356,775],"class_list":["post-276956","post","type-post","status-publish","format-standard","has-post-thumbnail","hentry","category-economia","tag-featured","tag-pase-de-abordar","tag-principal","tag-ricardo-contreras-reyes","tag-turismo"],"yoast_head":"<!-- This site is optimized with the Yoast SEO plugin v26.5 - https:\/\/yoast.com\/wordpress\/plugins\/seo\/ -->\n<title>PASE DE ABORDAR\/\u00a1Un tufo de inseguridad en el pa\u00eds! - NOTICIAS<\/title>\n<meta name=\"robots\" content=\"index, follow, max-snippet:-1, max-image-preview:large, max-video-preview:-1\" \/>\n<link rel=\"canonical\" href=\"https:\/\/laredsocial-noticias.com\/wp\/pase-de-abordar-un-tufo-de-inseguridad-en-el-pais\/\" \/>\n<meta property=\"og:locale\" content=\"es_ES\" \/>\n<meta property=\"og:type\" content=\"article\" \/>\n<meta property=\"og:title\" content=\"PASE DE ABORDAR\/\u00a1Un tufo de inseguridad en el pa\u00eds! - NOTICIAS\" \/>\n<meta property=\"og:description\" content=\"Por Ricardo Contreras Reyes Un hecho in\u00e9dito protagoniz\u00f3 el Gobierno de la Cuarta Transformaci\u00f3n, la semana pasada, con sus vecinos...\" \/>\n<meta property=\"og:url\" content=\"https:\/\/laredsocial-noticias.com\/wp\/pase-de-abordar-un-tufo-de-inseguridad-en-el-pais\/\" \/>\n<meta property=\"og:site_name\" content=\"NOTICIAS\" \/>\n<meta property=\"article:published_time\" content=\"2026-09-01T10:19:12+00:00\" \/>\n<meta property=\"article:modified_time\" content=\"2026-09-01T10:19:51+00:00\" \/>\n<meta name=\"author\" content=\"Editor en Jefe\" \/>\n<meta name=\"twitter:card\" content=\"summary_large_image\" \/>\n<meta name=\"twitter:label1\" content=\"Escrito por\" \/>\n\t<meta name=\"twitter:data1\" content=\"Editor en Jefe\" \/>\n\t<meta name=\"twitter:label2\" content=\"Tiempo de lectura\" \/>\n\t<meta name=\"twitter:data2\" content=\"3 minutos\" \/>\n<!-- \/ Yoast SEO plugin. -->","yoast_head_json":{"title":"PASE DE ABORDAR\/\u00a1Un tufo de inseguridad en el pa\u00eds! - NOTICIAS","robots":{"index":"index","follow":"follow","max-snippet":"max-snippet:-1","max-image-preview":"max-image-preview:large","max-video-preview":"max-video-preview:-1"},"canonical":"https:\/\/laredsocial-noticias.com\/wp\/pase-de-abordar-un-tufo-de-inseguridad-en-el-pais\/","og_locale":"es_ES","og_type":"article","og_title":"PASE DE ABORDAR\/\u00a1Un tufo de inseguridad en el pa\u00eds! - NOTICIAS","og_description":"Por Ricardo Contreras Reyes Un hecho in\u00e9dito protagoniz\u00f3 el Gobierno de la Cuarta Transformaci\u00f3n, la semana pasada, con sus vecinos...","og_url":"https:\/\/laredsocial-noticias.com\/wp\/pase-de-abordar-un-tufo-de-inseguridad-en-el-pais\/","og_site_name":"NOTICIAS","article_published_time":"2026-09-01T10:19:12+00:00","article_modified_time":"2026-09-01T10:19:51+00:00","author":"Editor en Jefe","twitter_card":"summary_large_image","twitter_misc":{"Escrito por":"Editor en Jefe","Tiempo de lectura":"3 minutos"},"schema":{"@context":"https:\/\/schema.org","@graph":[{"@type":"WebPage","@id":"https:\/\/laredsocial-noticias.com\/wp\/pase-de-abordar-un-tufo-de-inseguridad-en-el-pais\/","url":"https:\/\/laredsocial-noticias.com\/wp\/pase-de-abordar-un-tufo-de-inseguridad-en-el-pais\/","name":"PASE DE ABORDAR\/\u00a1Un tufo de inseguridad en el pa\u00eds! - NOTICIAS","isPartOf":{"@id":"https:\/\/laredsocial-noticias.com\/wp\/#website"},"primaryImageOfPage":{"@id":"https:\/\/laredsocial-noticias.com\/wp\/pase-de-abordar-un-tufo-de-inseguridad-en-el-pais\/#primaryimage"},"image":{"@id":"https:\/\/laredsocial-noticias.com\/wp\/pase-de-abordar-un-tufo-de-inseguridad-en-el-pais\/#primaryimage"},"thumbnailUrl":"https:\/\/laredsocial-noticias.com\/wp\/wp-content\/uploads\/2026\/08\/Pase-abordar.jpeg","datePublished":"2026-09-01T10:19:12+00:00","dateModified":"2026-09-01T10:19:51+00:00","author":{"@id":"https:\/\/laredsocial-noticias.com\/wp\/#\/schema\/person\/0ce78643f2de7aae6f6ef10e8453a6e0"},"breadcrumb":{"@id":"https:\/\/laredsocial-noticias.com\/wp\/pase-de-abordar-un-tufo-de-inseguridad-en-el-pais\/#breadcrumb"},"inLanguage":"es","potentialAction":[{"@type":"ReadAction","target":["https:\/\/laredsocial-noticias.com\/wp\/pase-de-abordar-un-tufo-de-inseguridad-en-el-pais\/"]}]},{"@type":"ImageObject","inLanguage":"es","@id":"https:\/\/laredsocial-noticias.com\/wp\/pase-de-abordar-un-tufo-de-inseguridad-en-el-pais\/#primaryimage","url":"https:\/\/laredsocial-noticias.com\/wp\/wp-content\/uploads\/2026\/08\/Pase-abordar.jpeg","contentUrl":"https:\/\/laredsocial-noticias.com\/wp\/wp-content\/uploads\/2026\/08\/Pase-abordar.jpeg","width":1119,"height":684},{"@type":"BreadcrumbList","@id":"https:\/\/laredsocial-noticias.com\/wp\/pase-de-abordar-un-tufo-de-inseguridad-en-el-pais\/#breadcrumb","itemListElement":[{"@type":"ListItem","position":1,"name":"Portada","item":"https:\/\/laredsocial-noticias.com\/wp\/"},{"@type":"ListItem","position":2,"name":"PASE DE ABORDAR\/\u00a1Un tufo de inseguridad en el pa\u00eds!"}]},{"@type":"WebSite","@id":"https:\/\/laredsocial-noticias.com\/wp\/#website","url":"https:\/\/laredsocial-noticias.com\/wp\/","name":"NOTICIAS","description":"Lo que se ve y se dice en las redes sociales","potentialAction":[{"@type":"SearchAction","target":{"@type":"EntryPoint","urlTemplate":"https:\/\/laredsocial-noticias.com\/wp\/?s={search_term_string}"},"query-input":{"@type":"PropertyValueSpecification","valueRequired":true,"valueName":"search_term_string"}}],"inLanguage":"es"},{"@type":"Person","@id":"https:\/\/laredsocial-noticias.com\/wp\/#\/schema\/person\/0ce78643f2de7aae6f6ef10e8453a6e0","name":"Editor en Jefe","url":"https:\/\/laredsocial-noticias.com\/wp\/author\/jorgeochoa\/"}]}},"_links":{"self":[{"href":"https:\/\/laredsocial-noticias.com\/wp\/wp-json\/wp\/v2\/posts\/276956","targetHints":{"allow":["GET"]}}],"collection":[{"href":"https:\/\/laredsocial-noticias.com\/wp\/wp-json\/wp\/v2\/posts"}],"about":[{"href":"https:\/\/laredsocial-noticias.com\/wp\/wp-json\/wp\/v2\/types\/post"}],"author":[{"embeddable":true,"href":"https:\/\/laredsocial-noticias.com\/wp\/wp-json\/wp\/v2\/users\/1"}],"replies":[{"embeddable":true,"href":"https:\/\/laredsocial-noticias.com\/wp\/wp-json\/wp\/v2\/comments?post=276956"}],"version-history":[{"count":1,"href":"https:\/\/laredsocial-noticias.com\/wp\/wp-json\/wp\/v2\/posts\/276956\/revisions"}],"predecessor-version":[{"id":276957,"href":"https:\/\/laredsocial-noticias.com\/wp\/wp-json\/wp\/v2\/posts\/276956\/revisions\/276957"}],"wp:featuredmedia":[{"embeddable":true,"href":"https:\/\/laredsocial-noticias.com\/wp\/wp-json\/wp\/v2\/media\/274901"}],"wp:attachment":[{"href":"https:\/\/laredsocial-noticias.com\/wp\/wp-json\/wp\/v2\/media?parent=276956"}],"wp:term":[{"taxonomy":"category","embeddable":true,"href":"https:\/\/laredsocial-noticias.com\/wp\/wp-json\/wp\/v2\/categories?post=276956"},{"taxonomy":"post_tag","embeddable":true,"href":"https:\/\/laredsocial-noticias.com\/wp\/wp-json\/wp\/v2\/tags?post=276956"}],"curies":[{"name":"wp","href":"https:\/\/api.w.org\/{rel}","templated":true}]}}