{"id":27702,"date":"2016-09-12T21:00:59","date_gmt":"2016-09-13T02:00:59","guid":{"rendered":"http:\/\/laredsocial-noticias.com\/wp\/?p=27702"},"modified":"2016-09-12T19:09:19","modified_gmt":"2016-09-13T00:09:19","slug":"ruiz-massieu-se-reune-con-legisladores-estadunidenses","status":"publish","type":"post","link":"https:\/\/laredsocial-noticias.com\/wp\/ruiz-massieu-se-reune-con-legisladores-estadunidenses\/","title":{"rendered":"Ruiz Massieu se re\u00fane con legisladores estadunidenses"},"content":{"rendered":"<p><strong>CIUDAD DE M\u00c9XICO, 12 de agosto, (RADIO NET \/ C\u00cdRCULO DIGITAL).-\u00a0<\/strong>Con el objetivo de fortalecer v\u00ednculos con California, as\u00ed como con sus representantes electos, la canciller Claudia Ruiz Massieu se reuni\u00f3 este lunes con una delegaci\u00f3n de legisladores de dicho estado, encabezada por el presidente Pro Tempore de su Senado, Kevin de Le\u00f3n.<\/p>\n<p>Durante el encuentro, los legisladores reconocieron que M\u00e9xico y California son socios estrat\u00e9gicos unidos por la proximidad geogr\u00e1fica pero, sobre todo, por los estrechos v\u00ednculos econ\u00f3micos, pol\u00edticos, educativos y de amistad que hermanan a ambas sociedades, se\u00f1al\u00f3 la Secretar\u00eda de Relaciones Exteriores (SRE) en un comunicado.<\/p>\n<p>Destac\u00f3 que la titular de la dependencia y los legisladores enfatizaron su inter\u00e9s en continuar la colaboraci\u00f3n en temas de medio ambiente y combate al cambio clim\u00e1tico, as\u00ed como de promoci\u00f3n del comercio, educaci\u00f3n, turismo, infraestructura y desarrollo energ\u00e9tico.<\/p>\n<p>En ese sentido, la delegaci\u00f3n de legisladores estadunidenses tiene una intensa agenda de trabajo en la Ciudad de M\u00e9xico esta semana, donde sostendr\u00e1n reuniones de trabajo con senadores mexicanos y funcionarios p\u00fablicos, as\u00ed como con empresarios, acad\u00e9micos y estudiantes.<\/p>\n<p>La SRE destac\u00f3 que California es el estado con la mayor concentraci\u00f3n de poblaci\u00f3n de origen mexicano en Estados Unidos, mientras que M\u00e9xico es su segundo socio comercial.<\/p>\n<p>En 2015 el comercio entre M\u00e9xico y California alcanz\u00f3 un valor de 71.9 mil millones de d\u00f3lares y contribuy\u00f3 a la creaci\u00f3n de aproximadamente 692 mil empleos en ese estado.<\/p>\n","protected":false},"excerpt":{"rendered":"<p>CIUDAD DE M\u00c9XICO, 12 de agosto, (RADIO NET \/ C\u00cdRCULO DIGITAL).-\u00a0Con el objetivo de fortalecer v\u00ednculos con California, as\u00ed como&#8230;<\/p>\n","protected":false},"author":1,"featured_media":0,"comment_status":"closed","ping_status":"closed","sticky":false,"template":"","format":"standard","meta":{"footnotes":""},"categories":[1796,73],"tags":[332,77],"class_list":["post-27702","post","type-post","status-publish","format-standard","hentry","category-circulodigital","category-principal","tag-mexico","tag-principal"],"yoast_head":"<!-- This site is optimized with the Yoast SEO plugin v26.5 - https:\/\/yoast.com\/wordpress\/plugins\/seo\/ -->\n<title>Ruiz Massieu se re\u00fane con legisladores estadunidenses - NOTICIAS<\/title>\n<meta name=\"robots\" content=\"index, follow, max-snippet:-1, max-image-preview:large, max-video-preview:-1\" \/>\n<link rel=\"canonical\" href=\"https:\/\/laredsocial-noticias.com\/wp\/ruiz-massieu-se-reune-con-legisladores-estadunidenses\/\" \/>\n<meta property=\"og:locale\" content=\"es_ES\" \/>\n<meta property=\"og:type\" content=\"article\" \/>\n<meta property=\"og:title\" content=\"Ruiz Massieu se re\u00fane con legisladores estadunidenses - NOTICIAS\" \/>\n<meta property=\"og:description\" content=\"CIUDAD DE M\u00c9XICO, 12 de agosto, (RADIO NET \/ C\u00cdRCULO DIGITAL).-\u00a0Con el objetivo de fortalecer v\u00ednculos con California, as\u00ed como...\" \/>\n<meta property=\"og:url\" content=\"https:\/\/laredsocial-noticias.com\/wp\/ruiz-massieu-se-reune-con-legisladores-estadunidenses\/\" \/>\n<meta property=\"og:site_name\" content=\"NOTICIAS\" \/>\n<meta property=\"article:published_time\" content=\"2016-09-13T02:00:59+00:00\" \/>\n<meta property=\"og:image\" content=\"https:\/\/laredsocial-noticias.com\/wp\/wp-content\/uploads\/2016\/09\/Ruiz-Massieu.jpg\" \/>\n\t<meta property=\"og:image:width\" content=\"650\" \/>\n\t<meta property=\"og:image:height\" content=\"433\" \/>\n\t<meta property=\"og:image:type\" content=\"image\/jpeg\" \/>\n<meta name=\"author\" content=\"Editor en Jefe\" \/>\n<meta name=\"twitter:card\" content=\"summary_large_image\" \/>\n<meta name=\"twitter:label1\" content=\"Escrito por\" \/>\n\t<meta name=\"twitter:data1\" content=\"Editor en Jefe\" \/>\n\t<meta name=\"twitter:label2\" content=\"Tiempo de lectura\" \/>\n\t<meta name=\"twitter:data2\" content=\"1 minuto\" \/>\n<!-- \/ Yoast SEO plugin. -->","yoast_head_json":{"title":"Ruiz Massieu se re\u00fane con legisladores estadunidenses - NOTICIAS","robots":{"index":"index","follow":"follow","max-snippet":"max-snippet:-1","max-image-preview":"max-image-preview:large","max-video-preview":"max-video-preview:-1"},"canonical":"https:\/\/laredsocial-noticias.com\/wp\/ruiz-massieu-se-reune-con-legisladores-estadunidenses\/","og_locale":"es_ES","og_type":"article","og_title":"Ruiz Massieu se re\u00fane con legisladores estadunidenses - NOTICIAS","og_description":"CIUDAD DE M\u00c9XICO, 12 de agosto, (RADIO NET \/ C\u00cdRCULO DIGITAL).-\u00a0Con el objetivo de fortalecer v\u00ednculos con California, as\u00ed como...","og_url":"https:\/\/laredsocial-noticias.com\/wp\/ruiz-massieu-se-reune-con-legisladores-estadunidenses\/","og_site_name":"NOTICIAS","article_published_time":"2016-09-13T02:00:59+00:00","og_image":[{"width":650,"height":433,"url":"https:\/\/laredsocial-noticias.com\/wp\/wp-content\/uploads\/2016\/09\/Ruiz-Massieu.jpg","type":"image\/jpeg"}],"author":"Editor en Jefe","twitter_card":"summary_large_image","twitter_misc":{"Escrito por":"Editor en Jefe","Tiempo de lectura":"1 minuto"},"schema":{"@context":"https:\/\/schema.org","@graph":[{"@type":"WebPage","@id":"https:\/\/laredsocial-noticias.com\/wp\/ruiz-massieu-se-reune-con-legisladores-estadunidenses\/","url":"https:\/\/laredsocial-noticias.com\/wp\/ruiz-massieu-se-reune-con-legisladores-estadunidenses\/","name":"Ruiz Massieu se re\u00fane con legisladores estadunidenses - NOTICIAS","isPartOf":{"@id":"https:\/\/laredsocial-noticias.com\/wp\/#website"},"datePublished":"2016-09-13T02:00:59+00:00","author":{"@id":"https:\/\/laredsocial-noticias.com\/wp\/#\/schema\/person\/0ce78643f2de7aae6f6ef10e8453a6e0"},"breadcrumb":{"@id":"https:\/\/laredsocial-noticias.com\/wp\/ruiz-massieu-se-reune-con-legisladores-estadunidenses\/#breadcrumb"},"inLanguage":"es","potentialAction":[{"@type":"ReadAction","target":["https:\/\/laredsocial-noticias.com\/wp\/ruiz-massieu-se-reune-con-legisladores-estadunidenses\/"]}]},{"@type":"BreadcrumbList","@id":"https:\/\/laredsocial-noticias.com\/wp\/ruiz-massieu-se-reune-con-legisladores-estadunidenses\/#breadcrumb","itemListElement":[{"@type":"ListItem","position":1,"name":"Portada","item":"https:\/\/laredsocial-noticias.com\/wp\/"},{"@type":"ListItem","position":2,"name":"Ruiz Massieu se re\u00fane con legisladores estadunidenses"}]},{"@type":"WebSite","@id":"https:\/\/laredsocial-noticias.com\/wp\/#website","url":"https:\/\/laredsocial-noticias.com\/wp\/","name":"NOTICIAS","description":"Lo que se ve y se dice en las redes sociales","potentialAction":[{"@type":"SearchAction","target":{"@type":"EntryPoint","urlTemplate":"https:\/\/laredsocial-noticias.com\/wp\/?s={search_term_string}"},"query-input":{"@type":"PropertyValueSpecification","valueRequired":true,"valueName":"search_term_string"}}],"inLanguage":"es"},{"@type":"Person","@id":"https:\/\/laredsocial-noticias.com\/wp\/#\/schema\/person\/0ce78643f2de7aae6f6ef10e8453a6e0","name":"Editor en Jefe","url":"https:\/\/laredsocial-noticias.com\/wp\/author\/jorgeochoa\/"}]}},"_links":{"self":[{"href":"https:\/\/laredsocial-noticias.com\/wp\/wp-json\/wp\/v2\/posts\/27702","targetHints":{"allow":["GET"]}}],"collection":[{"href":"https:\/\/laredsocial-noticias.com\/wp\/wp-json\/wp\/v2\/posts"}],"about":[{"href":"https:\/\/laredsocial-noticias.com\/wp\/wp-json\/wp\/v2\/types\/post"}],"author":[{"embeddable":true,"href":"https:\/\/laredsocial-noticias.com\/wp\/wp-json\/wp\/v2\/users\/1"}],"replies":[{"embeddable":true,"href":"https:\/\/laredsocial-noticias.com\/wp\/wp-json\/wp\/v2\/comments?post=27702"}],"version-history":[{"count":1,"href":"https:\/\/laredsocial-noticias.com\/wp\/wp-json\/wp\/v2\/posts\/27702\/revisions"}],"predecessor-version":[{"id":27703,"href":"https:\/\/laredsocial-noticias.com\/wp\/wp-json\/wp\/v2\/posts\/27702\/revisions\/27703"}],"wp:attachment":[{"href":"https:\/\/laredsocial-noticias.com\/wp\/wp-json\/wp\/v2\/media?parent=27702"}],"wp:term":[{"taxonomy":"category","embeddable":true,"href":"https:\/\/laredsocial-noticias.com\/wp\/wp-json\/wp\/v2\/categories?post=27702"},{"taxonomy":"post_tag","embeddable":true,"href":"https:\/\/laredsocial-noticias.com\/wp\/wp-json\/wp\/v2\/tags?post=27702"}],"curies":[{"name":"wp","href":"https:\/\/api.w.org\/{rel}","templated":true}]}}