{"id":277057,"date":"2026-09-02T12:05:09","date_gmt":"2026-09-02T18:05:09","guid":{"rendered":"https:\/\/laredsocial-noticias.com\/wp\/?p=277057"},"modified":"2026-09-02T12:06:18","modified_gmt":"2026-09-02T18:06:18","slug":"salen-a-la-venta-monedas-conmemorativas-de-un-dolar-con-el-rostro-de-trump","status":"publish","type":"post","link":"https:\/\/laredsocial-noticias.com\/wp\/salen-a-la-venta-monedas-conmemorativas-de-un-dolar-con-el-rostro-de-trump\/","title":{"rendered":"Salen a la venta monedas conmemorativas de un d\u00f3lar con el rostro de Trump"},"content":{"rendered":"<p>La Casa de la Moneda de Estados Unidos puso este mi\u00e9rcoles a la venta monedas conmemorativas de un d\u00f3lar por el 250 aniversario de la independencia del pa\u00eds, con el rostro del actual presidente, Donald Trump.<\/p>\n<p>La instituci\u00f3n inform\u00f3 en redes sociales que la pieza ya est\u00e1 disponible para coleccionistas, aunque tambi\u00e9n indic\u00f3 que se encuentra en circulaci\u00f3n y recomend\u00f3 a los ciudadanos revisar el cambio recibido para comprobar si tienen alguna.<\/p>\n<p>El dise\u00f1o muestra un retrato serio de Trump, la palabra &#8220;Libertad&#8221;, las fechas 1776-2026 y el lema nacional de Estados Unidos, &#8220;En Dios confiamos&#8221;.<\/p>\n<p>La Casa de la Moneda comercializa paquetes de 25 monedas por 61 d\u00f3lares y de 100 unidades por 154.50 d\u00f3lares.<\/p>\n<p>La iniciativa forma parte de una serie de medidas impulsadas por la Casa Blanca que sit\u00faan a Trump en el centro de las conmemoraciones por el 250 aniversario del pa\u00eds, una decisi\u00f3n criticada por la oposici\u00f3n dem\u00f3crata, que considera que refleja una actitud megal\u00f3mana del republicano.<\/p>\n<p>El Departamento de Estado expide desde el pasado 8 de agosto pasaportes conmemorativos que tambi\u00e9n contienen la imagen de Trump.<\/p>\n","protected":false},"excerpt":{"rendered":"<p>La Casa de la Moneda de Estados Unidos puso este mi\u00e9rcoles a la venta monedas conmemorativas de un d\u00f3lar por&#8230;<\/p>\n","protected":false},"author":1,"featured_media":277059,"comment_status":"open","ping_status":"closed","sticky":false,"template":"","format":"standard","meta":{"footnotes":""},"categories":[2811,12261],"tags":[],"class_list":["post-277057","post","type-post","status-publish","format-standard","has-post-thumbnail","hentry","category-economia","category-economia-y-finanzas"],"yoast_head":"<!-- This site is optimized with the Yoast SEO plugin v26.5 - https:\/\/yoast.com\/wordpress\/plugins\/seo\/ -->\n<title>Salen a la venta monedas conmemorativas de un d\u00f3lar con el rostro de Trump - NOTICIAS<\/title>\n<meta name=\"robots\" content=\"index, follow, max-snippet:-1, max-image-preview:large, max-video-preview:-1\" \/>\n<link rel=\"canonical\" href=\"https:\/\/laredsocial-noticias.com\/wp\/salen-a-la-venta-monedas-conmemorativas-de-un-dolar-con-el-rostro-de-trump\/\" \/>\n<meta property=\"og:locale\" content=\"es_ES\" \/>\n<meta property=\"og:type\" content=\"article\" \/>\n<meta property=\"og:title\" content=\"Salen a la venta monedas conmemorativas de un d\u00f3lar con el rostro de Trump - NOTICIAS\" \/>\n<meta property=\"og:description\" content=\"La Casa de la Moneda de Estados Unidos puso este mi\u00e9rcoles a la venta monedas conmemorativas de un d\u00f3lar por...\" \/>\n<meta property=\"og:url\" content=\"https:\/\/laredsocial-noticias.com\/wp\/salen-a-la-venta-monedas-conmemorativas-de-un-dolar-con-el-rostro-de-trump\/\" \/>\n<meta property=\"og:site_name\" content=\"NOTICIAS\" \/>\n<meta property=\"article:published_time\" content=\"2026-09-02T18:05:09+00:00\" \/>\n<meta property=\"article:modified_time\" content=\"2026-09-02T18:06:18+00:00\" \/>\n<meta name=\"author\" content=\"Editor en Jefe\" \/>\n<meta name=\"twitter:card\" content=\"summary_large_image\" \/>\n<meta name=\"twitter:label1\" content=\"Escrito por\" \/>\n\t<meta name=\"twitter:data1\" content=\"Editor en Jefe\" \/>\n\t<meta name=\"twitter:label2\" content=\"Tiempo de lectura\" \/>\n\t<meta name=\"twitter:data2\" content=\"1 minuto\" \/>\n<!-- \/ Yoast SEO plugin. -->","yoast_head_json":{"title":"Salen a la venta monedas conmemorativas de un d\u00f3lar con el rostro de Trump - NOTICIAS","robots":{"index":"index","follow":"follow","max-snippet":"max-snippet:-1","max-image-preview":"max-image-preview:large","max-video-preview":"max-video-preview:-1"},"canonical":"https:\/\/laredsocial-noticias.com\/wp\/salen-a-la-venta-monedas-conmemorativas-de-un-dolar-con-el-rostro-de-trump\/","og_locale":"es_ES","og_type":"article","og_title":"Salen a la venta monedas conmemorativas de un d\u00f3lar con el rostro de Trump - NOTICIAS","og_description":"La Casa de la Moneda de Estados Unidos puso este mi\u00e9rcoles a la venta monedas conmemorativas de un d\u00f3lar por...","og_url":"https:\/\/laredsocial-noticias.com\/wp\/salen-a-la-venta-monedas-conmemorativas-de-un-dolar-con-el-rostro-de-trump\/","og_site_name":"NOTICIAS","article_published_time":"2026-09-02T18:05:09+00:00","article_modified_time":"2026-09-02T18:06:18+00:00","author":"Editor en Jefe","twitter_card":"summary_large_image","twitter_misc":{"Escrito por":"Editor en Jefe","Tiempo de lectura":"1 minuto"},"schema":{"@context":"https:\/\/schema.org","@graph":[{"@type":"WebPage","@id":"https:\/\/laredsocial-noticias.com\/wp\/salen-a-la-venta-monedas-conmemorativas-de-un-dolar-con-el-rostro-de-trump\/","url":"https:\/\/laredsocial-noticias.com\/wp\/salen-a-la-venta-monedas-conmemorativas-de-un-dolar-con-el-rostro-de-trump\/","name":"Salen a la venta monedas conmemorativas de un d\u00f3lar con el rostro de Trump - NOTICIAS","isPartOf":{"@id":"https:\/\/laredsocial-noticias.com\/wp\/#website"},"primaryImageOfPage":{"@id":"https:\/\/laredsocial-noticias.com\/wp\/salen-a-la-venta-monedas-conmemorativas-de-un-dolar-con-el-rostro-de-trump\/#primaryimage"},"image":{"@id":"https:\/\/laredsocial-noticias.com\/wp\/salen-a-la-venta-monedas-conmemorativas-de-un-dolar-con-el-rostro-de-trump\/#primaryimage"},"thumbnailUrl":"https:\/\/laredsocial-noticias.com\/wp\/wp-content\/uploads\/2026\/09\/f960x540-157551_231626_5050.jpg","datePublished":"2026-09-02T18:05:09+00:00","dateModified":"2026-09-02T18:06:18+00:00","author":{"@id":"https:\/\/laredsocial-noticias.com\/wp\/#\/schema\/person\/0ce78643f2de7aae6f6ef10e8453a6e0"},"breadcrumb":{"@id":"https:\/\/laredsocial-noticias.com\/wp\/salen-a-la-venta-monedas-conmemorativas-de-un-dolar-con-el-rostro-de-trump\/#breadcrumb"},"inLanguage":"es","potentialAction":[{"@type":"ReadAction","target":["https:\/\/laredsocial-noticias.com\/wp\/salen-a-la-venta-monedas-conmemorativas-de-un-dolar-con-el-rostro-de-trump\/"]}]},{"@type":"ImageObject","inLanguage":"es","@id":"https:\/\/laredsocial-noticias.com\/wp\/salen-a-la-venta-monedas-conmemorativas-de-un-dolar-con-el-rostro-de-trump\/#primaryimage","url":"https:\/\/laredsocial-noticias.com\/wp\/wp-content\/uploads\/2026\/09\/f960x540-157551_231626_5050.jpg","contentUrl":"https:\/\/laredsocial-noticias.com\/wp\/wp-content\/uploads\/2026\/09\/f960x540-157551_231626_5050.jpg","width":960,"height":540},{"@type":"BreadcrumbList","@id":"https:\/\/laredsocial-noticias.com\/wp\/salen-a-la-venta-monedas-conmemorativas-de-un-dolar-con-el-rostro-de-trump\/#breadcrumb","itemListElement":[{"@type":"ListItem","position":1,"name":"Portada","item":"https:\/\/laredsocial-noticias.com\/wp\/"},{"@type":"ListItem","position":2,"name":"Salen a la venta monedas conmemorativas de un d\u00f3lar con el rostro de Trump"}]},{"@type":"WebSite","@id":"https:\/\/laredsocial-noticias.com\/wp\/#website","url":"https:\/\/laredsocial-noticias.com\/wp\/","name":"NOTICIAS","description":"Lo que se ve y se dice en las redes sociales","potentialAction":[{"@type":"SearchAction","target":{"@type":"EntryPoint","urlTemplate":"https:\/\/laredsocial-noticias.com\/wp\/?s={search_term_string}"},"query-input":{"@type":"PropertyValueSpecification","valueRequired":true,"valueName":"search_term_string"}}],"inLanguage":"es"},{"@type":"Person","@id":"https:\/\/laredsocial-noticias.com\/wp\/#\/schema\/person\/0ce78643f2de7aae6f6ef10e8453a6e0","name":"Editor en Jefe","url":"https:\/\/laredsocial-noticias.com\/wp\/author\/jorgeochoa\/"}]}},"_links":{"self":[{"href":"https:\/\/laredsocial-noticias.com\/wp\/wp-json\/wp\/v2\/posts\/277057","targetHints":{"allow":["GET"]}}],"collection":[{"href":"https:\/\/laredsocial-noticias.com\/wp\/wp-json\/wp\/v2\/posts"}],"about":[{"href":"https:\/\/laredsocial-noticias.com\/wp\/wp-json\/wp\/v2\/types\/post"}],"author":[{"embeddable":true,"href":"https:\/\/laredsocial-noticias.com\/wp\/wp-json\/wp\/v2\/users\/1"}],"replies":[{"embeddable":true,"href":"https:\/\/laredsocial-noticias.com\/wp\/wp-json\/wp\/v2\/comments?post=277057"}],"version-history":[{"count":1,"href":"https:\/\/laredsocial-noticias.com\/wp\/wp-json\/wp\/v2\/posts\/277057\/revisions"}],"predecessor-version":[{"id":277058,"href":"https:\/\/laredsocial-noticias.com\/wp\/wp-json\/wp\/v2\/posts\/277057\/revisions\/277058"}],"wp:featuredmedia":[{"embeddable":true,"href":"https:\/\/laredsocial-noticias.com\/wp\/wp-json\/wp\/v2\/media\/277059"}],"wp:attachment":[{"href":"https:\/\/laredsocial-noticias.com\/wp\/wp-json\/wp\/v2\/media?parent=277057"}],"wp:term":[{"taxonomy":"category","embeddable":true,"href":"https:\/\/laredsocial-noticias.com\/wp\/wp-json\/wp\/v2\/categories?post=277057"},{"taxonomy":"post_tag","embeddable":true,"href":"https:\/\/laredsocial-noticias.com\/wp\/wp-json\/wp\/v2\/tags?post=277057"}],"curies":[{"name":"wp","href":"https:\/\/api.w.org\/{rel}","templated":true}]}}