{"id":277100,"date":"2026-09-02T15:34:17","date_gmt":"2026-09-02T21:34:17","guid":{"rendered":"https:\/\/laredsocial-noticias.com\/wp\/?p=277100"},"modified":"2026-09-02T15:35:32","modified_gmt":"2026-09-02T21:35:32","slug":"tiroteo-en-primaria-de-virginia-deja-un-adulto-lesionado","status":"publish","type":"post","link":"https:\/\/laredsocial-noticias.com\/wp\/tiroteo-en-primaria-de-virginia-deja-un-adulto-lesionado\/","title":{"rendered":"Tiroteo en primaria de Virginia deja un adulto lesionado"},"content":{"rendered":"<p>Un adulto result\u00f3 herido este mi\u00e9rcoles durante un\u00a0tiroteo en la Escuela Primaria Westwood Hills, en Waynesboro, Virginia, Estados Unidos.<\/p>\n<p>De acuerdo con autoridades, la persona lesionada fue trasladada a un hospital y\u00a0sus heridas no ponen en riesgo su vida.\u00a0Ning\u00fan ni\u00f1o result\u00f3 herido en el incidente.<\/p>\n<h2>El tirador ya no representa una amenaza<\/h2>\n<p>Jim Wood, concejal municipal de Waynesboro cuyo distrito incluye la escuela, declar\u00f3 que\u00a0se trat\u00f3 de un incidente aislado\u00a0y que el atacante ya no representa una amenaza.<\/p>\n<p>\u201cFue un asunto entre dos personas\u201d, se\u00f1al\u00f3 Wood, quien acudi\u00f3 al lugar tras enterarse de la emergencia. El funcionario no proporcion\u00f3 detalles sobre la identidad o situaci\u00f3n del sospechoso.<\/p>\n<p>Robin Lawson, portavoz de la Polic\u00eda Estatal de Virginia, confirm\u00f3 que\u00a0un adulto result\u00f3 herido y ning\u00fan menor fue lesionado, seg\u00fan los reportes iniciales.<\/p>\n<h2>Estudiantes, maestros y personal est\u00e1n a salvo<\/h2>\n<p>El Departamento de Polic\u00eda de Waynesboro inform\u00f3 que\u00a0todos los estudiantes, maestros y trabajadores de Westwood Hills fueron contabilizados y se encuentran a salvo.<\/p>\n<p>La divisi\u00f3n escolar inici\u00f3 la reunificaci\u00f3n de los alumnos con sus familias en la Iglesia Presbiteriana Westminster, ubicada en 1904 Mount Vernon Street.<\/p>\n<p>Como medida de precauci\u00f3n,\u00a0las dem\u00e1s Escuelas P\u00fablicas de Waynesboro fueron colocadas bajo cierre de emergencia. Las autoridades indicaron que las escuelas permanecen seguras y resguardadas.<\/p>\n<h2>Autoridades dar\u00e1n rueda de prensa<\/h2>\n<p>El Departamento de Polic\u00eda de Waynesboro y las Escuelas P\u00fablicas de Waynesboro anunciaron una\u00a0rueda de prensa a las 4:15 p. m., hora local, de este mi\u00e9rcoles, en las C\u00e1maras del Concejo Municipal, ubicadas en 503 W. Main Street.<\/p>\n<p>La conferencia tambi\u00e9n ser\u00e1 transmitida en vivo a trav\u00e9s del\u00a0canal de YouTube de la Ciudad de Waynesboro.<\/p>\n<p>La gobernadora de Virginia, Abigail Spanberger, inform\u00f3 que\u00a0est\u00e1 monitoreando el incidente\u00a0y agradeci\u00f3 la labor de los servicios de emergencia que acudieron al lugar.<\/p>\n","protected":false},"excerpt":{"rendered":"<p>Un adulto result\u00f3 herido este mi\u00e9rcoles durante un\u00a0tiroteo en la Escuela Primaria Westwood Hills, en Waynesboro, Virginia, Estados Unidos. De&#8230;<\/p>\n","protected":false},"author":1,"featured_media":277102,"comment_status":"open","ping_status":"closed","sticky":false,"template":"","format":"standard","meta":{"footnotes":""},"categories":[101,6026],"tags":[4959,77],"class_list":["post-277100","post","type-post","status-publish","format-standard","has-post-thumbnail","hentry","category-internacional","category-portada","tag-featured","tag-principal"],"yoast_head":"<!-- This site is optimized with the Yoast SEO plugin v26.5 - https:\/\/yoast.com\/wordpress\/plugins\/seo\/ -->\n<title>Tiroteo en primaria de Virginia deja un adulto lesionado - NOTICIAS<\/title>\n<meta name=\"robots\" content=\"index, follow, max-snippet:-1, max-image-preview:large, max-video-preview:-1\" \/>\n<link rel=\"canonical\" href=\"https:\/\/laredsocial-noticias.com\/wp\/tiroteo-en-primaria-de-virginia-deja-un-adulto-lesionado\/\" \/>\n<meta property=\"og:locale\" content=\"es_ES\" \/>\n<meta property=\"og:type\" content=\"article\" \/>\n<meta property=\"og:title\" content=\"Tiroteo en primaria de Virginia deja un adulto lesionado - NOTICIAS\" \/>\n<meta property=\"og:description\" content=\"Un adulto result\u00f3 herido este mi\u00e9rcoles durante un\u00a0tiroteo en la Escuela Primaria Westwood Hills, en Waynesboro, Virginia, Estados Unidos. De...\" \/>\n<meta property=\"og:url\" content=\"https:\/\/laredsocial-noticias.com\/wp\/tiroteo-en-primaria-de-virginia-deja-un-adulto-lesionado\/\" \/>\n<meta property=\"og:site_name\" content=\"NOTICIAS\" \/>\n<meta property=\"article:published_time\" content=\"2026-09-02T21:34:17+00:00\" \/>\n<meta property=\"article:modified_time\" content=\"2026-09-02T21:35:32+00:00\" \/>\n<meta name=\"author\" content=\"Editor en Jefe\" \/>\n<meta name=\"twitter:card\" content=\"summary_large_image\" \/>\n<meta name=\"twitter:label1\" content=\"Escrito por\" \/>\n\t<meta name=\"twitter:data1\" content=\"Editor en Jefe\" \/>\n\t<meta name=\"twitter:label2\" content=\"Tiempo de lectura\" \/>\n\t<meta name=\"twitter:data2\" content=\"2 minutos\" \/>\n<!-- \/ Yoast SEO plugin. -->","yoast_head_json":{"title":"Tiroteo en primaria de Virginia deja un adulto lesionado - NOTICIAS","robots":{"index":"index","follow":"follow","max-snippet":"max-snippet:-1","max-image-preview":"max-image-preview:large","max-video-preview":"max-video-preview:-1"},"canonical":"https:\/\/laredsocial-noticias.com\/wp\/tiroteo-en-primaria-de-virginia-deja-un-adulto-lesionado\/","og_locale":"es_ES","og_type":"article","og_title":"Tiroteo en primaria de Virginia deja un adulto lesionado - NOTICIAS","og_description":"Un adulto result\u00f3 herido este mi\u00e9rcoles durante un\u00a0tiroteo en la Escuela Primaria Westwood Hills, en Waynesboro, Virginia, Estados Unidos. De...","og_url":"https:\/\/laredsocial-noticias.com\/wp\/tiroteo-en-primaria-de-virginia-deja-un-adulto-lesionado\/","og_site_name":"NOTICIAS","article_published_time":"2026-09-02T21:34:17+00:00","article_modified_time":"2026-09-02T21:35:32+00:00","author":"Editor en Jefe","twitter_card":"summary_large_image","twitter_misc":{"Escrito por":"Editor en Jefe","Tiempo de lectura":"2 minutos"},"schema":{"@context":"https:\/\/schema.org","@graph":[{"@type":"WebPage","@id":"https:\/\/laredsocial-noticias.com\/wp\/tiroteo-en-primaria-de-virginia-deja-un-adulto-lesionado\/","url":"https:\/\/laredsocial-noticias.com\/wp\/tiroteo-en-primaria-de-virginia-deja-un-adulto-lesionado\/","name":"Tiroteo en primaria de Virginia deja un adulto lesionado - NOTICIAS","isPartOf":{"@id":"https:\/\/laredsocial-noticias.com\/wp\/#website"},"primaryImageOfPage":{"@id":"https:\/\/laredsocial-noticias.com\/wp\/tiroteo-en-primaria-de-virginia-deja-un-adulto-lesionado\/#primaryimage"},"image":{"@id":"https:\/\/laredsocial-noticias.com\/wp\/tiroteo-en-primaria-de-virginia-deja-un-adulto-lesionado\/#primaryimage"},"thumbnailUrl":"https:\/\/laredsocial-noticias.com\/wp\/wp-content\/uploads\/2026\/09\/adulto-resulta-herido-en-tiroteo-dentro-de-escuela-primaria-de-virginia-captura-redes-sociales_13_1000x428.png","datePublished":"2026-09-02T21:34:17+00:00","dateModified":"2026-09-02T21:35:32+00:00","author":{"@id":"https:\/\/laredsocial-noticias.com\/wp\/#\/schema\/person\/0ce78643f2de7aae6f6ef10e8453a6e0"},"breadcrumb":{"@id":"https:\/\/laredsocial-noticias.com\/wp\/tiroteo-en-primaria-de-virginia-deja-un-adulto-lesionado\/#breadcrumb"},"inLanguage":"es","potentialAction":[{"@type":"ReadAction","target":["https:\/\/laredsocial-noticias.com\/wp\/tiroteo-en-primaria-de-virginia-deja-un-adulto-lesionado\/"]}]},{"@type":"ImageObject","inLanguage":"es","@id":"https:\/\/laredsocial-noticias.com\/wp\/tiroteo-en-primaria-de-virginia-deja-un-adulto-lesionado\/#primaryimage","url":"https:\/\/laredsocial-noticias.com\/wp\/wp-content\/uploads\/2026\/09\/adulto-resulta-herido-en-tiroteo-dentro-de-escuela-primaria-de-virginia-captura-redes-sociales_13_1000x428.png","contentUrl":"https:\/\/laredsocial-noticias.com\/wp\/wp-content\/uploads\/2026\/09\/adulto-resulta-herido-en-tiroteo-dentro-de-escuela-primaria-de-virginia-captura-redes-sociales_13_1000x428.png","width":1000,"height":428},{"@type":"BreadcrumbList","@id":"https:\/\/laredsocial-noticias.com\/wp\/tiroteo-en-primaria-de-virginia-deja-un-adulto-lesionado\/#breadcrumb","itemListElement":[{"@type":"ListItem","position":1,"name":"Portada","item":"https:\/\/laredsocial-noticias.com\/wp\/"},{"@type":"ListItem","position":2,"name":"Tiroteo en primaria de Virginia deja un adulto lesionado"}]},{"@type":"WebSite","@id":"https:\/\/laredsocial-noticias.com\/wp\/#website","url":"https:\/\/laredsocial-noticias.com\/wp\/","name":"NOTICIAS","description":"Lo que se ve y se dice en las redes sociales","potentialAction":[{"@type":"SearchAction","target":{"@type":"EntryPoint","urlTemplate":"https:\/\/laredsocial-noticias.com\/wp\/?s={search_term_string}"},"query-input":{"@type":"PropertyValueSpecification","valueRequired":true,"valueName":"search_term_string"}}],"inLanguage":"es"},{"@type":"Person","@id":"https:\/\/laredsocial-noticias.com\/wp\/#\/schema\/person\/0ce78643f2de7aae6f6ef10e8453a6e0","name":"Editor en Jefe","url":"https:\/\/laredsocial-noticias.com\/wp\/author\/jorgeochoa\/"}]}},"_links":{"self":[{"href":"https:\/\/laredsocial-noticias.com\/wp\/wp-json\/wp\/v2\/posts\/277100","targetHints":{"allow":["GET"]}}],"collection":[{"href":"https:\/\/laredsocial-noticias.com\/wp\/wp-json\/wp\/v2\/posts"}],"about":[{"href":"https:\/\/laredsocial-noticias.com\/wp\/wp-json\/wp\/v2\/types\/post"}],"author":[{"embeddable":true,"href":"https:\/\/laredsocial-noticias.com\/wp\/wp-json\/wp\/v2\/users\/1"}],"replies":[{"embeddable":true,"href":"https:\/\/laredsocial-noticias.com\/wp\/wp-json\/wp\/v2\/comments?post=277100"}],"version-history":[{"count":1,"href":"https:\/\/laredsocial-noticias.com\/wp\/wp-json\/wp\/v2\/posts\/277100\/revisions"}],"predecessor-version":[{"id":277101,"href":"https:\/\/laredsocial-noticias.com\/wp\/wp-json\/wp\/v2\/posts\/277100\/revisions\/277101"}],"wp:featuredmedia":[{"embeddable":true,"href":"https:\/\/laredsocial-noticias.com\/wp\/wp-json\/wp\/v2\/media\/277102"}],"wp:attachment":[{"href":"https:\/\/laredsocial-noticias.com\/wp\/wp-json\/wp\/v2\/media?parent=277100"}],"wp:term":[{"taxonomy":"category","embeddable":true,"href":"https:\/\/laredsocial-noticias.com\/wp\/wp-json\/wp\/v2\/categories?post=277100"},{"taxonomy":"post_tag","embeddable":true,"href":"https:\/\/laredsocial-noticias.com\/wp\/wp-json\/wp\/v2\/tags?post=277100"}],"curies":[{"name":"wp","href":"https:\/\/api.w.org\/{rel}","templated":true}]}}