{"id":277129,"date":"2026-09-03T11:41:29","date_gmt":"2026-09-03T17:41:29","guid":{"rendered":"https:\/\/laredsocial-noticias.com\/wp\/?p=277129"},"modified":"2026-09-03T11:42:12","modified_gmt":"2026-09-03T17:42:12","slug":"al-final-que-se-lleva-uno-sheinbaum-niega-tener-listos-sus-testamentos-personal-y-politico","status":"publish","type":"post","link":"https:\/\/laredsocial-noticias.com\/wp\/al-final-que-se-lleva-uno-sheinbaum-niega-tener-listos-sus-testamentos-personal-y-politico\/","title":{"rendered":"\u201cAl final, \u00bfqu\u00e9 se lleva uno?\u201d: Sheinbaum niega tener listos sus testamentos personal y pol\u00edtico"},"content":{"rendered":"<p>La presidenta Claudia Sheinbaum neg\u00f3 este jueves tener preparados sus testamentos personal y pol\u00edtico en el marco del arranque del mes para hacer este tr\u00e1mite a nivel nacional. <\/p>\n<p>En su conferencia en Palacio Nacional, la mandataria tambi\u00e9n ofreci\u00f3 detalles sobre sus propiedades e ingresos por la publicaci\u00f3n de su libro.<\/p>\n<p>&#8220;Testamento pol\u00edtico no, no tengo preparado, pienso que ya saben mi pensamiento. \u00bfQu\u00e9 se lleva uno al final? Lo que piensa la gente de uno, su reputaci\u00f3n&#8221;, dijo. <\/p>\n<p>De acuerdo con lo compartido, Sheinbaum s\u00f3lo tendr\u00eda una propiedad: un departamento de inter\u00e9s social en la colonia Santa \u00darsula Coapa, cerca del Estadio Azteca. <\/p>\n<p>Adem\u00e1s, indic\u00f3 que ha recibido regal\u00edas por la publicaci\u00f3n de su libro &#8220;Diario de una transici\u00f3n hist\u00f3rica&#8221;, publicado por editorial Planeta. <\/p>\n<p>&#8220;Realmente estoy heredando en vida a mis hijos. Ahora, las regal\u00edas del libro que obtuve tambi\u00e9n se las di a mis hijos&#8221;, a\u00f1adi\u00f3. <\/p>\n<p>Al hablar del legado que dejan las personas, la presidenta hizo referencia al expresidente Andr\u00e9s Manuel L\u00f3pez Obrador y destac\u00f3 que lo m\u00e1s importante es &#8220;lo que piensan los hijos de su madre, los nietos y lo que piensa el pueblo de M\u00e9xico&#8221;. <\/p>\n<p>&#8220;Por m\u00e1s que digan lo que digan que sigan hablando de \u00e9l, por m\u00e1s que no le guste a algunos, \u00e9l se qued\u00f3 en el coraz\u00f3n del pueblo y eso no va a cambiar. Hay otros que se quedaron con otra reputaci\u00f3n&#8221;, se\u00f1al\u00f3.  <\/p>\n","protected":false},"excerpt":{"rendered":"<p>La presidenta Claudia Sheinbaum neg\u00f3 este jueves tener preparados sus testamentos personal y pol\u00edtico en el marco del arranque del&#8230;<\/p>\n","protected":false},"author":1,"featured_media":277131,"comment_status":"open","ping_status":"closed","sticky":false,"template":"","format":"standard","meta":{"footnotes":""},"categories":[78,1726,6026],"tags":[],"class_list":["post-277129","post","type-post","status-publish","format-standard","has-post-thumbnail","hentry","category-nacional","category-nacionales","category-portada"],"yoast_head":"<!-- This site is optimized with the Yoast SEO plugin v26.5 - https:\/\/yoast.com\/wordpress\/plugins\/seo\/ -->\n<title>\u201cAl final, \u00bfqu\u00e9 se lleva uno?\u201d: Sheinbaum niega tener listos sus testamentos personal y pol\u00edtico - NOTICIAS<\/title>\n<meta name=\"robots\" content=\"index, follow, max-snippet:-1, max-image-preview:large, max-video-preview:-1\" \/>\n<link rel=\"canonical\" href=\"https:\/\/laredsocial-noticias.com\/wp\/al-final-que-se-lleva-uno-sheinbaum-niega-tener-listos-sus-testamentos-personal-y-politico\/\" \/>\n<meta property=\"og:locale\" content=\"es_ES\" \/>\n<meta property=\"og:type\" content=\"article\" \/>\n<meta property=\"og:title\" content=\"\u201cAl final, \u00bfqu\u00e9 se lleva uno?\u201d: Sheinbaum niega tener listos sus testamentos personal y pol\u00edtico - NOTICIAS\" \/>\n<meta property=\"og:description\" content=\"La presidenta Claudia Sheinbaum neg\u00f3 este jueves tener preparados sus testamentos personal y pol\u00edtico en el marco del arranque del...\" \/>\n<meta property=\"og:url\" content=\"https:\/\/laredsocial-noticias.com\/wp\/al-final-que-se-lleva-uno-sheinbaum-niega-tener-listos-sus-testamentos-personal-y-politico\/\" \/>\n<meta property=\"og:site_name\" content=\"NOTICIAS\" \/>\n<meta property=\"article:published_time\" content=\"2026-09-03T17:41:29+00:00\" \/>\n<meta property=\"article:modified_time\" content=\"2026-09-03T17:42:12+00:00\" \/>\n<meta name=\"author\" content=\"Editor en Jefe\" \/>\n<meta name=\"twitter:card\" content=\"summary_large_image\" \/>\n<meta name=\"twitter:label1\" content=\"Escrito por\" \/>\n\t<meta name=\"twitter:data1\" content=\"Editor en Jefe\" \/>\n\t<meta name=\"twitter:label2\" content=\"Tiempo de lectura\" \/>\n\t<meta name=\"twitter:data2\" content=\"1 minuto\" \/>\n<!-- \/ Yoast SEO plugin. -->","yoast_head_json":{"title":"\u201cAl final, \u00bfqu\u00e9 se lleva uno?\u201d: Sheinbaum niega tener listos sus testamentos personal y pol\u00edtico - NOTICIAS","robots":{"index":"index","follow":"follow","max-snippet":"max-snippet:-1","max-image-preview":"max-image-preview:large","max-video-preview":"max-video-preview:-1"},"canonical":"https:\/\/laredsocial-noticias.com\/wp\/al-final-que-se-lleva-uno-sheinbaum-niega-tener-listos-sus-testamentos-personal-y-politico\/","og_locale":"es_ES","og_type":"article","og_title":"\u201cAl final, \u00bfqu\u00e9 se lleva uno?\u201d: Sheinbaum niega tener listos sus testamentos personal y pol\u00edtico - NOTICIAS","og_description":"La presidenta Claudia Sheinbaum neg\u00f3 este jueves tener preparados sus testamentos personal y pol\u00edtico en el marco del arranque del...","og_url":"https:\/\/laredsocial-noticias.com\/wp\/al-final-que-se-lleva-uno-sheinbaum-niega-tener-listos-sus-testamentos-personal-y-politico\/","og_site_name":"NOTICIAS","article_published_time":"2026-09-03T17:41:29+00:00","article_modified_time":"2026-09-03T17:42:12+00:00","author":"Editor en Jefe","twitter_card":"summary_large_image","twitter_misc":{"Escrito por":"Editor en Jefe","Tiempo de lectura":"1 minuto"},"schema":{"@context":"https:\/\/schema.org","@graph":[{"@type":"WebPage","@id":"https:\/\/laredsocial-noticias.com\/wp\/al-final-que-se-lleva-uno-sheinbaum-niega-tener-listos-sus-testamentos-personal-y-politico\/","url":"https:\/\/laredsocial-noticias.com\/wp\/al-final-que-se-lleva-uno-sheinbaum-niega-tener-listos-sus-testamentos-personal-y-politico\/","name":"\u201cAl final, \u00bfqu\u00e9 se lleva uno?\u201d: Sheinbaum niega tener listos sus testamentos personal y pol\u00edtico - NOTICIAS","isPartOf":{"@id":"https:\/\/laredsocial-noticias.com\/wp\/#website"},"primaryImageOfPage":{"@id":"https:\/\/laredsocial-noticias.com\/wp\/al-final-que-se-lleva-uno-sheinbaum-niega-tener-listos-sus-testamentos-personal-y-politico\/#primaryimage"},"image":{"@id":"https:\/\/laredsocial-noticias.com\/wp\/al-final-que-se-lleva-uno-sheinbaum-niega-tener-listos-sus-testamentos-personal-y-politico\/#primaryimage"},"thumbnailUrl":"https:\/\/laredsocial-noticias.com\/wp\/wp-content\/uploads\/2026\/09\/f960x540-157642_231717_5050.jpg","datePublished":"2026-09-03T17:41:29+00:00","dateModified":"2026-09-03T17:42:12+00:00","author":{"@id":"https:\/\/laredsocial-noticias.com\/wp\/#\/schema\/person\/0ce78643f2de7aae6f6ef10e8453a6e0"},"breadcrumb":{"@id":"https:\/\/laredsocial-noticias.com\/wp\/al-final-que-se-lleva-uno-sheinbaum-niega-tener-listos-sus-testamentos-personal-y-politico\/#breadcrumb"},"inLanguage":"es","potentialAction":[{"@type":"ReadAction","target":["https:\/\/laredsocial-noticias.com\/wp\/al-final-que-se-lleva-uno-sheinbaum-niega-tener-listos-sus-testamentos-personal-y-politico\/"]}]},{"@type":"ImageObject","inLanguage":"es","@id":"https:\/\/laredsocial-noticias.com\/wp\/al-final-que-se-lleva-uno-sheinbaum-niega-tener-listos-sus-testamentos-personal-y-politico\/#primaryimage","url":"https:\/\/laredsocial-noticias.com\/wp\/wp-content\/uploads\/2026\/09\/f960x540-157642_231717_5050.jpg","contentUrl":"https:\/\/laredsocial-noticias.com\/wp\/wp-content\/uploads\/2026\/09\/f960x540-157642_231717_5050.jpg","width":960,"height":540},{"@type":"BreadcrumbList","@id":"https:\/\/laredsocial-noticias.com\/wp\/al-final-que-se-lleva-uno-sheinbaum-niega-tener-listos-sus-testamentos-personal-y-politico\/#breadcrumb","itemListElement":[{"@type":"ListItem","position":1,"name":"Portada","item":"https:\/\/laredsocial-noticias.com\/wp\/"},{"@type":"ListItem","position":2,"name":"\u201cAl final, \u00bfqu\u00e9 se lleva uno?\u201d: Sheinbaum niega tener listos sus testamentos personal y pol\u00edtico"}]},{"@type":"WebSite","@id":"https:\/\/laredsocial-noticias.com\/wp\/#website","url":"https:\/\/laredsocial-noticias.com\/wp\/","name":"NOTICIAS","description":"Lo que se ve y se dice en las redes sociales","potentialAction":[{"@type":"SearchAction","target":{"@type":"EntryPoint","urlTemplate":"https:\/\/laredsocial-noticias.com\/wp\/?s={search_term_string}"},"query-input":{"@type":"PropertyValueSpecification","valueRequired":true,"valueName":"search_term_string"}}],"inLanguage":"es"},{"@type":"Person","@id":"https:\/\/laredsocial-noticias.com\/wp\/#\/schema\/person\/0ce78643f2de7aae6f6ef10e8453a6e0","name":"Editor en Jefe","url":"https:\/\/laredsocial-noticias.com\/wp\/author\/jorgeochoa\/"}]}},"_links":{"self":[{"href":"https:\/\/laredsocial-noticias.com\/wp\/wp-json\/wp\/v2\/posts\/277129","targetHints":{"allow":["GET"]}}],"collection":[{"href":"https:\/\/laredsocial-noticias.com\/wp\/wp-json\/wp\/v2\/posts"}],"about":[{"href":"https:\/\/laredsocial-noticias.com\/wp\/wp-json\/wp\/v2\/types\/post"}],"author":[{"embeddable":true,"href":"https:\/\/laredsocial-noticias.com\/wp\/wp-json\/wp\/v2\/users\/1"}],"replies":[{"embeddable":true,"href":"https:\/\/laredsocial-noticias.com\/wp\/wp-json\/wp\/v2\/comments?post=277129"}],"version-history":[{"count":1,"href":"https:\/\/laredsocial-noticias.com\/wp\/wp-json\/wp\/v2\/posts\/277129\/revisions"}],"predecessor-version":[{"id":277130,"href":"https:\/\/laredsocial-noticias.com\/wp\/wp-json\/wp\/v2\/posts\/277129\/revisions\/277130"}],"wp:featuredmedia":[{"embeddable":true,"href":"https:\/\/laredsocial-noticias.com\/wp\/wp-json\/wp\/v2\/media\/277131"}],"wp:attachment":[{"href":"https:\/\/laredsocial-noticias.com\/wp\/wp-json\/wp\/v2\/media?parent=277129"}],"wp:term":[{"taxonomy":"category","embeddable":true,"href":"https:\/\/laredsocial-noticias.com\/wp\/wp-json\/wp\/v2\/categories?post=277129"},{"taxonomy":"post_tag","embeddable":true,"href":"https:\/\/laredsocial-noticias.com\/wp\/wp-json\/wp\/v2\/tags?post=277129"}],"curies":[{"name":"wp","href":"https:\/\/api.w.org\/{rel}","templated":true}]}}