{"id":277242,"date":"2026-09-04T14:26:11","date_gmt":"2026-09-04T20:26:11","guid":{"rendered":"https:\/\/laredsocial-noticias.com\/wp\/?p=277242"},"modified":"2026-09-04T14:26:56","modified_gmt":"2026-09-04T20:26:56","slug":"siddhartha-convierte-el-palacio-de-los-deportes-en-un-viaje-entre-la-nostalgia-y-el-presente","status":"publish","type":"post","link":"https:\/\/laredsocial-noticias.com\/wp\/siddhartha-convierte-el-palacio-de-los-deportes-en-un-viaje-entre-la-nostalgia-y-el-presente\/","title":{"rendered":"Siddhartha convierte el Palacio de los Deportes en un viaje entre la nostalgia y el presente"},"content":{"rendered":"<p class=\"PDq2pG_selectionAnchorContainer\" data-start=\"96\" data-end=\"467\"><strong>Aurora Vargas<\/strong><\/p>\n<p class=\"PDq2pG_selectionAnchorContainer\" data-start=\"96\" data-end=\"467\">M\u00e1s de <strong data-start=\"265\" data-end=\"281\">20 mil voces<\/strong> se encontraron anoche en un mismo lugar para cantar, recordar y dejarse llevar por la nostalgia. El Palacio de los Deportes se convirti\u00f3 en un enorme refugio de recuerdos cuando <strong data-start=\"460\" data-end=\"474\">Siddhartha<\/strong> apareci\u00f3 sobre el escenario para abrir la primera de sus dos noches <em data-start=\"543\" data-end=\"553\">sold out<\/em>, en un concierto donde el pasado y el presente se encontraron entre guitarras, luces, fotograf\u00edas y canciones.<\/p>\n<p data-start=\"469\" data-end=\"713\">Desde los primeros acordes de <strong data-start=\"499\" data-end=\"518\">\u201cPara\u00edso Lunar\u201d<\/strong> y <strong data-start=\"521\" data-end=\"532\">\u201cTarde\u201d<\/strong>, el p\u00fablico respondi\u00f3 con palmas, coros y gritos que acompa\u00f1aron al m\u00fasico durante una noche construida alrededor de la memoria, el amor y las canciones que han marcado su carrera.<\/p>\n<p data-start=\"715\" data-end=\"856\">\u201cVenimos a presentar <em data-start=\"736\" data-end=\"753\">Radio Nostalgia<\/em> y espero de coraz\u00f3n que sea una gran noche para todos\u201d, expres\u00f3 Siddhartha al comenzar el espect\u00e1culo.<\/p>\n<p data-start=\"858\" data-end=\"1192\">La velada avanz\u00f3 entre temas recientes y canciones que ya forman parte de la historia de sus seguidores. <strong data-start=\"963\" data-end=\"981\">\u201cT\u00fa y Yo y T\u00fa\u201d<\/strong>, <strong data-start=\"983\" data-end=\"999\">\u201cBusc\u00e1ndote\u201d<\/strong>, <strong data-start=\"1001\" data-end=\"1021\">\u201cNada por Hecho\u201d<\/strong>, <strong data-start=\"1023\" data-end=\"1045\">\u201cEsc\u00e1pate Conmigo\u201d<\/strong>, <strong data-start=\"1047\" data-end=\"1060\">\u201c80 D\u00edas\u201d<\/strong>, <strong data-start=\"1062\" data-end=\"1080\">\u201cD\u00eda Tras D\u00eda\u201d<\/strong>, <strong data-start=\"1082\" data-end=\"1097\">\u201cAlg\u00fan D\u00eda\u201d<\/strong> y <strong data-start=\"1100\" data-end=\"1118\">\u201cSi T\u00fa Te Vas\u201d<\/strong> fueron parte del recorrido que conect\u00f3 distintas \u00e9pocas de su repertorio.<\/p>\n<p data-start=\"1194\" data-end=\"1293\"><strong>Uno de los momentos centrales lleg\u00f3 cuando el cantante habl\u00f3 de la relaci\u00f3n entre m\u00fasica y memoria.<\/strong><\/p>\n<p data-start=\"1295\" data-end=\"1589\">\u201cAlgo que tiene la m\u00fasica es que vive en la memoria. En las letras podemos regresar a un mont\u00f3n de momentos dolorosos y amorosos y, en esta secci\u00f3n, vamos a honrar nuestro pasado de cada uno de nosotros y que seguramente forma de los que se encontraban ah\u00ed\u201d, se\u00f1al\u00f3 antes de interpretar <strong data-start=\"1504\" data-end=\"1518\">\u201cExtra\u00f1os\u201d<\/strong>, <strong data-start=\"1520\" data-end=\"1535\">\u201cLa Verdad\u201d<\/strong>, <strong data-start=\"1537\" data-end=\"1550\">\u201cBacalar\u201d<\/strong>, <strong data-start=\"1552\" data-end=\"1566\">\u201cN\u00e1ufrago\u201d<\/strong> y <strong data-start=\"1569\" data-end=\"1588\">\u201cMe Hace Falta\u201d<\/strong>.<\/p>\n<p data-start=\"1591\" data-end=\"1786\">Precisamente <strong data-start=\"1604\" data-end=\"1623\">\u201cMe Hace Falta\u201d<\/strong> recibi\u00f3 una nueva lectura sobre el escenario, con arreglos de guitarra y bater\u00eda que renovaron la canci\u00f3n sin perder la conexi\u00f3n que el p\u00fablico mantiene con ella. Y fiel a Siddhartha<\/p>\n<p data-start=\"1788\" data-end=\"1980\">El recorrido continu\u00f3 con <strong data-start=\"1814\" data-end=\"1842\">\u201cPedacito de Mi Coraz\u00f3n\u201d<\/strong>, tema que Siddhartha dedic\u00f3 a su hijo Mar, a quien describi\u00f3 como alguien que hizo que su mundo adquiriera \u201cun brillo nuevo y m\u00e1s bello\u201d.<\/p>\n<p data-start=\"1982\" data-end=\"2172\">La parte m\u00e1s cercana al presente lleg\u00f3 con las canciones de <em data-start=\"2042\" data-end=\"2059\">Radio Nostalgia<\/em>. El m\u00fasico explic\u00f3 que algunas de ellas ser\u00edan interpretadas por primera vez en vivo frente a sus seguidores que se dieron cita el d\u00eda de ayer en el domo de cobre.<\/p>\n<p data-start=\"2174\" data-end=\"2389\">\u201cEs la primera vez que se tocan y esperamos que las reciban con mucho amor. No puedo explicar lo que me hacen sentir, pero s\u00e9 que es gracias a ustedes\u201d, comparti\u00f3 antes de dar paso a <strong data-start=\"2357\" data-end=\"2375\">\u201cT\u00fa y Yo y T\u00fa\u201d<\/strong> y <strong data-start=\"2378\" data-end=\"2388\">\u201cQEMC\u201d<\/strong>.<\/p>\n<p data-start=\"2391\" data-end=\"2678\">La nueva etapa del cantante permiti\u00f3 recuperar canciones conocidas bajo otros arreglos. <strong data-start=\"2490\" data-end=\"2510\">\u201cA la Distancia\u201d<\/strong>, por ejemplo, incorpor\u00f3 piano, caja r\u00edtmica y guitarra ac\u00fastica, mientras que otros momentos del repertorio llevaron al p\u00fablico de la contemplaci\u00f3n al canto colectivo.<\/p>\n<h2 data-start=\"2722\" data-end=\"2759\">Una noche para volver a la memoria<\/h2>\n<p data-start=\"2761\" data-end=\"3199\">El setlist avanz\u00f3 as\u00ed como un \u00e1lbum de recuerdos: <strong data-start=\"2811\" data-end=\"2839\">\u201cPedacito de Mi Coraz\u00f3n\u201d<\/strong>, <strong data-start=\"2841\" data-end=\"2866\">\u201cUna Noche Tranquila\u201d<\/strong>, <strong data-start=\"2868\" data-end=\"2878\">\u201cIm\u00e1n\u201d<\/strong>, <strong data-start=\"2880\" data-end=\"2900\">\u201cNo Tengo Miedo\u201d<\/strong>, <strong data-start=\"2902\" data-end=\"2922\">\u201cA la Distancia\u201d<\/strong>, <strong data-start=\"2924\" data-end=\"2938\">\u201cAbr\u00e1zame\u201d<\/strong>, <strong data-start=\"2940\" data-end=\"2955\">\u201cDiamantes\u201d<\/strong>, <strong data-start=\"2957\" data-end=\"2971\">\u201cPel\u00edcula\u201d<\/strong>, <strong data-start=\"2973\" data-end=\"2986\">\u201cRespiro\u201d<\/strong>, <strong data-start=\"2988\" data-end=\"2998\">\u201cQEMC\u201d<\/strong>, <strong data-start=\"3000\" data-end=\"3015\">\u201cSer Parte\u201d<\/strong>, <strong data-start=\"3017\" data-end=\"3029\">\u201c\u00danicos\u201d<\/strong> y <strong data-start=\"3032\" data-end=\"3043\">\u201c00:00\u201d<\/strong> formaron parte de una selecci\u00f3n que permiti\u00f3 al p\u00fablico cantar tanto las canciones m\u00e1s recientes como aquellas que ya tienen un lugar propio en su memoria.<\/p>\n<p data-start=\"3201\" data-end=\"3443\">Para cerrar la noche, Siddhartha reserv\u00f3 <strong data-start=\"3242\" data-end=\"3254\">\u201cCloser\u201d<\/strong>, <strong data-start=\"3256\" data-end=\"3269\">\u201cBr\u00fajula\u201d<\/strong> y otros de los temas que han acompa\u00f1ado su trayectoria, dejando al Palacio de los Deportes convertido en un espacio donde pasado y presente convivieron durante varias horas.<\/p>\n<p data-start=\"3445\" data-end=\"3719\">La primera fecha termin\u00f3, pero la historia contin\u00faa. <strong data-start=\"3498\" data-end=\"3576\">Siddhartha volver\u00e1 este viernese al Palacio de los Deportes<\/strong>, en la segunda presentaci\u00f3n de este encuentro con sus seguidores capitalinos, antes de continuar con su recorrido por otras ciudades del pa\u00eds.<\/p>\n<p data-start=\"3721\" data-end=\"3921\"><strong data-start=\"3721\" data-end=\"3921\">Con <em data-start=\"3727\" data-end=\"3744\">Radio Nostalgia<\/em>, Siddhartha no s\u00f3lo present\u00f3 canciones nuevas: construy\u00f3 una noche para recordar las viejas, reinterpretarlas y descubrir otras que apenas comienzan a convertirse en memoria.<\/strong><\/p>\n","protected":false},"excerpt":{"rendered":"<p>Aurora Vargas M\u00e1s de 20 mil voces se encontraron anoche en un mismo lugar para cantar, recordar y dejarse llevar&#8230;<\/p>\n","protected":false},"author":1,"featured_media":277244,"comment_status":"open","ping_status":"closed","sticky":false,"template":"","format":"standard","meta":{"footnotes":""},"categories":[10720,2778,10827],"tags":[15656,15797,12940,16009,15983,16010],"class_list":["post-277242","post","type-post","status-publish","format-standard","has-post-thumbnail","hentry","category-entretenimiento","category-espectaculos","category-espectaculos-y-cultura","tag-musica-mexicana","tag-ocesa","tag-palacio-de-los-deportes","tag-radio-nostalgia","tag-siddhartha","tag-tu-y-yo-y-tu"],"yoast_head":"<!-- This site is optimized with the Yoast SEO plugin v26.5 - https:\/\/yoast.com\/wordpress\/plugins\/seo\/ -->\n<title>Siddhartha convierte el Palacio de los Deportes en un viaje entre la nostalgia y el presente - NOTICIAS<\/title>\n<meta name=\"robots\" content=\"index, follow, max-snippet:-1, max-image-preview:large, max-video-preview:-1\" \/>\n<link rel=\"canonical\" href=\"https:\/\/laredsocial-noticias.com\/wp\/siddhartha-convierte-el-palacio-de-los-deportes-en-un-viaje-entre-la-nostalgia-y-el-presente\/\" \/>\n<meta property=\"og:locale\" content=\"es_ES\" \/>\n<meta property=\"og:type\" content=\"article\" \/>\n<meta property=\"og:title\" content=\"Siddhartha convierte el Palacio de los Deportes en un viaje entre la nostalgia y el presente - NOTICIAS\" \/>\n<meta property=\"og:description\" content=\"Aurora Vargas M\u00e1s de 20 mil voces se encontraron anoche en un mismo lugar para cantar, recordar y dejarse llevar...\" \/>\n<meta property=\"og:url\" content=\"https:\/\/laredsocial-noticias.com\/wp\/siddhartha-convierte-el-palacio-de-los-deportes-en-un-viaje-entre-la-nostalgia-y-el-presente\/\" \/>\n<meta property=\"og:site_name\" content=\"NOTICIAS\" \/>\n<meta property=\"article:published_time\" content=\"2026-09-04T20:26:11+00:00\" \/>\n<meta property=\"article:modified_time\" content=\"2026-09-04T20:26:56+00:00\" \/>\n<meta name=\"author\" content=\"Editor en Jefe\" \/>\n<meta name=\"twitter:card\" content=\"summary_large_image\" \/>\n<meta name=\"twitter:label1\" content=\"Escrito por\" \/>\n\t<meta name=\"twitter:data1\" content=\"Editor en Jefe\" \/>\n\t<meta name=\"twitter:label2\" content=\"Tiempo de lectura\" \/>\n\t<meta name=\"twitter:data2\" content=\"3 minutos\" \/>\n<!-- \/ Yoast SEO plugin. -->","yoast_head_json":{"title":"Siddhartha convierte el Palacio de los Deportes en un viaje entre la nostalgia y el presente - NOTICIAS","robots":{"index":"index","follow":"follow","max-snippet":"max-snippet:-1","max-image-preview":"max-image-preview:large","max-video-preview":"max-video-preview:-1"},"canonical":"https:\/\/laredsocial-noticias.com\/wp\/siddhartha-convierte-el-palacio-de-los-deportes-en-un-viaje-entre-la-nostalgia-y-el-presente\/","og_locale":"es_ES","og_type":"article","og_title":"Siddhartha convierte el Palacio de los Deportes en un viaje entre la nostalgia y el presente - NOTICIAS","og_description":"Aurora Vargas M\u00e1s de 20 mil voces se encontraron anoche en un mismo lugar para cantar, recordar y dejarse llevar...","og_url":"https:\/\/laredsocial-noticias.com\/wp\/siddhartha-convierte-el-palacio-de-los-deportes-en-un-viaje-entre-la-nostalgia-y-el-presente\/","og_site_name":"NOTICIAS","article_published_time":"2026-09-04T20:26:11+00:00","article_modified_time":"2026-09-04T20:26:56+00:00","author":"Editor en Jefe","twitter_card":"summary_large_image","twitter_misc":{"Escrito por":"Editor en Jefe","Tiempo de lectura":"3 minutos"},"schema":{"@context":"https:\/\/schema.org","@graph":[{"@type":"WebPage","@id":"https:\/\/laredsocial-noticias.com\/wp\/siddhartha-convierte-el-palacio-de-los-deportes-en-un-viaje-entre-la-nostalgia-y-el-presente\/","url":"https:\/\/laredsocial-noticias.com\/wp\/siddhartha-convierte-el-palacio-de-los-deportes-en-un-viaje-entre-la-nostalgia-y-el-presente\/","name":"Siddhartha convierte el Palacio de los Deportes en un viaje entre la nostalgia y el presente - NOTICIAS","isPartOf":{"@id":"https:\/\/laredsocial-noticias.com\/wp\/#website"},"primaryImageOfPage":{"@id":"https:\/\/laredsocial-noticias.com\/wp\/siddhartha-convierte-el-palacio-de-los-deportes-en-un-viaje-entre-la-nostalgia-y-el-presente\/#primaryimage"},"image":{"@id":"https:\/\/laredsocial-noticias.com\/wp\/siddhartha-convierte-el-palacio-de-los-deportes-en-un-viaje-entre-la-nostalgia-y-el-presente\/#primaryimage"},"thumbnailUrl":"https:\/\/laredsocial-noticias.com\/wp\/wp-content\/uploads\/2026\/09\/photo_2026-09-04_14-25-00.jpg","datePublished":"2026-09-04T20:26:11+00:00","dateModified":"2026-09-04T20:26:56+00:00","author":{"@id":"https:\/\/laredsocial-noticias.com\/wp\/#\/schema\/person\/0ce78643f2de7aae6f6ef10e8453a6e0"},"breadcrumb":{"@id":"https:\/\/laredsocial-noticias.com\/wp\/siddhartha-convierte-el-palacio-de-los-deportes-en-un-viaje-entre-la-nostalgia-y-el-presente\/#breadcrumb"},"inLanguage":"es","potentialAction":[{"@type":"ReadAction","target":["https:\/\/laredsocial-noticias.com\/wp\/siddhartha-convierte-el-palacio-de-los-deportes-en-un-viaje-entre-la-nostalgia-y-el-presente\/"]}]},{"@type":"ImageObject","inLanguage":"es","@id":"https:\/\/laredsocial-noticias.com\/wp\/siddhartha-convierte-el-palacio-de-los-deportes-en-un-viaje-entre-la-nostalgia-y-el-presente\/#primaryimage","url":"https:\/\/laredsocial-noticias.com\/wp\/wp-content\/uploads\/2026\/09\/photo_2026-09-04_14-25-00.jpg","contentUrl":"https:\/\/laredsocial-noticias.com\/wp\/wp-content\/uploads\/2026\/09\/photo_2026-09-04_14-25-00.jpg","width":936,"height":620},{"@type":"BreadcrumbList","@id":"https:\/\/laredsocial-noticias.com\/wp\/siddhartha-convierte-el-palacio-de-los-deportes-en-un-viaje-entre-la-nostalgia-y-el-presente\/#breadcrumb","itemListElement":[{"@type":"ListItem","position":1,"name":"Portada","item":"https:\/\/laredsocial-noticias.com\/wp\/"},{"@type":"ListItem","position":2,"name":"Siddhartha convierte el Palacio de los Deportes en un viaje entre la nostalgia y el presente"}]},{"@type":"WebSite","@id":"https:\/\/laredsocial-noticias.com\/wp\/#website","url":"https:\/\/laredsocial-noticias.com\/wp\/","name":"NOTICIAS","description":"Lo que se ve y se dice en las redes sociales","potentialAction":[{"@type":"SearchAction","target":{"@type":"EntryPoint","urlTemplate":"https:\/\/laredsocial-noticias.com\/wp\/?s={search_term_string}"},"query-input":{"@type":"PropertyValueSpecification","valueRequired":true,"valueName":"search_term_string"}}],"inLanguage":"es"},{"@type":"Person","@id":"https:\/\/laredsocial-noticias.com\/wp\/#\/schema\/person\/0ce78643f2de7aae6f6ef10e8453a6e0","name":"Editor en Jefe","url":"https:\/\/laredsocial-noticias.com\/wp\/author\/jorgeochoa\/"}]}},"_links":{"self":[{"href":"https:\/\/laredsocial-noticias.com\/wp\/wp-json\/wp\/v2\/posts\/277242","targetHints":{"allow":["GET"]}}],"collection":[{"href":"https:\/\/laredsocial-noticias.com\/wp\/wp-json\/wp\/v2\/posts"}],"about":[{"href":"https:\/\/laredsocial-noticias.com\/wp\/wp-json\/wp\/v2\/types\/post"}],"author":[{"embeddable":true,"href":"https:\/\/laredsocial-noticias.com\/wp\/wp-json\/wp\/v2\/users\/1"}],"replies":[{"embeddable":true,"href":"https:\/\/laredsocial-noticias.com\/wp\/wp-json\/wp\/v2\/comments?post=277242"}],"version-history":[{"count":1,"href":"https:\/\/laredsocial-noticias.com\/wp\/wp-json\/wp\/v2\/posts\/277242\/revisions"}],"predecessor-version":[{"id":277243,"href":"https:\/\/laredsocial-noticias.com\/wp\/wp-json\/wp\/v2\/posts\/277242\/revisions\/277243"}],"wp:featuredmedia":[{"embeddable":true,"href":"https:\/\/laredsocial-noticias.com\/wp\/wp-json\/wp\/v2\/media\/277244"}],"wp:attachment":[{"href":"https:\/\/laredsocial-noticias.com\/wp\/wp-json\/wp\/v2\/media?parent=277242"}],"wp:term":[{"taxonomy":"category","embeddable":true,"href":"https:\/\/laredsocial-noticias.com\/wp\/wp-json\/wp\/v2\/categories?post=277242"},{"taxonomy":"post_tag","embeddable":true,"href":"https:\/\/laredsocial-noticias.com\/wp\/wp-json\/wp\/v2\/tags?post=277242"}],"curies":[{"name":"wp","href":"https:\/\/api.w.org\/{rel}","templated":true}]}}