{"id":277321,"date":"2026-09-06T11:51:52","date_gmt":"2026-09-06T17:51:52","guid":{"rendered":"https:\/\/laredsocial-noticias.com\/wp\/?p=277321"},"modified":"2026-09-06T11:52:57","modified_gmt":"2026-09-06T17:52:57","slug":"papa-leon-xiv-pide-el-fin-de-la-violencia-en-ucrania-y-mas-espacio-para-la-diplomacia","status":"publish","type":"post","link":"https:\/\/laredsocial-noticias.com\/wp\/papa-leon-xiv-pide-el-fin-de-la-violencia-en-ucrania-y-mas-espacio-para-la-diplomacia\/","title":{"rendered":"Papa Le\u00f3n XIV pide el fin de la violencia en Ucrania y m\u00e1s espacio para la diplomacia"},"content":{"rendered":"<p>El papa Le\u00f3n XIV expres\u00f3 su preocupaci\u00f3n por los recientes ataques en varias ciudades de Ucrania, pidi\u00f3 dar una oportunidad al di\u00e1logo y se uni\u00f3 al sufrimiento de \u201cuna poblaci\u00f3n que desde hace a\u00f1os vive en la angustia y el miedo\u201d.<\/p>\n<p>\u201cCon \u00e1nimo dolorido he seguido las noticias de los violentos ataques que han afectado recientemente a varias ciudades e infraestructuras civiles en Ucrania, provocando la muerte de personas inocentes\u201d, afirm\u00f3 el pont\u00edfice tras el rezo dominical del \u00c1ngelus en la plaza de San Pedro.<\/p>\n<p>Le\u00f3n XIV hizo un nuevo llamamiento a \u201cponer fin a la violencia\u201c, \u201cdetener la destrucci\u00f3n\u201d y abrir los corazones \u201cal di\u00e1logo y a la paz\u201c.<\/p>\n<p>El papa expres\u00f3 tambi\u00e9n su deseo de que los esfuerzos emprendidos en los \u00faltimos d\u00edas para reanudar las negociaciones den \u201cfrutos concretos\u201d.<\/p>\n<p>\u201cEspero que los esfuerzos emprendidos en estos d\u00edas para reanudar las negociaciones abran espacio a la diplomacia\u201d, concluy\u00f3.<\/p>\n<p>Las palabras del pont\u00edfice se producen en un momento de nueva escalada de la guerra, marcada por la intensificaci\u00f3n de los ataques rusos contra zonas urbanas e infraestructuras y por un elevado n\u00famero de v\u00edctimas civiles.<\/p>\n<p>En los \u00faltimos d\u00edas se produjeron adem\u00e1s contactos diplom\u00e1ticos con la visita de emisarios de Estados Unidos a Mosc\u00fa y Kiev, en un intento de rebajar temporalmente la tensi\u00f3n.<\/p>\n<p>Entre las propuestas planteadas figur\u00f3 una posible pausa limitada de los ataques a\u00e9reos sobre las capitales, mientras los combates y los bombardeos continuaron.<\/p>\n","protected":false},"excerpt":{"rendered":"<p>El papa Le\u00f3n XIV expres\u00f3 su preocupaci\u00f3n por los recientes ataques en varias ciudades de Ucrania, pidi\u00f3 dar una oportunidad&#8230;<\/p>\n","protected":false},"author":1,"featured_media":277323,"comment_status":"open","ping_status":"closed","sticky":false,"template":"","format":"standard","meta":{"footnotes":""},"categories":[101,102,6026,73,11297],"tags":[],"class_list":["post-277321","post","type-post","status-publish","format-standard","has-post-thumbnail","hentry","category-internacional","category-internacionales","category-portada","category-principal","category-principales"],"yoast_head":"<!-- This site is optimized with the Yoast SEO plugin v26.5 - https:\/\/yoast.com\/wordpress\/plugins\/seo\/ -->\n<title>Papa Le\u00f3n XIV pide el fin de la violencia en Ucrania y m\u00e1s espacio para la diplomacia - NOTICIAS<\/title>\n<meta name=\"robots\" content=\"index, follow, max-snippet:-1, max-image-preview:large, max-video-preview:-1\" \/>\n<link rel=\"canonical\" href=\"https:\/\/laredsocial-noticias.com\/wp\/papa-leon-xiv-pide-el-fin-de-la-violencia-en-ucrania-y-mas-espacio-para-la-diplomacia\/\" \/>\n<meta property=\"og:locale\" content=\"es_ES\" \/>\n<meta property=\"og:type\" content=\"article\" \/>\n<meta property=\"og:title\" content=\"Papa Le\u00f3n XIV pide el fin de la violencia en Ucrania y m\u00e1s espacio para la diplomacia - NOTICIAS\" \/>\n<meta property=\"og:description\" content=\"El papa Le\u00f3n XIV expres\u00f3 su preocupaci\u00f3n por los recientes ataques en varias ciudades de Ucrania, pidi\u00f3 dar una oportunidad...\" \/>\n<meta property=\"og:url\" content=\"https:\/\/laredsocial-noticias.com\/wp\/papa-leon-xiv-pide-el-fin-de-la-violencia-en-ucrania-y-mas-espacio-para-la-diplomacia\/\" \/>\n<meta property=\"og:site_name\" content=\"NOTICIAS\" \/>\n<meta property=\"article:published_time\" content=\"2026-09-06T17:51:52+00:00\" \/>\n<meta property=\"article:modified_time\" content=\"2026-09-06T17:52:57+00:00\" \/>\n<meta name=\"author\" content=\"Editor en Jefe\" \/>\n<meta name=\"twitter:card\" content=\"summary_large_image\" \/>\n<meta name=\"twitter:label1\" content=\"Escrito por\" \/>\n\t<meta name=\"twitter:data1\" content=\"Editor en Jefe\" \/>\n\t<meta name=\"twitter:label2\" content=\"Tiempo de lectura\" \/>\n\t<meta name=\"twitter:data2\" content=\"1 minuto\" \/>\n<!-- \/ Yoast SEO plugin. -->","yoast_head_json":{"title":"Papa Le\u00f3n XIV pide el fin de la violencia en Ucrania y m\u00e1s espacio para la diplomacia - NOTICIAS","robots":{"index":"index","follow":"follow","max-snippet":"max-snippet:-1","max-image-preview":"max-image-preview:large","max-video-preview":"max-video-preview:-1"},"canonical":"https:\/\/laredsocial-noticias.com\/wp\/papa-leon-xiv-pide-el-fin-de-la-violencia-en-ucrania-y-mas-espacio-para-la-diplomacia\/","og_locale":"es_ES","og_type":"article","og_title":"Papa Le\u00f3n XIV pide el fin de la violencia en Ucrania y m\u00e1s espacio para la diplomacia - NOTICIAS","og_description":"El papa Le\u00f3n XIV expres\u00f3 su preocupaci\u00f3n por los recientes ataques en varias ciudades de Ucrania, pidi\u00f3 dar una oportunidad...","og_url":"https:\/\/laredsocial-noticias.com\/wp\/papa-leon-xiv-pide-el-fin-de-la-violencia-en-ucrania-y-mas-espacio-para-la-diplomacia\/","og_site_name":"NOTICIAS","article_published_time":"2026-09-06T17:51:52+00:00","article_modified_time":"2026-09-06T17:52:57+00:00","author":"Editor en Jefe","twitter_card":"summary_large_image","twitter_misc":{"Escrito por":"Editor en Jefe","Tiempo de lectura":"1 minuto"},"schema":{"@context":"https:\/\/schema.org","@graph":[{"@type":"WebPage","@id":"https:\/\/laredsocial-noticias.com\/wp\/papa-leon-xiv-pide-el-fin-de-la-violencia-en-ucrania-y-mas-espacio-para-la-diplomacia\/","url":"https:\/\/laredsocial-noticias.com\/wp\/papa-leon-xiv-pide-el-fin-de-la-violencia-en-ucrania-y-mas-espacio-para-la-diplomacia\/","name":"Papa Le\u00f3n XIV pide el fin de la violencia en Ucrania y m\u00e1s espacio para la diplomacia - NOTICIAS","isPartOf":{"@id":"https:\/\/laredsocial-noticias.com\/wp\/#website"},"primaryImageOfPage":{"@id":"https:\/\/laredsocial-noticias.com\/wp\/papa-leon-xiv-pide-el-fin-de-la-violencia-en-ucrania-y-mas-espacio-para-la-diplomacia\/#primaryimage"},"image":{"@id":"https:\/\/laredsocial-noticias.com\/wp\/papa-leon-xiv-pide-el-fin-de-la-violencia-en-ucrania-y-mas-espacio-para-la-diplomacia\/#primaryimage"},"thumbnailUrl":"https:\/\/laredsocial-noticias.com\/wp\/wp-content\/uploads\/2025\/08\/papa-leon-xiv-3.jpg","datePublished":"2026-09-06T17:51:52+00:00","dateModified":"2026-09-06T17:52:57+00:00","author":{"@id":"https:\/\/laredsocial-noticias.com\/wp\/#\/schema\/person\/0ce78643f2de7aae6f6ef10e8453a6e0"},"breadcrumb":{"@id":"https:\/\/laredsocial-noticias.com\/wp\/papa-leon-xiv-pide-el-fin-de-la-violencia-en-ucrania-y-mas-espacio-para-la-diplomacia\/#breadcrumb"},"inLanguage":"es","potentialAction":[{"@type":"ReadAction","target":["https:\/\/laredsocial-noticias.com\/wp\/papa-leon-xiv-pide-el-fin-de-la-violencia-en-ucrania-y-mas-espacio-para-la-diplomacia\/"]}]},{"@type":"ImageObject","inLanguage":"es","@id":"https:\/\/laredsocial-noticias.com\/wp\/papa-leon-xiv-pide-el-fin-de-la-violencia-en-ucrania-y-mas-espacio-para-la-diplomacia\/#primaryimage","url":"https:\/\/laredsocial-noticias.com\/wp\/wp-content\/uploads\/2025\/08\/papa-leon-xiv-3.jpg","contentUrl":"https:\/\/laredsocial-noticias.com\/wp\/wp-content\/uploads\/2025\/08\/papa-leon-xiv-3.jpg","width":1200,"height":740},{"@type":"BreadcrumbList","@id":"https:\/\/laredsocial-noticias.com\/wp\/papa-leon-xiv-pide-el-fin-de-la-violencia-en-ucrania-y-mas-espacio-para-la-diplomacia\/#breadcrumb","itemListElement":[{"@type":"ListItem","position":1,"name":"Portada","item":"https:\/\/laredsocial-noticias.com\/wp\/"},{"@type":"ListItem","position":2,"name":"Papa Le\u00f3n XIV pide el fin de la violencia en Ucrania y m\u00e1s espacio para la diplomacia"}]},{"@type":"WebSite","@id":"https:\/\/laredsocial-noticias.com\/wp\/#website","url":"https:\/\/laredsocial-noticias.com\/wp\/","name":"NOTICIAS","description":"Lo que se ve y se dice en las redes sociales","potentialAction":[{"@type":"SearchAction","target":{"@type":"EntryPoint","urlTemplate":"https:\/\/laredsocial-noticias.com\/wp\/?s={search_term_string}"},"query-input":{"@type":"PropertyValueSpecification","valueRequired":true,"valueName":"search_term_string"}}],"inLanguage":"es"},{"@type":"Person","@id":"https:\/\/laredsocial-noticias.com\/wp\/#\/schema\/person\/0ce78643f2de7aae6f6ef10e8453a6e0","name":"Editor en Jefe","url":"https:\/\/laredsocial-noticias.com\/wp\/author\/jorgeochoa\/"}]}},"_links":{"self":[{"href":"https:\/\/laredsocial-noticias.com\/wp\/wp-json\/wp\/v2\/posts\/277321","targetHints":{"allow":["GET"]}}],"collection":[{"href":"https:\/\/laredsocial-noticias.com\/wp\/wp-json\/wp\/v2\/posts"}],"about":[{"href":"https:\/\/laredsocial-noticias.com\/wp\/wp-json\/wp\/v2\/types\/post"}],"author":[{"embeddable":true,"href":"https:\/\/laredsocial-noticias.com\/wp\/wp-json\/wp\/v2\/users\/1"}],"replies":[{"embeddable":true,"href":"https:\/\/laredsocial-noticias.com\/wp\/wp-json\/wp\/v2\/comments?post=277321"}],"version-history":[{"count":1,"href":"https:\/\/laredsocial-noticias.com\/wp\/wp-json\/wp\/v2\/posts\/277321\/revisions"}],"predecessor-version":[{"id":277322,"href":"https:\/\/laredsocial-noticias.com\/wp\/wp-json\/wp\/v2\/posts\/277321\/revisions\/277322"}],"wp:featuredmedia":[{"embeddable":true,"href":"https:\/\/laredsocial-noticias.com\/wp\/wp-json\/wp\/v2\/media\/277323"}],"wp:attachment":[{"href":"https:\/\/laredsocial-noticias.com\/wp\/wp-json\/wp\/v2\/media?parent=277321"}],"wp:term":[{"taxonomy":"category","embeddable":true,"href":"https:\/\/laredsocial-noticias.com\/wp\/wp-json\/wp\/v2\/categories?post=277321"},{"taxonomy":"post_tag","embeddable":true,"href":"https:\/\/laredsocial-noticias.com\/wp\/wp-json\/wp\/v2\/tags?post=277321"}],"curies":[{"name":"wp","href":"https:\/\/api.w.org\/{rel}","templated":true}]}}