{"id":2793,"date":"2015-12-07T17:40:59","date_gmt":"2015-12-07T17:40:59","guid":{"rendered":"http:\/\/laredsocial-noticias.com\/wp\/?p=2793"},"modified":"2015-12-07T17:40:59","modified_gmt":"2015-12-07T17:40:59","slug":"nuevo-aeropuerto-esperanzas-y-luces","status":"publish","type":"post","link":"https:\/\/laredsocial-noticias.com\/wp\/nuevo-aeropuerto-esperanzas-y-luces\/","title":{"rendered":"NUEVO AEROPUERTO, ESPERANZAS Y LUCES"},"content":{"rendered":"<p><a href=\"http:\/\/laredsocial-noticias.com\/wp\/wp-content\/uploads\/2015\/12\/NAICM.png\"><img loading=\"lazy\" decoding=\"async\" class=\"alignright  wp-image-2794\" src=\"http:\/\/laredsocial-noticias.com\/wp\/wp-content\/uploads\/2015\/12\/NAICM.png\" alt=\"NAICM\" width=\"500\" height=\"266\" data-wp-pid=\"2794\" \/><br \/>\n<\/a><\/p>\n<p><strong>SIC MEDIA.- <\/strong>El desarrollo y construcci\u00f3n de las vialidades que alimentar\u00e1n al Nuevo Aeropuerto Internacional de la Ciudad de M\u00e9xico requerir\u00e1 de inversiones por m\u00e1s de 35 mil 500 millones de pesos, inform\u00f3 en entrevista con Exc\u00e9lsior Ra\u00fal Murrieta Cumming, subsecretario de Infraestructura de la Secretar\u00eda de Comunicaciones y Transportes.<\/p>\n<p><strong>INSTALAR\u00c1N CENTRO DE CAPACITACI\u00d3N EN EL NAICM<\/strong><\/p>\n<p>A partir del pr\u00f3ximo a\u00f1o, Aeropuertos y Servicios Auxiliares (ASA) iniciar\u00e1 con la formaci\u00f3n, instrucci\u00f3n y capacitaci\u00f3n de profesionales que operar\u00e1n en el Nuevo Aeropuerto internacional de la Ciudad de M\u00e9xico (NAICM).<\/p>\n<p>A trav\u00e9s de su Centro Internacional de Instrucci\u00f3n (CIIASA), busca elevar la seguridad y la preparaci\u00f3n del personal aeron\u00e1utico, para fortalecer y promover mejores pr\u00e1cticas en materia de seguridad (Security y Safety) en M\u00e9xico y a nivel internacional.<\/p>\n<p><strong>IMPLEMENTAN COMIT\u00c9 AMBIENTAL EN NAICM<\/strong><\/p>\n<p>El Grupo Aeroportuario de la Ciudad de M\u00e9xico (GACM) inform\u00f3 la instalaci\u00f3n del Comit\u00e9 de Vigilancia Ambiental (CVA) para el proyecto del Nuevo Aeropuerto Internacional de la Ciudad de M\u00e9xico (NAICM). Para garantizar el cumplimiento de las recomendaciones hechas por la Secretar\u00eda de Medio Ambiente y Recursos Naturales (Semarnat), Dentro de los objetivos a cumplir, se buscar\u00e1 dar seguimiento al Plan de Restauraci\u00f3n Ambiental y atender los Principios del Ecuador, mismo que son referencia del sector financiero internacional para determinar, evaluar y gestionar los riesgos ambientales y sociales de los proyectos.<\/p>\n","protected":false},"excerpt":{"rendered":"<p>SIC MEDIA.- El desarrollo y construcci\u00f3n de las vialidades que alimentar\u00e1n al Nuevo Aeropuerto Internacional de la Ciudad de M\u00e9xico&#8230;<\/p>\n","protected":false},"author":1,"featured_media":0,"comment_status":"open","ping_status":"open","sticky":false,"template":"","format":"gallery","meta":{"footnotes":""},"categories":[1],"tags":[],"class_list":["post-2793","post","type-post","status-publish","format-gallery","hentry","category-uncategorized","post_format-post-format-gallery"],"yoast_head":"<!-- This site is optimized with the Yoast SEO plugin v26.5 - https:\/\/yoast.com\/wordpress\/plugins\/seo\/ -->\n<title>NUEVO AEROPUERTO, ESPERANZAS Y LUCES - NOTICIAS<\/title>\n<meta name=\"robots\" content=\"index, follow, max-snippet:-1, max-image-preview:large, max-video-preview:-1\" \/>\n<link rel=\"canonical\" href=\"https:\/\/laredsocial-noticias.com\/wp\/nuevo-aeropuerto-esperanzas-y-luces\/\" \/>\n<meta property=\"og:locale\" content=\"es_ES\" \/>\n<meta property=\"og:type\" content=\"article\" \/>\n<meta property=\"og:title\" content=\"NUEVO AEROPUERTO, ESPERANZAS Y LUCES - NOTICIAS\" \/>\n<meta property=\"og:description\" content=\"SIC MEDIA.- El desarrollo y construcci\u00f3n de las vialidades que alimentar\u00e1n al Nuevo Aeropuerto Internacional de la Ciudad de M\u00e9xico...\" \/>\n<meta property=\"og:url\" content=\"https:\/\/laredsocial-noticias.com\/wp\/nuevo-aeropuerto-esperanzas-y-luces\/\" \/>\n<meta property=\"og:site_name\" content=\"NOTICIAS\" \/>\n<meta property=\"article:published_time\" content=\"2015-12-07T17:40:59+00:00\" \/>\n<meta property=\"og:image\" content=\"http:\/\/laredsocial-noticias.com\/wp\/wp-content\/uploads\/2015\/12\/NAICM.png\" \/>\n<meta name=\"author\" content=\"Editor en Jefe\" \/>\n<meta name=\"twitter:card\" content=\"summary_large_image\" \/>\n<meta name=\"twitter:label1\" content=\"Escrito por\" \/>\n\t<meta name=\"twitter:data1\" content=\"Editor en Jefe\" \/>\n\t<meta name=\"twitter:label2\" content=\"Tiempo de lectura\" \/>\n\t<meta name=\"twitter:data2\" content=\"1 minuto\" \/>\n<!-- \/ Yoast SEO plugin. -->","yoast_head_json":{"title":"NUEVO AEROPUERTO, ESPERANZAS Y LUCES - NOTICIAS","robots":{"index":"index","follow":"follow","max-snippet":"max-snippet:-1","max-image-preview":"max-image-preview:large","max-video-preview":"max-video-preview:-1"},"canonical":"https:\/\/laredsocial-noticias.com\/wp\/nuevo-aeropuerto-esperanzas-y-luces\/","og_locale":"es_ES","og_type":"article","og_title":"NUEVO AEROPUERTO, ESPERANZAS Y LUCES - NOTICIAS","og_description":"SIC MEDIA.- El desarrollo y construcci\u00f3n de las vialidades que alimentar\u00e1n al Nuevo Aeropuerto Internacional de la Ciudad de M\u00e9xico...","og_url":"https:\/\/laredsocial-noticias.com\/wp\/nuevo-aeropuerto-esperanzas-y-luces\/","og_site_name":"NOTICIAS","article_published_time":"2015-12-07T17:40:59+00:00","og_image":[{"url":"http:\/\/laredsocial-noticias.com\/wp\/wp-content\/uploads\/2015\/12\/NAICM.png","type":"","width":"","height":""}],"author":"Editor en Jefe","twitter_card":"summary_large_image","twitter_misc":{"Escrito por":"Editor en Jefe","Tiempo de lectura":"1 minuto"},"schema":{"@context":"https:\/\/schema.org","@graph":[{"@type":"WebPage","@id":"https:\/\/laredsocial-noticias.com\/wp\/nuevo-aeropuerto-esperanzas-y-luces\/","url":"https:\/\/laredsocial-noticias.com\/wp\/nuevo-aeropuerto-esperanzas-y-luces\/","name":"NUEVO AEROPUERTO, ESPERANZAS Y LUCES - NOTICIAS","isPartOf":{"@id":"https:\/\/laredsocial-noticias.com\/wp\/#website"},"primaryImageOfPage":{"@id":"https:\/\/laredsocial-noticias.com\/wp\/nuevo-aeropuerto-esperanzas-y-luces\/#primaryimage"},"image":{"@id":"https:\/\/laredsocial-noticias.com\/wp\/nuevo-aeropuerto-esperanzas-y-luces\/#primaryimage"},"thumbnailUrl":"http:\/\/laredsocial-noticias.com\/wp\/wp-content\/uploads\/2015\/12\/NAICM.png","datePublished":"2015-12-07T17:40:59+00:00","author":{"@id":"https:\/\/laredsocial-noticias.com\/wp\/#\/schema\/person\/0ce78643f2de7aae6f6ef10e8453a6e0"},"breadcrumb":{"@id":"https:\/\/laredsocial-noticias.com\/wp\/nuevo-aeropuerto-esperanzas-y-luces\/#breadcrumb"},"inLanguage":"es","potentialAction":[{"@type":"ReadAction","target":["https:\/\/laredsocial-noticias.com\/wp\/nuevo-aeropuerto-esperanzas-y-luces\/"]}]},{"@type":"ImageObject","inLanguage":"es","@id":"https:\/\/laredsocial-noticias.com\/wp\/nuevo-aeropuerto-esperanzas-y-luces\/#primaryimage","url":"http:\/\/laredsocial-noticias.com\/wp\/wp-content\/uploads\/2015\/12\/NAICM.png","contentUrl":"http:\/\/laredsocial-noticias.com\/wp\/wp-content\/uploads\/2015\/12\/NAICM.png"},{"@type":"BreadcrumbList","@id":"https:\/\/laredsocial-noticias.com\/wp\/nuevo-aeropuerto-esperanzas-y-luces\/#breadcrumb","itemListElement":[{"@type":"ListItem","position":1,"name":"Portada","item":"https:\/\/laredsocial-noticias.com\/wp\/"},{"@type":"ListItem","position":2,"name":"NUEVO AEROPUERTO, ESPERANZAS Y LUCES"}]},{"@type":"WebSite","@id":"https:\/\/laredsocial-noticias.com\/wp\/#website","url":"https:\/\/laredsocial-noticias.com\/wp\/","name":"NOTICIAS","description":"Lo que se ve y se dice en las redes sociales","potentialAction":[{"@type":"SearchAction","target":{"@type":"EntryPoint","urlTemplate":"https:\/\/laredsocial-noticias.com\/wp\/?s={search_term_string}"},"query-input":{"@type":"PropertyValueSpecification","valueRequired":true,"valueName":"search_term_string"}}],"inLanguage":"es"},{"@type":"Person","@id":"https:\/\/laredsocial-noticias.com\/wp\/#\/schema\/person\/0ce78643f2de7aae6f6ef10e8453a6e0","name":"Editor en Jefe","url":"https:\/\/laredsocial-noticias.com\/wp\/author\/jorgeochoa\/"}]}},"_links":{"self":[{"href":"https:\/\/laredsocial-noticias.com\/wp\/wp-json\/wp\/v2\/posts\/2793","targetHints":{"allow":["GET"]}}],"collection":[{"href":"https:\/\/laredsocial-noticias.com\/wp\/wp-json\/wp\/v2\/posts"}],"about":[{"href":"https:\/\/laredsocial-noticias.com\/wp\/wp-json\/wp\/v2\/types\/post"}],"author":[{"embeddable":true,"href":"https:\/\/laredsocial-noticias.com\/wp\/wp-json\/wp\/v2\/users\/1"}],"replies":[{"embeddable":true,"href":"https:\/\/laredsocial-noticias.com\/wp\/wp-json\/wp\/v2\/comments?post=2793"}],"version-history":[{"count":1,"href":"https:\/\/laredsocial-noticias.com\/wp\/wp-json\/wp\/v2\/posts\/2793\/revisions"}],"predecessor-version":[{"id":2795,"href":"https:\/\/laredsocial-noticias.com\/wp\/wp-json\/wp\/v2\/posts\/2793\/revisions\/2795"}],"wp:attachment":[{"href":"https:\/\/laredsocial-noticias.com\/wp\/wp-json\/wp\/v2\/media?parent=2793"}],"wp:term":[{"taxonomy":"category","embeddable":true,"href":"https:\/\/laredsocial-noticias.com\/wp\/wp-json\/wp\/v2\/categories?post=2793"},{"taxonomy":"post_tag","embeddable":true,"href":"https:\/\/laredsocial-noticias.com\/wp\/wp-json\/wp\/v2\/tags?post=2793"}],"curies":[{"name":"wp","href":"https:\/\/api.w.org\/{rel}","templated":true}]}}