{"id":29307,"date":"2016-09-22T12:00:49","date_gmt":"2016-09-22T17:00:49","guid":{"rendered":"http:\/\/laredsocial-noticias.com\/wp\/?p=29307"},"modified":"2016-09-22T11:45:30","modified_gmt":"2016-09-22T16:45:30","slug":"usuarios-de-datos-moviles-podria-crecer-50-en-2020","status":"publish","type":"post","link":"https:\/\/laredsocial-noticias.com\/wp\/usuarios-de-datos-moviles-podria-crecer-50-en-2020\/","title":{"rendered":"Usuarios de datos m\u00f3viles podr\u00eda crecer 50% en 2020"},"content":{"rendered":"<div class=\"titulo\"><\/div>\n<div class=\"desarrollo\"><strong>Ciudad de M\u00e9xico, 22 de Septiembre (Mensaje Pol\u00edtico \/ C\u00cdRCULO DIGITAL).-<\/strong> El uso de Internet se extiende de forma exponencial conforme es m\u00e1s accesible, lo que permite predecir que para 2020 los usuarios de datos m\u00f3viles en Latinom\u00e9rica aumentar\u00e1n en un 50 por ciento, revel\u00f3 GSMA.La organizaci\u00f3n de operadores m\u00f3viles precisa que de acuerdo con el reporte \u201cLa Econom\u00eda M\u00f3vil: Am\u00e9rica Latina 2016\u201d, el consumo de datos aumenta y la conectividad de las personas se ampl\u00eda.<\/p>\n<p>En ese sentido, se estima que para el cierre de la segunda d\u00e9cada del milenio la regi\u00f3n de Am\u00e9rica Latina sumar\u00e1 150 millones de suscriptores nuevos a Internet m\u00f3vil.<\/p>\n<p>Ello, dar\u00e1 un total de 450 millones de usuarios en la zona, los cuales se ver\u00e1n beneficiados con la conectividad y con el c\u00edrculo comercial virtuoso que eso representa.<\/p>\n<p>El director general de la GSMA, Mats Granryd, destac\u00f3 que el aumento de suscriptores a Internet en la regi\u00f3n impulsa el crecimiento de las industrias de contenido y comercio m\u00f3vil, debido a que se ven beneficiadas al contar con usuarios conectados a la red desde cualquier punto.<\/p>\n<p>\u201cEl acelerado crecimiento del n\u00famero de suscriptores de Internet m\u00f3vil experimentado en Am\u00e9rica Latina en los \u00faltimos a\u00f1os ha contribuido al desarrollo de una \u2018econom\u00eda de aplicaciones&#8217; para las industrias de contenido y comercio m\u00f3vil, a la vez que ha estimulado un entorno local pr\u00f3spero para las start-ups\u201d, dijo.<\/p>\n<p>En un comunicado, la GSMA precis\u00f3 que el crecimiento econ\u00f3mico que ha experimentado Am\u00e9rica Latina y el que va mostrando en las econom\u00edas de pa\u00edses como Brasil, Colombia, Per\u00fa y M\u00e9xico hacen de Am\u00e9rica Latina la segunda regi\u00f3n de r\u00e1pido crecimiento global durante el periodo analizado por el examen de la GSMA, colocada despu\u00e9s de \u00c1frica.<\/p>\n<\/div>\n<div class=\"firma\">NTX\/RAM\/TVA<\/div>\n","protected":false},"excerpt":{"rendered":"<p>Ciudad de M\u00e9xico, 22 de Septiembre (Mensaje Pol\u00edtico \/ C\u00cdRCULO DIGITAL).- El uso de Internet se extiende de forma exponencial&#8230;<\/p>\n","protected":false},"author":1,"featured_media":0,"comment_status":"closed","ping_status":"closed","sticky":false,"template":"","format":"standard","meta":{"footnotes":""},"categories":[1796,1996,73],"tags":[222,77],"class_list":["post-29307","post","type-post","status-publish","format-standard","hentry","category-circulodigital","category-finanzas","category-principal","tag-finanzas","tag-principal"],"yoast_head":"<!-- This site is optimized with the Yoast SEO plugin v26.5 - https:\/\/yoast.com\/wordpress\/plugins\/seo\/ -->\n<title>Usuarios de datos m\u00f3viles podr\u00eda crecer 50% en 2020 - NOTICIAS<\/title>\n<meta name=\"robots\" content=\"index, follow, max-snippet:-1, max-image-preview:large, max-video-preview:-1\" \/>\n<link rel=\"canonical\" href=\"https:\/\/laredsocial-noticias.com\/wp\/usuarios-de-datos-moviles-podria-crecer-50-en-2020\/\" \/>\n<meta property=\"og:locale\" content=\"es_ES\" \/>\n<meta property=\"og:type\" content=\"article\" \/>\n<meta property=\"og:title\" content=\"Usuarios de datos m\u00f3viles podr\u00eda crecer 50% en 2020 - NOTICIAS\" \/>\n<meta property=\"og:description\" content=\"Ciudad de M\u00e9xico, 22 de Septiembre (Mensaje Pol\u00edtico \/ C\u00cdRCULO DIGITAL).- El uso de Internet se extiende de forma exponencial...\" \/>\n<meta property=\"og:url\" content=\"https:\/\/laredsocial-noticias.com\/wp\/usuarios-de-datos-moviles-podria-crecer-50-en-2020\/\" \/>\n<meta property=\"og:site_name\" content=\"NOTICIAS\" \/>\n<meta property=\"article:published_time\" content=\"2016-09-22T17:00:49+00:00\" \/>\n<meta property=\"og:image\" content=\"https:\/\/laredsocial-noticias.com\/wp\/wp-content\/uploads\/2016\/09\/moviles-datos.jpg\" \/>\n\t<meta property=\"og:image:width\" content=\"1500\" \/>\n\t<meta property=\"og:image:height\" content=\"999\" \/>\n\t<meta property=\"og:image:type\" content=\"image\/jpeg\" \/>\n<meta name=\"author\" content=\"Editor en Jefe\" \/>\n<meta name=\"twitter:card\" content=\"summary_large_image\" \/>\n<meta name=\"twitter:label1\" content=\"Escrito por\" \/>\n\t<meta name=\"twitter:data1\" content=\"Editor en Jefe\" \/>\n\t<meta name=\"twitter:label2\" content=\"Tiempo de lectura\" \/>\n\t<meta name=\"twitter:data2\" content=\"2 minutos\" \/>\n<!-- \/ Yoast SEO plugin. -->","yoast_head_json":{"title":"Usuarios de datos m\u00f3viles podr\u00eda crecer 50% en 2020 - NOTICIAS","robots":{"index":"index","follow":"follow","max-snippet":"max-snippet:-1","max-image-preview":"max-image-preview:large","max-video-preview":"max-video-preview:-1"},"canonical":"https:\/\/laredsocial-noticias.com\/wp\/usuarios-de-datos-moviles-podria-crecer-50-en-2020\/","og_locale":"es_ES","og_type":"article","og_title":"Usuarios de datos m\u00f3viles podr\u00eda crecer 50% en 2020 - NOTICIAS","og_description":"Ciudad de M\u00e9xico, 22 de Septiembre (Mensaje Pol\u00edtico \/ C\u00cdRCULO DIGITAL).- El uso de Internet se extiende de forma exponencial...","og_url":"https:\/\/laredsocial-noticias.com\/wp\/usuarios-de-datos-moviles-podria-crecer-50-en-2020\/","og_site_name":"NOTICIAS","article_published_time":"2016-09-22T17:00:49+00:00","og_image":[{"width":1500,"height":999,"url":"https:\/\/laredsocial-noticias.com\/wp\/wp-content\/uploads\/2016\/09\/moviles-datos.jpg","type":"image\/jpeg"}],"author":"Editor en Jefe","twitter_card":"summary_large_image","twitter_misc":{"Escrito por":"Editor en Jefe","Tiempo de lectura":"2 minutos"},"schema":{"@context":"https:\/\/schema.org","@graph":[{"@type":"WebPage","@id":"https:\/\/laredsocial-noticias.com\/wp\/usuarios-de-datos-moviles-podria-crecer-50-en-2020\/","url":"https:\/\/laredsocial-noticias.com\/wp\/usuarios-de-datos-moviles-podria-crecer-50-en-2020\/","name":"Usuarios de datos m\u00f3viles podr\u00eda crecer 50% en 2020 - NOTICIAS","isPartOf":{"@id":"https:\/\/laredsocial-noticias.com\/wp\/#website"},"datePublished":"2016-09-22T17:00:49+00:00","author":{"@id":"https:\/\/laredsocial-noticias.com\/wp\/#\/schema\/person\/0ce78643f2de7aae6f6ef10e8453a6e0"},"breadcrumb":{"@id":"https:\/\/laredsocial-noticias.com\/wp\/usuarios-de-datos-moviles-podria-crecer-50-en-2020\/#breadcrumb"},"inLanguage":"es","potentialAction":[{"@type":"ReadAction","target":["https:\/\/laredsocial-noticias.com\/wp\/usuarios-de-datos-moviles-podria-crecer-50-en-2020\/"]}]},{"@type":"BreadcrumbList","@id":"https:\/\/laredsocial-noticias.com\/wp\/usuarios-de-datos-moviles-podria-crecer-50-en-2020\/#breadcrumb","itemListElement":[{"@type":"ListItem","position":1,"name":"Portada","item":"https:\/\/laredsocial-noticias.com\/wp\/"},{"@type":"ListItem","position":2,"name":"Usuarios de datos m\u00f3viles podr\u00eda crecer 50% en 2020"}]},{"@type":"WebSite","@id":"https:\/\/laredsocial-noticias.com\/wp\/#website","url":"https:\/\/laredsocial-noticias.com\/wp\/","name":"NOTICIAS","description":"Lo que se ve y se dice en las redes sociales","potentialAction":[{"@type":"SearchAction","target":{"@type":"EntryPoint","urlTemplate":"https:\/\/laredsocial-noticias.com\/wp\/?s={search_term_string}"},"query-input":{"@type":"PropertyValueSpecification","valueRequired":true,"valueName":"search_term_string"}}],"inLanguage":"es"},{"@type":"Person","@id":"https:\/\/laredsocial-noticias.com\/wp\/#\/schema\/person\/0ce78643f2de7aae6f6ef10e8453a6e0","name":"Editor en Jefe","url":"https:\/\/laredsocial-noticias.com\/wp\/author\/jorgeochoa\/"}]}},"_links":{"self":[{"href":"https:\/\/laredsocial-noticias.com\/wp\/wp-json\/wp\/v2\/posts\/29307","targetHints":{"allow":["GET"]}}],"collection":[{"href":"https:\/\/laredsocial-noticias.com\/wp\/wp-json\/wp\/v2\/posts"}],"about":[{"href":"https:\/\/laredsocial-noticias.com\/wp\/wp-json\/wp\/v2\/types\/post"}],"author":[{"embeddable":true,"href":"https:\/\/laredsocial-noticias.com\/wp\/wp-json\/wp\/v2\/users\/1"}],"replies":[{"embeddable":true,"href":"https:\/\/laredsocial-noticias.com\/wp\/wp-json\/wp\/v2\/comments?post=29307"}],"version-history":[{"count":1,"href":"https:\/\/laredsocial-noticias.com\/wp\/wp-json\/wp\/v2\/posts\/29307\/revisions"}],"predecessor-version":[{"id":29308,"href":"https:\/\/laredsocial-noticias.com\/wp\/wp-json\/wp\/v2\/posts\/29307\/revisions\/29308"}],"wp:attachment":[{"href":"https:\/\/laredsocial-noticias.com\/wp\/wp-json\/wp\/v2\/media?parent=29307"}],"wp:term":[{"taxonomy":"category","embeddable":true,"href":"https:\/\/laredsocial-noticias.com\/wp\/wp-json\/wp\/v2\/categories?post=29307"},{"taxonomy":"post_tag","embeddable":true,"href":"https:\/\/laredsocial-noticias.com\/wp\/wp-json\/wp\/v2\/tags?post=29307"}],"curies":[{"name":"wp","href":"https:\/\/api.w.org\/{rel}","templated":true}]}}