{"id":29407,"date":"2016-09-22T20:23:54","date_gmt":"2016-09-23T01:23:54","guid":{"rendered":"http:\/\/laredsocial-noticias.com\/wp\/?p=29407"},"modified":"2016-09-22T20:24:02","modified_gmt":"2016-09-23T01:24:02","slug":"inflacion-se-ubica-en-2-88-en-primera-quincena-de-septiembre","status":"publish","type":"post","link":"https:\/\/laredsocial-noticias.com\/wp\/inflacion-se-ubica-en-2-88-en-primera-quincena-de-septiembre\/","title":{"rendered":"Inflaci\u00f3n se ubica en 2.88% en primera quincena de septiembre"},"content":{"rendered":"<p><b>CIUDAD DE M\u00c9XICO, 22 de septiembre, (ESFERA EMPRESARIAL\/C\u00cdRCULO DIGITAL)<strong>.-<\/strong><\/b>Los precios al consumidor reportaron un aumento de 0.54 por ciento en la primera quincena de septiembre de este a\u00f1o, con lo cual la tasa de inflaci\u00f3n anual se ubic\u00f3 en 2.88 por ciento, inform\u00f3 el Instituto Nacional de Estad\u00edstica y Geograf\u00eda (INEGI).<\/p>\n<p>El organismo se\u00f1al\u00f3 que dicho aumento fue resultado sobre todo del alza de precios en algunos productos agropecuarios y servicios de educaci\u00f3n, los cuales fueron compensados parcialmente por la baja en servicios profesionales gas LP y otros productos agropecuarios.<\/p>\n<p>As\u00ed, el dato de la inflaci\u00f3n en la primera quincena de este mes, de 0.54 por ciento, estuvo por arriba del 0.34 por ciento esperado por analistas, y fue la mayor para un mismo periodo desde 2007.<\/p>\n<p>Con ello, la inflaci\u00f3n a tasa anual pas\u00f3 de 2.66 por ciento en la segunda quincena de agosto a 2.88 por ciento en la primera quincena de septiembre, su mayor nivel desde la primera quincena de febrero de este a\u00f1o, cuando fue de 2.94 por ciento.<\/p>\n<p>El INEGI compar\u00f3 que en la primera mitad de septiembre de 2015, la inflaci\u00f3n quincenal fue de 0.32 por ciento, mientras que la inflaci\u00f3n anual se ubic\u00f3 en 2.53 por ciento.<\/p>\n<p>Destac\u00f3 que los productos con precios al alza en la primera quincena de septiembre de 2016 fueron: jitomate, huevo, primaria, autom\u00f3viles, gasolina de bajo octanaje, secundaria, pollo, cebolla, electricidad y pan dulce.<\/p>\n<p>Por el contrario, los productos con precios a la baja en el mismo periodo fueron: servicios profesionales, gas dom\u00e9stico LP, naranja, pl\u00e1tano, servicio de telefon\u00eda m\u00f3vil, suavizantes y limpiadores, guayaba, televisores, pasta dental y trajes.<\/p>\n<p>En la primera quincena de septiembre la inflaci\u00f3n subyacente, la cual elimina del \u00edndice general los bienes y servicios cuyos precios son m\u00e1s vol\u00e1tiles, aument\u00f3 0.36 por ciento, colocando su tasa anual en 3.05 por ciento, desde 2.95 por ciento en la segunda quincena de agosto pasado.<\/p>\n<p>El Instituto expuso que dentro del \u00edndice de precios subyacente, los precios de las mercanc\u00edas avanzaron 0.42 por ciento y los de los servicios subieron 0.31 por ciento.<\/p>\n<p>A su vez, la inflaci\u00f3n no subyacente se increment\u00f3 en 1.10 por ciento quincenal, obteniendo una variaci\u00f3n anual de 2.36 por ciento, superior a la de 1.72 por ciento en la segunda quincena de agosto.<\/p>\n<p>Refiri\u00f3 que en el \u00edndice de precios no subyacente, los precios de los productos agropecuarios se elevaron 2.37 por ciento y los de los energ\u00e9ticos y tarifas autorizadas por el gobierno en 0.28 por ciento.<\/p>\n<p>Apunt\u00f3 que el \u00edndice de precios de la canasta b\u00e1sica mostraron un crecimiento de 0.35 por ciento, as\u00ed como una tasa anual de 1.48 por ciento, mientras que en la misma quincena de 2015 los datos correspondientes fueron de 0.20 y 2.03 por ciento.<\/p>\n<p>El organismo apunt\u00f3 que las localidades con variaci\u00f3n de precios por arriba de la inflaci\u00f3n nacional en los primeros 15 d\u00edas de septiembre fueron: Acapulco, Ciudad Acu\u00f1a, M\u00e9rida, Morelia, Jacona, Fresnillo, Oaxaca, Puebla, Ciudad Jim\u00e9nez, San Andr\u00e9s Tuxtla.<\/p>\n<p>En tanto, las localidades con variaciones por debajo de la inflaci\u00f3n nacional fueron: Chetumal, La Paz, Quer\u00e9taro, Villahermosa, Tepic, Durango, Chihuahua, Toluca, Colima y Ciudad Ju\u00e1rez.<\/p>\n","protected":false},"excerpt":{"rendered":"<p>CIUDAD DE M\u00c9XICO, 22 de septiembre, (ESFERA EMPRESARIAL\/C\u00cdRCULO DIGITAL).-Los precios al consumidor reportaron un aumento de 0.54 por ciento en&#8230;<\/p>\n","protected":false},"author":1,"featured_media":0,"comment_status":"closed","ping_status":"closed","sticky":false,"template":"","format":"standard","meta":{"footnotes":""},"categories":[1796,1996,73],"tags":[222,77],"class_list":["post-29407","post","type-post","status-publish","format-standard","hentry","category-circulodigital","category-finanzas","category-principal","tag-finanzas","tag-principal"],"yoast_head":"<!-- This site is optimized with the Yoast SEO plugin v26.5 - https:\/\/yoast.com\/wordpress\/plugins\/seo\/ -->\n<title>Inflaci\u00f3n se ubica en 2.88% en primera quincena de septiembre - NOTICIAS<\/title>\n<meta name=\"robots\" content=\"index, follow, max-snippet:-1, max-image-preview:large, max-video-preview:-1\" \/>\n<link rel=\"canonical\" href=\"https:\/\/laredsocial-noticias.com\/wp\/inflacion-se-ubica-en-2-88-en-primera-quincena-de-septiembre\/\" \/>\n<meta property=\"og:locale\" content=\"es_ES\" \/>\n<meta property=\"og:type\" content=\"article\" \/>\n<meta property=\"og:title\" content=\"Inflaci\u00f3n se ubica en 2.88% en primera quincena de septiembre - NOTICIAS\" \/>\n<meta property=\"og:description\" content=\"CIUDAD DE M\u00c9XICO, 22 de septiembre, (ESFERA EMPRESARIAL\/C\u00cdRCULO DIGITAL).-Los precios al consumidor reportaron un aumento de 0.54 por ciento en...\" \/>\n<meta property=\"og:url\" content=\"https:\/\/laredsocial-noticias.com\/wp\/inflacion-se-ubica-en-2-88-en-primera-quincena-de-septiembre\/\" \/>\n<meta property=\"og:site_name\" content=\"NOTICIAS\" \/>\n<meta property=\"article:published_time\" content=\"2016-09-23T01:23:54+00:00\" \/>\n<meta property=\"article:modified_time\" content=\"2016-09-23T01:24:02+00:00\" \/>\n<meta property=\"og:image\" content=\"https:\/\/laredsocial-noticias.com\/wp\/wp-content\/uploads\/2016\/09\/supermercado.jpg\" \/>\n\t<meta property=\"og:image:width\" content=\"600\" \/>\n\t<meta property=\"og:image:height\" content=\"401\" \/>\n\t<meta property=\"og:image:type\" content=\"image\/jpeg\" \/>\n<meta name=\"author\" content=\"Editor en Jefe\" \/>\n<meta name=\"twitter:card\" content=\"summary_large_image\" \/>\n<meta name=\"twitter:label1\" content=\"Escrito por\" \/>\n\t<meta name=\"twitter:data1\" content=\"Editor en Jefe\" \/>\n\t<meta name=\"twitter:label2\" content=\"Tiempo de lectura\" \/>\n\t<meta name=\"twitter:data2\" content=\"3 minutos\" \/>\n<!-- \/ Yoast SEO plugin. -->","yoast_head_json":{"title":"Inflaci\u00f3n se ubica en 2.88% en primera quincena de septiembre - NOTICIAS","robots":{"index":"index","follow":"follow","max-snippet":"max-snippet:-1","max-image-preview":"max-image-preview:large","max-video-preview":"max-video-preview:-1"},"canonical":"https:\/\/laredsocial-noticias.com\/wp\/inflacion-se-ubica-en-2-88-en-primera-quincena-de-septiembre\/","og_locale":"es_ES","og_type":"article","og_title":"Inflaci\u00f3n se ubica en 2.88% en primera quincena de septiembre - NOTICIAS","og_description":"CIUDAD DE M\u00c9XICO, 22 de septiembre, (ESFERA EMPRESARIAL\/C\u00cdRCULO DIGITAL).-Los precios al consumidor reportaron un aumento de 0.54 por ciento en...","og_url":"https:\/\/laredsocial-noticias.com\/wp\/inflacion-se-ubica-en-2-88-en-primera-quincena-de-septiembre\/","og_site_name":"NOTICIAS","article_published_time":"2016-09-23T01:23:54+00:00","article_modified_time":"2016-09-23T01:24:02+00:00","og_image":[{"width":600,"height":401,"url":"https:\/\/laredsocial-noticias.com\/wp\/wp-content\/uploads\/2016\/09\/supermercado.jpg","type":"image\/jpeg"}],"author":"Editor en Jefe","twitter_card":"summary_large_image","twitter_misc":{"Escrito por":"Editor en Jefe","Tiempo de lectura":"3 minutos"},"schema":{"@context":"https:\/\/schema.org","@graph":[{"@type":"WebPage","@id":"https:\/\/laredsocial-noticias.com\/wp\/inflacion-se-ubica-en-2-88-en-primera-quincena-de-septiembre\/","url":"https:\/\/laredsocial-noticias.com\/wp\/inflacion-se-ubica-en-2-88-en-primera-quincena-de-septiembre\/","name":"Inflaci\u00f3n se ubica en 2.88% en primera quincena de septiembre - NOTICIAS","isPartOf":{"@id":"https:\/\/laredsocial-noticias.com\/wp\/#website"},"datePublished":"2016-09-23T01:23:54+00:00","dateModified":"2016-09-23T01:24:02+00:00","author":{"@id":"https:\/\/laredsocial-noticias.com\/wp\/#\/schema\/person\/0ce78643f2de7aae6f6ef10e8453a6e0"},"breadcrumb":{"@id":"https:\/\/laredsocial-noticias.com\/wp\/inflacion-se-ubica-en-2-88-en-primera-quincena-de-septiembre\/#breadcrumb"},"inLanguage":"es","potentialAction":[{"@type":"ReadAction","target":["https:\/\/laredsocial-noticias.com\/wp\/inflacion-se-ubica-en-2-88-en-primera-quincena-de-septiembre\/"]}]},{"@type":"BreadcrumbList","@id":"https:\/\/laredsocial-noticias.com\/wp\/inflacion-se-ubica-en-2-88-en-primera-quincena-de-septiembre\/#breadcrumb","itemListElement":[{"@type":"ListItem","position":1,"name":"Portada","item":"https:\/\/laredsocial-noticias.com\/wp\/"},{"@type":"ListItem","position":2,"name":"Inflaci\u00f3n se ubica en 2.88% en primera quincena de septiembre"}]},{"@type":"WebSite","@id":"https:\/\/laredsocial-noticias.com\/wp\/#website","url":"https:\/\/laredsocial-noticias.com\/wp\/","name":"NOTICIAS","description":"Lo que se ve y se dice en las redes sociales","potentialAction":[{"@type":"SearchAction","target":{"@type":"EntryPoint","urlTemplate":"https:\/\/laredsocial-noticias.com\/wp\/?s={search_term_string}"},"query-input":{"@type":"PropertyValueSpecification","valueRequired":true,"valueName":"search_term_string"}}],"inLanguage":"es"},{"@type":"Person","@id":"https:\/\/laredsocial-noticias.com\/wp\/#\/schema\/person\/0ce78643f2de7aae6f6ef10e8453a6e0","name":"Editor en Jefe","url":"https:\/\/laredsocial-noticias.com\/wp\/author\/jorgeochoa\/"}]}},"_links":{"self":[{"href":"https:\/\/laredsocial-noticias.com\/wp\/wp-json\/wp\/v2\/posts\/29407","targetHints":{"allow":["GET"]}}],"collection":[{"href":"https:\/\/laredsocial-noticias.com\/wp\/wp-json\/wp\/v2\/posts"}],"about":[{"href":"https:\/\/laredsocial-noticias.com\/wp\/wp-json\/wp\/v2\/types\/post"}],"author":[{"embeddable":true,"href":"https:\/\/laredsocial-noticias.com\/wp\/wp-json\/wp\/v2\/users\/1"}],"replies":[{"embeddable":true,"href":"https:\/\/laredsocial-noticias.com\/wp\/wp-json\/wp\/v2\/comments?post=29407"}],"version-history":[{"count":1,"href":"https:\/\/laredsocial-noticias.com\/wp\/wp-json\/wp\/v2\/posts\/29407\/revisions"}],"predecessor-version":[{"id":29408,"href":"https:\/\/laredsocial-noticias.com\/wp\/wp-json\/wp\/v2\/posts\/29407\/revisions\/29408"}],"wp:attachment":[{"href":"https:\/\/laredsocial-noticias.com\/wp\/wp-json\/wp\/v2\/media?parent=29407"}],"wp:term":[{"taxonomy":"category","embeddable":true,"href":"https:\/\/laredsocial-noticias.com\/wp\/wp-json\/wp\/v2\/categories?post=29407"},{"taxonomy":"post_tag","embeddable":true,"href":"https:\/\/laredsocial-noticias.com\/wp\/wp-json\/wp\/v2\/tags?post=29407"}],"curies":[{"name":"wp","href":"https:\/\/api.w.org\/{rel}","templated":true}]}}