{"id":29700,"date":"2016-09-24T18:00:13","date_gmt":"2016-09-24T23:00:13","guid":{"rendered":"http:\/\/laredsocial-noticias.com\/wp\/?p=29700"},"modified":"2016-09-24T17:19:10","modified_gmt":"2016-09-24T22:19:10","slug":"atendera-bcs-directrices-del-inee-sobre-jornaleros-agricolas","status":"publish","type":"post","link":"https:\/\/laredsocial-noticias.com\/wp\/atendera-bcs-directrices-del-inee-sobre-jornaleros-agricolas\/","title":{"rendered":"Atender\u00e1 BCS directrices del INEE sobre jornaleros agr\u00edcolas"},"content":{"rendered":"<p><strong>Ciudad de M\u00e9xico, 24 Septiembre (Mensaje Pol\u00edtico\/C\u00cdRCULO DIGITAL).-<\/strong> El secretario de Educaci\u00f3n de Baja California Sur, H\u00e9ctor Jim\u00e9nez M\u00e1rquez, se comprometi\u00f3 a atender y a reforzar la atenci\u00f3n educativa a ni\u00f1as, ni\u00f1os y adolescentes de familias de jornaleros agr\u00edcolas migrantes.<\/p>\n<p>Esa entidad es la segunda que se compromete a atender las directrices del Instituto Nacional para la Evaluaci\u00f3n de la Educaci\u00f3n (INEE) sobre el tema.<\/p>\n<p>Arcelia Mart\u00ednez Bord\u00f3n, directora general de Directrices para la Mejora Educativa del INEE, as\u00ed lo inform\u00f3 en un comunicado y dijo que el compromiso se dio en la mesa de an\u00e1lisis en la que se analizaron las directrices del organismo para mejorar la atenci\u00f3n del sector.<\/p>\n<p>Luego de destacar que es necesario m\u00e1s presupuesto y gastarlo de mejor manera, inform\u00f3 que en esa entidad 90 ciento de los maestros que atienden a menores migrantes ya son personal de base, cumplen con un perfil profesional y tienen condiciones laborales estables.<\/p>\n<p>Se\u00f1al\u00f3 que el prop\u00f3sito general de las directrices es orientar la toma de decisiones para que la educaci\u00f3n para los ni\u00f1os migrantes sea de calidad con equidad, ya que hasta la fecha s\u00f3lo entre 14 y 17 por ciento de ellos asiste a la escuela.<\/p>\n<p>Las directrices presentadas por el INEE incluyen fortalecer el presupuesto p\u00fablico, los procesos de planeaci\u00f3n, la coordinaci\u00f3n institucional y la participaci\u00f3n social y que la acci\u00f3n de los gobiernos, en el orden federal, estatal y municipal, debe ser m\u00e1s eficiente para que existan m\u00e1s escuelas a las que las ni\u00f1as y ni\u00f1os migrantes asistan regularmente y aprendan mejor.<\/p>\n<p>Asimismo tener mejores docentes, programas de estudio m\u00e1s adecuados y materiales educativos suficientes que apoyen la educaci\u00f3n de las ni\u00f1as y ni\u00f1os migrantes.<\/p>\n<p>Tambi\u00e9n que las ni\u00f1as y ni\u00f1os migrantes sean recibidos en cualquier escuela p\u00fablica o que se creen los servicios que necesiten, adem\u00e1s de que se les reconozca y registre de forma continua su avance educativo.<\/p>\n<p>Finalmente, realizar m\u00e1s evaluaciones para saber cu\u00e1l es la calidad de la educaci\u00f3n que reciben ese grupo y que \u00e9sta \u00faltima debe mejorarse a trav\u00e9s de innovaciones educativas y de proyectos sociales.<\/p>\n<p>La mesa de an\u00e1lisis instalada en la capital de ese estado tuvo tambi\u00e9n como objetivo hacer un llamado a otras instancias gubernamentales pues, como se\u00f1alaron los panelistas invitados, la problem\u00e1tica que enfrentan esos ni\u00f1os y ni\u00f1as necesita una respuesta integral que promueva el desarrollo y el goce de todos sus derechos.<\/p>\n","protected":false},"excerpt":{"rendered":"<p>Ciudad de M\u00e9xico, 24 Septiembre (Mensaje Pol\u00edtico\/C\u00cdRCULO DIGITAL).- El secretario de Educaci\u00f3n de Baja California Sur, H\u00e9ctor Jim\u00e9nez M\u00e1rquez, se&#8230;<\/p>\n","protected":false},"author":1,"featured_media":0,"comment_status":"closed","ping_status":"closed","sticky":false,"template":"","format":"standard","meta":{"footnotes":""},"categories":[1796,2844,78,1726,73],"tags":[2870,2368,507,77],"class_list":["post-29700","post","type-post","status-publish","format-standard","hentry","category-circulodigital","category-nacion","category-nacional","category-nacionales","category-principal","tag-bcs","tag-inee","tag-jornaleros","tag-principal"],"yoast_head":"<!-- This site is optimized with the Yoast SEO plugin v26.5 - https:\/\/yoast.com\/wordpress\/plugins\/seo\/ -->\n<title>Atender\u00e1 BCS directrices del INEE sobre jornaleros agr\u00edcolas - NOTICIAS<\/title>\n<meta name=\"robots\" content=\"index, follow, max-snippet:-1, max-image-preview:large, max-video-preview:-1\" \/>\n<link rel=\"canonical\" href=\"https:\/\/laredsocial-noticias.com\/wp\/atendera-bcs-directrices-del-inee-sobre-jornaleros-agricolas\/\" \/>\n<meta property=\"og:locale\" content=\"es_ES\" \/>\n<meta property=\"og:type\" content=\"article\" \/>\n<meta property=\"og:title\" content=\"Atender\u00e1 BCS directrices del INEE sobre jornaleros agr\u00edcolas - NOTICIAS\" \/>\n<meta property=\"og:description\" content=\"Ciudad de M\u00e9xico, 24 Septiembre (Mensaje Pol\u00edtico\/C\u00cdRCULO DIGITAL).- El secretario de Educaci\u00f3n de Baja California Sur, H\u00e9ctor Jim\u00e9nez M\u00e1rquez, se...\" \/>\n<meta property=\"og:url\" content=\"https:\/\/laredsocial-noticias.com\/wp\/atendera-bcs-directrices-del-inee-sobre-jornaleros-agricolas\/\" \/>\n<meta property=\"og:site_name\" content=\"NOTICIAS\" \/>\n<meta property=\"article:published_time\" content=\"2016-09-24T23:00:13+00:00\" \/>\n<meta property=\"og:image\" content=\"https:\/\/laredsocial-noticias.com\/wp\/wp-content\/uploads\/2016\/09\/condiciones-hacinamiento-jornaleros-infrahumanas_MILIMA20140401_0667_3.jpg\" \/>\n\t<meta property=\"og:image:width\" content=\"976\" \/>\n\t<meta property=\"og:image:height\" content=\"659\" \/>\n\t<meta property=\"og:image:type\" content=\"image\/jpeg\" \/>\n<meta name=\"author\" content=\"Editor en Jefe\" \/>\n<meta name=\"twitter:card\" content=\"summary_large_image\" \/>\n<meta name=\"twitter:label1\" content=\"Escrito por\" \/>\n\t<meta name=\"twitter:data1\" content=\"Editor en Jefe\" \/>\n\t<meta name=\"twitter:label2\" content=\"Tiempo de lectura\" \/>\n\t<meta name=\"twitter:data2\" content=\"2 minutos\" \/>\n<!-- \/ Yoast SEO plugin. -->","yoast_head_json":{"title":"Atender\u00e1 BCS directrices del INEE sobre jornaleros agr\u00edcolas - NOTICIAS","robots":{"index":"index","follow":"follow","max-snippet":"max-snippet:-1","max-image-preview":"max-image-preview:large","max-video-preview":"max-video-preview:-1"},"canonical":"https:\/\/laredsocial-noticias.com\/wp\/atendera-bcs-directrices-del-inee-sobre-jornaleros-agricolas\/","og_locale":"es_ES","og_type":"article","og_title":"Atender\u00e1 BCS directrices del INEE sobre jornaleros agr\u00edcolas - NOTICIAS","og_description":"Ciudad de M\u00e9xico, 24 Septiembre (Mensaje Pol\u00edtico\/C\u00cdRCULO DIGITAL).- El secretario de Educaci\u00f3n de Baja California Sur, H\u00e9ctor Jim\u00e9nez M\u00e1rquez, se...","og_url":"https:\/\/laredsocial-noticias.com\/wp\/atendera-bcs-directrices-del-inee-sobre-jornaleros-agricolas\/","og_site_name":"NOTICIAS","article_published_time":"2016-09-24T23:00:13+00:00","og_image":[{"width":976,"height":659,"url":"https:\/\/laredsocial-noticias.com\/wp\/wp-content\/uploads\/2016\/09\/condiciones-hacinamiento-jornaleros-infrahumanas_MILIMA20140401_0667_3.jpg","type":"image\/jpeg"}],"author":"Editor en Jefe","twitter_card":"summary_large_image","twitter_misc":{"Escrito por":"Editor en Jefe","Tiempo de lectura":"2 minutos"},"schema":{"@context":"https:\/\/schema.org","@graph":[{"@type":"WebPage","@id":"https:\/\/laredsocial-noticias.com\/wp\/atendera-bcs-directrices-del-inee-sobre-jornaleros-agricolas\/","url":"https:\/\/laredsocial-noticias.com\/wp\/atendera-bcs-directrices-del-inee-sobre-jornaleros-agricolas\/","name":"Atender\u00e1 BCS directrices del INEE sobre jornaleros agr\u00edcolas - NOTICIAS","isPartOf":{"@id":"https:\/\/laredsocial-noticias.com\/wp\/#website"},"datePublished":"2016-09-24T23:00:13+00:00","author":{"@id":"https:\/\/laredsocial-noticias.com\/wp\/#\/schema\/person\/0ce78643f2de7aae6f6ef10e8453a6e0"},"breadcrumb":{"@id":"https:\/\/laredsocial-noticias.com\/wp\/atendera-bcs-directrices-del-inee-sobre-jornaleros-agricolas\/#breadcrumb"},"inLanguage":"es","potentialAction":[{"@type":"ReadAction","target":["https:\/\/laredsocial-noticias.com\/wp\/atendera-bcs-directrices-del-inee-sobre-jornaleros-agricolas\/"]}]},{"@type":"BreadcrumbList","@id":"https:\/\/laredsocial-noticias.com\/wp\/atendera-bcs-directrices-del-inee-sobre-jornaleros-agricolas\/#breadcrumb","itemListElement":[{"@type":"ListItem","position":1,"name":"Portada","item":"https:\/\/laredsocial-noticias.com\/wp\/"},{"@type":"ListItem","position":2,"name":"Atender\u00e1 BCS directrices del INEE sobre jornaleros agr\u00edcolas"}]},{"@type":"WebSite","@id":"https:\/\/laredsocial-noticias.com\/wp\/#website","url":"https:\/\/laredsocial-noticias.com\/wp\/","name":"NOTICIAS","description":"Lo que se ve y se dice en las redes sociales","potentialAction":[{"@type":"SearchAction","target":{"@type":"EntryPoint","urlTemplate":"https:\/\/laredsocial-noticias.com\/wp\/?s={search_term_string}"},"query-input":{"@type":"PropertyValueSpecification","valueRequired":true,"valueName":"search_term_string"}}],"inLanguage":"es"},{"@type":"Person","@id":"https:\/\/laredsocial-noticias.com\/wp\/#\/schema\/person\/0ce78643f2de7aae6f6ef10e8453a6e0","name":"Editor en Jefe","url":"https:\/\/laredsocial-noticias.com\/wp\/author\/jorgeochoa\/"}]}},"_links":{"self":[{"href":"https:\/\/laredsocial-noticias.com\/wp\/wp-json\/wp\/v2\/posts\/29700","targetHints":{"allow":["GET"]}}],"collection":[{"href":"https:\/\/laredsocial-noticias.com\/wp\/wp-json\/wp\/v2\/posts"}],"about":[{"href":"https:\/\/laredsocial-noticias.com\/wp\/wp-json\/wp\/v2\/types\/post"}],"author":[{"embeddable":true,"href":"https:\/\/laredsocial-noticias.com\/wp\/wp-json\/wp\/v2\/users\/1"}],"replies":[{"embeddable":true,"href":"https:\/\/laredsocial-noticias.com\/wp\/wp-json\/wp\/v2\/comments?post=29700"}],"version-history":[{"count":1,"href":"https:\/\/laredsocial-noticias.com\/wp\/wp-json\/wp\/v2\/posts\/29700\/revisions"}],"predecessor-version":[{"id":29701,"href":"https:\/\/laredsocial-noticias.com\/wp\/wp-json\/wp\/v2\/posts\/29700\/revisions\/29701"}],"wp:attachment":[{"href":"https:\/\/laredsocial-noticias.com\/wp\/wp-json\/wp\/v2\/media?parent=29700"}],"wp:term":[{"taxonomy":"category","embeddable":true,"href":"https:\/\/laredsocial-noticias.com\/wp\/wp-json\/wp\/v2\/categories?post=29700"},{"taxonomy":"post_tag","embeddable":true,"href":"https:\/\/laredsocial-noticias.com\/wp\/wp-json\/wp\/v2\/tags?post=29700"}],"curies":[{"name":"wp","href":"https:\/\/api.w.org\/{rel}","templated":true}]}}