{"id":30272,"date":"2016-09-28T09:25:51","date_gmt":"2016-09-28T14:25:51","guid":{"rendered":"http:\/\/laredsocial-noticias.com\/wp\/?p=30272"},"modified":"2016-09-28T09:25:58","modified_gmt":"2016-09-28T14:25:58","slug":"hoy-se-realizara-el-safari-nocturno-en-el-museo-de-historia-natural","status":"publish","type":"post","link":"https:\/\/laredsocial-noticias.com\/wp\/hoy-se-realizara-el-safari-nocturno-en-el-museo-de-historia-natural\/","title":{"rendered":"Hoy se realizar\u00e1 el safari nocturno en el Museo de Historia Natural"},"content":{"rendered":"<p><strong>CUIDAD DE M\u00c9XICO, 28 de septiembre, (AZCAPO NOTICIAS \/ C\u00cdRCULO DIGITAL).-\u00a0<\/strong>Entre las 18:00 y 22:00 horas de este mi\u00e9rcoles, los capitalinos podr\u00e1n asistir a la Noche de Safari en el Museo de Historia Natural, en donde descubrir\u00e1n paso a paso las entra\u00f1ables piezas que lo habitan.<\/p>\n<div class=\"desarrollo\">\n<p>El recorrido, que ofrece la Secretar\u00eda del Medio Ambiente capitalina, comenzar\u00e1 en la sala de la Evoluci\u00f3n de los Seres Vivos, continuar\u00e1 en Adaptaci\u00f3n al Medio Terrestre y Acu\u00e1tico, para finalizar en Clasificaci\u00f3n de los Seres Vivos.<\/p>\n<p>Acompa\u00f1ados por un explorador gu\u00eda, los visitantes descubrir\u00e1 un enorme esqueleto de dinosaurio de 25 metros, un tigre dientes de sable y un esqueleto de ballena de 12 metros de largo procedente de Baja California Sur, entre otras emblem\u00e1ticas piezas.<\/p>\n<p>Adem\u00e1s, conocer\u00e1n los h\u00e1bitats, dietas y \u00e9pocas en las que vivieron los diferentes ejemplares; aprender\u00e1n acerca de la evoluci\u00f3n y los riesgos de extinci\u00f3n, con el fin de conocer la importancia de conservar las especies que habitan en el planeta.<\/p>\n<p>El safari nocturno tendr\u00e1 una duraci\u00f3n de 40 minutos y se desarrollar\u00e1 en tres horarios, a las 19:00, 20:00 y 21:00 horas.<\/p>\n<p>Con la finalidad de prever el n\u00famero de asistentes y atenderlos con fluidez, se solicita un registro previo en el correo eventosespeciales.mhn@gmail.com.<\/p>\n<p>Como en cada evento nocturno, habr\u00e1 recorridos guiados a las exposiciones permanentes como Biogeograf\u00eda a las 18:00 y 20:00 horas, as\u00ed como Universo a las 19:00 y 21:00 horas.<\/p>\n<p>Este recinto abre sus puertas de martes a domingo en un horario de 10:00 a 17:00; la entrada general tiene un costo de 25 pesos, pero maestros y estudiantes con credencial vigente s\u00f3lo pagan 11 pesos.<\/p>\n<p>En tanto, el ingreso es gratuito para adultos mayores, personas con discapacidad y menores de 3 a\u00f1os.<\/p>\n<p>Los visitantes que utilicen c\u00e1mara fotogr\u00e1fica deber\u00e1n pagar la cantidad de cuatro pesos y con c\u00e1mara de video 31, mientras que las visitas guiadas tienen un costo de siete pesos y el servicio de silla de ruedas es gratuito.<\/p>\n<p>Los interesados pueden solicitar mayor informaci\u00f3n al tel\u00e9fono 55 15 63 04, en la extensi\u00f3n 112 y 113, o bien consultar la p\u00e1gina web del Museo de Historia Natural y sus redes sociales.<\/p>\n<\/div>\n<p>&nbsp;<\/p>\n","protected":false},"excerpt":{"rendered":"<p>CUIDAD DE M\u00c9XICO, 28 de septiembre, (AZCAPO NOTICIAS \/ C\u00cdRCULO DIGITAL).-\u00a0Entre las 18:00 y 22:00 horas de este mi\u00e9rcoles, los&#8230;<\/p>\n","protected":false},"author":1,"featured_media":0,"comment_status":"closed","ping_status":"closed","sticky":false,"template":"","format":"standard","meta":{"footnotes":""},"categories":[91,1796,73],"tags":[261,212,77],"class_list":["post-30272","post","type-post","status-publish","format-standard","hentry","category-cdmx","category-circulodigital","category-principal","tag-cdmx","tag-metropoli","tag-principal"],"yoast_head":"<!-- This site is optimized with the Yoast SEO plugin v26.5 - https:\/\/yoast.com\/wordpress\/plugins\/seo\/ -->\n<title>Hoy se realizar\u00e1 el safari nocturno en el Museo de Historia Natural - NOTICIAS<\/title>\n<meta name=\"robots\" content=\"index, follow, max-snippet:-1, max-image-preview:large, max-video-preview:-1\" \/>\n<link rel=\"canonical\" href=\"https:\/\/laredsocial-noticias.com\/wp\/hoy-se-realizara-el-safari-nocturno-en-el-museo-de-historia-natural\/\" \/>\n<meta property=\"og:locale\" content=\"es_ES\" \/>\n<meta property=\"og:type\" content=\"article\" \/>\n<meta property=\"og:title\" content=\"Hoy se realizar\u00e1 el safari nocturno en el Museo de Historia Natural - NOTICIAS\" \/>\n<meta property=\"og:description\" content=\"CUIDAD DE M\u00c9XICO, 28 de septiembre, (AZCAPO NOTICIAS \/ C\u00cdRCULO DIGITAL).-\u00a0Entre las 18:00 y 22:00 horas de este mi\u00e9rcoles, los...\" \/>\n<meta property=\"og:url\" content=\"https:\/\/laredsocial-noticias.com\/wp\/hoy-se-realizara-el-safari-nocturno-en-el-museo-de-historia-natural\/\" \/>\n<meta property=\"og:site_name\" content=\"NOTICIAS\" \/>\n<meta property=\"article:published_time\" content=\"2016-09-28T14:25:51+00:00\" \/>\n<meta property=\"article:modified_time\" content=\"2016-09-28T14:25:58+00:00\" \/>\n<meta name=\"author\" content=\"Editor en Jefe\" \/>\n<meta name=\"twitter:card\" content=\"summary_large_image\" \/>\n<meta name=\"twitter:label1\" content=\"Escrito por\" \/>\n\t<meta name=\"twitter:data1\" content=\"Editor en Jefe\" \/>\n\t<meta name=\"twitter:label2\" content=\"Tiempo de lectura\" \/>\n\t<meta name=\"twitter:data2\" content=\"2 minutos\" \/>\n<!-- \/ Yoast SEO plugin. -->","yoast_head_json":{"title":"Hoy se realizar\u00e1 el safari nocturno en el Museo de Historia Natural - NOTICIAS","robots":{"index":"index","follow":"follow","max-snippet":"max-snippet:-1","max-image-preview":"max-image-preview:large","max-video-preview":"max-video-preview:-1"},"canonical":"https:\/\/laredsocial-noticias.com\/wp\/hoy-se-realizara-el-safari-nocturno-en-el-museo-de-historia-natural\/","og_locale":"es_ES","og_type":"article","og_title":"Hoy se realizar\u00e1 el safari nocturno en el Museo de Historia Natural - NOTICIAS","og_description":"CUIDAD DE M\u00c9XICO, 28 de septiembre, (AZCAPO NOTICIAS \/ C\u00cdRCULO DIGITAL).-\u00a0Entre las 18:00 y 22:00 horas de este mi\u00e9rcoles, los...","og_url":"https:\/\/laredsocial-noticias.com\/wp\/hoy-se-realizara-el-safari-nocturno-en-el-museo-de-historia-natural\/","og_site_name":"NOTICIAS","article_published_time":"2016-09-28T14:25:51+00:00","article_modified_time":"2016-09-28T14:25:58+00:00","author":"Editor en Jefe","twitter_card":"summary_large_image","twitter_misc":{"Escrito por":"Editor en Jefe","Tiempo de lectura":"2 minutos"},"schema":{"@context":"https:\/\/schema.org","@graph":[{"@type":"WebPage","@id":"https:\/\/laredsocial-noticias.com\/wp\/hoy-se-realizara-el-safari-nocturno-en-el-museo-de-historia-natural\/","url":"https:\/\/laredsocial-noticias.com\/wp\/hoy-se-realizara-el-safari-nocturno-en-el-museo-de-historia-natural\/","name":"Hoy se realizar\u00e1 el safari nocturno en el Museo de Historia Natural - NOTICIAS","isPartOf":{"@id":"https:\/\/laredsocial-noticias.com\/wp\/#website"},"datePublished":"2016-09-28T14:25:51+00:00","dateModified":"2016-09-28T14:25:58+00:00","author":{"@id":"https:\/\/laredsocial-noticias.com\/wp\/#\/schema\/person\/0ce78643f2de7aae6f6ef10e8453a6e0"},"breadcrumb":{"@id":"https:\/\/laredsocial-noticias.com\/wp\/hoy-se-realizara-el-safari-nocturno-en-el-museo-de-historia-natural\/#breadcrumb"},"inLanguage":"es","potentialAction":[{"@type":"ReadAction","target":["https:\/\/laredsocial-noticias.com\/wp\/hoy-se-realizara-el-safari-nocturno-en-el-museo-de-historia-natural\/"]}]},{"@type":"BreadcrumbList","@id":"https:\/\/laredsocial-noticias.com\/wp\/hoy-se-realizara-el-safari-nocturno-en-el-museo-de-historia-natural\/#breadcrumb","itemListElement":[{"@type":"ListItem","position":1,"name":"Portada","item":"https:\/\/laredsocial-noticias.com\/wp\/"},{"@type":"ListItem","position":2,"name":"Hoy se realizar\u00e1 el safari nocturno en el Museo de Historia Natural"}]},{"@type":"WebSite","@id":"https:\/\/laredsocial-noticias.com\/wp\/#website","url":"https:\/\/laredsocial-noticias.com\/wp\/","name":"NOTICIAS","description":"Lo que se ve y se dice en las redes sociales","potentialAction":[{"@type":"SearchAction","target":{"@type":"EntryPoint","urlTemplate":"https:\/\/laredsocial-noticias.com\/wp\/?s={search_term_string}"},"query-input":{"@type":"PropertyValueSpecification","valueRequired":true,"valueName":"search_term_string"}}],"inLanguage":"es"},{"@type":"Person","@id":"https:\/\/laredsocial-noticias.com\/wp\/#\/schema\/person\/0ce78643f2de7aae6f6ef10e8453a6e0","name":"Editor en Jefe","url":"https:\/\/laredsocial-noticias.com\/wp\/author\/jorgeochoa\/"}]}},"_links":{"self":[{"href":"https:\/\/laredsocial-noticias.com\/wp\/wp-json\/wp\/v2\/posts\/30272","targetHints":{"allow":["GET"]}}],"collection":[{"href":"https:\/\/laredsocial-noticias.com\/wp\/wp-json\/wp\/v2\/posts"}],"about":[{"href":"https:\/\/laredsocial-noticias.com\/wp\/wp-json\/wp\/v2\/types\/post"}],"author":[{"embeddable":true,"href":"https:\/\/laredsocial-noticias.com\/wp\/wp-json\/wp\/v2\/users\/1"}],"replies":[{"embeddable":true,"href":"https:\/\/laredsocial-noticias.com\/wp\/wp-json\/wp\/v2\/comments?post=30272"}],"version-history":[{"count":0,"href":"https:\/\/laredsocial-noticias.com\/wp\/wp-json\/wp\/v2\/posts\/30272\/revisions"}],"wp:attachment":[{"href":"https:\/\/laredsocial-noticias.com\/wp\/wp-json\/wp\/v2\/media?parent=30272"}],"wp:term":[{"taxonomy":"category","embeddable":true,"href":"https:\/\/laredsocial-noticias.com\/wp\/wp-json\/wp\/v2\/categories?post=30272"},{"taxonomy":"post_tag","embeddable":true,"href":"https:\/\/laredsocial-noticias.com\/wp\/wp-json\/wp\/v2\/tags?post=30272"}],"curies":[{"name":"wp","href":"https:\/\/api.w.org\/{rel}","templated":true}]}}