{"id":31070,"date":"2016-10-03T18:53:07","date_gmt":"2016-10-03T23:53:07","guid":{"rendered":"http:\/\/laredsocial-noticias.com\/wp\/?p=31070"},"modified":"2016-10-03T18:55:31","modified_gmt":"2016-10-03T23:55:31","slug":"apresta-mc-clausura-de-oficinas-de-shcp-por-recorte-presupuestal-a-cdmx","status":"publish","type":"post","link":"https:\/\/laredsocial-noticias.com\/wp\/apresta-mc-clausura-de-oficinas-de-shcp-por-recorte-presupuestal-a-cdmx\/","title":{"rendered":"Apresta MC clausura de oficinas de SHCP por recorte presupuestal a CDMX"},"content":{"rendered":"<ul>\n<li><strong>Critica L\u00f3pez Campa irresponsabilidad e inoportunidad en manejo de finanzas nacionales<\/strong><\/li>\n<\/ul>\n<p><a href=\"http:\/\/laredsocial-noticias.com\/wp\/?attachment_id=31072\" rel=\"attachment wp-att-31072\"><img loading=\"lazy\" decoding=\"async\" class=\"wp-image-31072 alignright\" src=\"http:\/\/laredsocial-noticias.com\/wp\/wp-content\/uploads\/2016\/10\/CAMPA.AQUI_....jpg\" alt=\"campa-aqui\" width=\"436\" height=\"290\" data-wp-pid=\"31072\" \/><\/a><\/p>\n<p><a href=\"http:\/\/laredsocial-noticias.com\/wp\/?attachment_id=31073\" rel=\"attachment wp-att-31073\"><img loading=\"lazy\" decoding=\"async\" class=\"aligncenter wp-image-31073\" src=\"http:\/\/laredsocial-noticias.com\/wp\/wp-content\/uploads\/2016\/10\/MEADE.PENSATIVO-300x137.jpg\" alt=\"meade-pensativo\" width=\"308\" height=\"141\" data-wp-pid=\"31073\" \/><\/a><\/p>\n<p>Guillermo Pimentel Balderas<\/p>\n<p>Movimiento Ciudadano (MC) en la ALDF critic\u00f3 duramente la irresponsabilidad e inoportunidad de la Secretaria de Hacienda en el manejo de las finanzas nacionales.<\/p>\n<p>Por ello, se apresta a clausurar la oficinas de Jos\u00e9 Antonio Meade en protesta por el recorte presupuestal a la Ciudad de M\u00e9xico en el 2017.<a href=\"http:\/\/laredsocial-noticias.com\/wp\/?attachment_id=31074\" rel=\"attachment wp-att-31074\"><img loading=\"lazy\" decoding=\"async\" class=\"aligncenter wp-image-31074\" src=\"http:\/\/laredsocial-noticias.com\/wp\/wp-content\/uploads\/2016\/10\/FACHADA.SHCP_....jpg\" alt=\"fachada-shcp\" width=\"343\" height=\"228\" data-wp-pid=\"31074\" \/><\/a><\/p>\n<p>El coordinador del Grupo Parlamentario de Movimiento Ciudadano en la ALDF, Armando L\u00f3pez Campa, anunci\u00f3 que en pr\u00f3ximos d\u00edas acudir\u00e1 acompa\u00f1ado con un grupo de militantes a realizar esta acci\u00f3n ciudadana.<\/p>\n<p>En entrevista, dijo que ante un entorno econ\u00f3mico adverso en el que viene una contracci\u00f3n del gasto producto de los ajustes presupuestales es necesario tener claridad en la dimensi\u00f3n de \u00e9stos.<\/p>\n<p>Asegur\u00f3 que el reiterado discurso oficial del Gobierno federal que se autocalifica como responsable y oportuno en el manejo de las finanzas nacionales y que ante los desequilibrios invariablemente aduce causas externas, es el mismo que hace cuentas alegres y despu\u00e9s tiene que ajustar a la baja las expectativas de crecimiento.<\/p>\n<p>\u201cEl que solapa el endeudamiento irresponsable y que privilegia el gasto superfluo y de imagen por encima de rubros prioritarios, ahora plantea una reducci\u00f3n presupuestal para la Ciudad de M\u00e9xico en la que cancela el Fondo de Capitalidad y trunca proyectos como el del Metro\u201d, sostuvo.<\/p>\n<p>Reproch\u00f3 que en un tono jocoso, el secretario de Hacienda, Jos\u00e9 Antonio Meade, desestime las afectaciones a las finanzas de la Ciudad, apoy\u00e1ndose en una interpretaci\u00f3n de los ajustes con la que pretende vender la idea de que no s\u00f3lo no se afectan los ingresos de la capital sino que se incrementan.<\/p>\n<p>\u201cLo cierto es que se afecta el presupuesto de la Ciudad con un monto que se calcula en 10 mil millones de pesos y eso sin considerar la inflaci\u00f3n ni la erosi\u00f3n del peso frente al d\u00f3lar\u201d, refiri\u00f3.<\/p>\n<p>&nbsp;<\/p>\n<p>El l\u00edder de la bancada de MC en la Asamblea Legislativa asegur\u00f3 que de acuerdo con las calificadoras, los niveles de endeudamiento de la Ciudad de M\u00e9xico se consideran aceptables, por lo que hizo un llamado a la prudencia, \u201cno podemos permitir un desbordamiento en la contrataci\u00f3n crediticia. Hemos visto efectos devastadores en el endeudamiento irresponsable del Gobierno Federal y la mayor\u00eda\u00a0de estados o municipios.<\/p>\n<p>Asimismo, indic\u00f3 que hablar de disciplina y pulcritud en el manejo financiero es una constante, aunque hoy m\u00e1s que nunca se debe ser puntual y extremadamente cuidadoso en la administraci\u00f3n.<\/p>\n<p>\u201cEl manejo financiero de la Capital debe ser pilar fundamental para la Ciudad de M\u00e9xico que queremos y estamos construyendo. Los recursos no s\u00f3lo deben ser suficientes y obedecer a una planeaci\u00f3n seria; deben ser administrados con la mayor pulcritud y transparencia\u201d, puntualiz\u00f3.<\/p>\n","protected":false},"excerpt":{"rendered":"<p>Critica L\u00f3pez Campa irresponsabilidad e inoportunidad en manejo de finanzas nacionales Guillermo Pimentel Balderas Movimiento Ciudadano (MC) en la ALDF&#8230;<\/p>\n","protected":false},"author":10,"featured_media":0,"comment_status":"open","ping_status":"open","sticky":false,"template":"","format":"standard","meta":{"footnotes":""},"categories":[2788,1753],"tags":[3073],"class_list":["post-31070","post","type-post","status-publish","format-standard","hentry","category-aldf","category-mc","tag-dip-armando-lopez-campa"],"yoast_head":"<!-- This site is optimized with the Yoast SEO plugin v26.5 - https:\/\/yoast.com\/wordpress\/plugins\/seo\/ -->\n<title>Apresta MC clausura de oficinas de SHCP por recorte presupuestal a CDMX - NOTICIAS<\/title>\n<meta name=\"robots\" content=\"index, follow, max-snippet:-1, max-image-preview:large, max-video-preview:-1\" \/>\n<link rel=\"canonical\" href=\"https:\/\/laredsocial-noticias.com\/wp\/apresta-mc-clausura-de-oficinas-de-shcp-por-recorte-presupuestal-a-cdmx\/\" \/>\n<meta property=\"og:locale\" content=\"es_ES\" \/>\n<meta property=\"og:type\" content=\"article\" \/>\n<meta property=\"og:title\" content=\"Apresta MC clausura de oficinas de SHCP por recorte presupuestal a CDMX - NOTICIAS\" \/>\n<meta property=\"og:description\" content=\"Critica L\u00f3pez Campa irresponsabilidad e inoportunidad en manejo de finanzas nacionales Guillermo Pimentel Balderas Movimiento Ciudadano (MC) en la ALDF...\" \/>\n<meta property=\"og:url\" content=\"https:\/\/laredsocial-noticias.com\/wp\/apresta-mc-clausura-de-oficinas-de-shcp-por-recorte-presupuestal-a-cdmx\/\" \/>\n<meta property=\"og:site_name\" content=\"NOTICIAS\" \/>\n<meta property=\"article:published_time\" content=\"2016-10-03T23:53:07+00:00\" \/>\n<meta property=\"article:modified_time\" content=\"2016-10-03T23:55:31+00:00\" \/>\n<meta property=\"og:image\" content=\"https:\/\/laredsocial-noticias.com\/wp\/wp-content\/uploads\/2016\/10\/MEADE.PENSATIVO.jpg\" \/>\n\t<meta property=\"og:image:width\" content=\"332\" \/>\n\t<meta property=\"og:image:height\" content=\"152\" \/>\n\t<meta property=\"og:image:type\" content=\"image\/jpeg\" \/>\n<meta name=\"author\" content=\"Guillermo Pimentel\" \/>\n<meta name=\"twitter:card\" content=\"summary_large_image\" \/>\n<meta name=\"twitter:label1\" content=\"Escrito por\" \/>\n\t<meta name=\"twitter:data1\" content=\"Guillermo Pimentel\" \/>\n\t<meta name=\"twitter:label2\" content=\"Tiempo de lectura\" \/>\n\t<meta name=\"twitter:data2\" content=\"2 minutos\" \/>\n<!-- \/ Yoast SEO plugin. -->","yoast_head_json":{"title":"Apresta MC clausura de oficinas de SHCP por recorte presupuestal a CDMX - NOTICIAS","robots":{"index":"index","follow":"follow","max-snippet":"max-snippet:-1","max-image-preview":"max-image-preview:large","max-video-preview":"max-video-preview:-1"},"canonical":"https:\/\/laredsocial-noticias.com\/wp\/apresta-mc-clausura-de-oficinas-de-shcp-por-recorte-presupuestal-a-cdmx\/","og_locale":"es_ES","og_type":"article","og_title":"Apresta MC clausura de oficinas de SHCP por recorte presupuestal a CDMX - NOTICIAS","og_description":"Critica L\u00f3pez Campa irresponsabilidad e inoportunidad en manejo de finanzas nacionales Guillermo Pimentel Balderas Movimiento Ciudadano (MC) en la ALDF...","og_url":"https:\/\/laredsocial-noticias.com\/wp\/apresta-mc-clausura-de-oficinas-de-shcp-por-recorte-presupuestal-a-cdmx\/","og_site_name":"NOTICIAS","article_published_time":"2016-10-03T23:53:07+00:00","article_modified_time":"2016-10-03T23:55:31+00:00","og_image":[{"width":332,"height":152,"url":"https:\/\/laredsocial-noticias.com\/wp\/wp-content\/uploads\/2016\/10\/MEADE.PENSATIVO.jpg","type":"image\/jpeg"}],"author":"Guillermo Pimentel","twitter_card":"summary_large_image","twitter_misc":{"Escrito por":"Guillermo Pimentel","Tiempo de lectura":"2 minutos"},"schema":{"@context":"https:\/\/schema.org","@graph":[{"@type":"WebPage","@id":"https:\/\/laredsocial-noticias.com\/wp\/apresta-mc-clausura-de-oficinas-de-shcp-por-recorte-presupuestal-a-cdmx\/","url":"https:\/\/laredsocial-noticias.com\/wp\/apresta-mc-clausura-de-oficinas-de-shcp-por-recorte-presupuestal-a-cdmx\/","name":"Apresta MC clausura de oficinas de SHCP por recorte presupuestal a CDMX - NOTICIAS","isPartOf":{"@id":"https:\/\/laredsocial-noticias.com\/wp\/#website"},"primaryImageOfPage":{"@id":"https:\/\/laredsocial-noticias.com\/wp\/apresta-mc-clausura-de-oficinas-de-shcp-por-recorte-presupuestal-a-cdmx\/#primaryimage"},"image":{"@id":"https:\/\/laredsocial-noticias.com\/wp\/apresta-mc-clausura-de-oficinas-de-shcp-por-recorte-presupuestal-a-cdmx\/#primaryimage"},"thumbnailUrl":"http:\/\/laredsocial-noticias.com\/wp\/wp-content\/uploads\/2016\/10\/CAMPA.AQUI_....jpg","datePublished":"2016-10-03T23:53:07+00:00","dateModified":"2016-10-03T23:55:31+00:00","author":{"@id":"https:\/\/laredsocial-noticias.com\/wp\/#\/schema\/person\/9c09eb8c35c46dac6d30e2baff4b64d6"},"breadcrumb":{"@id":"https:\/\/laredsocial-noticias.com\/wp\/apresta-mc-clausura-de-oficinas-de-shcp-por-recorte-presupuestal-a-cdmx\/#breadcrumb"},"inLanguage":"es","potentialAction":[{"@type":"ReadAction","target":["https:\/\/laredsocial-noticias.com\/wp\/apresta-mc-clausura-de-oficinas-de-shcp-por-recorte-presupuestal-a-cdmx\/"]}]},{"@type":"ImageObject","inLanguage":"es","@id":"https:\/\/laredsocial-noticias.com\/wp\/apresta-mc-clausura-de-oficinas-de-shcp-por-recorte-presupuestal-a-cdmx\/#primaryimage","url":"","contentUrl":""},{"@type":"BreadcrumbList","@id":"https:\/\/laredsocial-noticias.com\/wp\/apresta-mc-clausura-de-oficinas-de-shcp-por-recorte-presupuestal-a-cdmx\/#breadcrumb","itemListElement":[{"@type":"ListItem","position":1,"name":"Portada","item":"https:\/\/laredsocial-noticias.com\/wp\/"},{"@type":"ListItem","position":2,"name":"Apresta MC clausura de oficinas de SHCP por recorte presupuestal a CDMX"}]},{"@type":"WebSite","@id":"https:\/\/laredsocial-noticias.com\/wp\/#website","url":"https:\/\/laredsocial-noticias.com\/wp\/","name":"NOTICIAS","description":"Lo que se ve y se dice en las redes sociales","potentialAction":[{"@type":"SearchAction","target":{"@type":"EntryPoint","urlTemplate":"https:\/\/laredsocial-noticias.com\/wp\/?s={search_term_string}"},"query-input":{"@type":"PropertyValueSpecification","valueRequired":true,"valueName":"search_term_string"}}],"inLanguage":"es"},{"@type":"Person","@id":"https:\/\/laredsocial-noticias.com\/wp\/#\/schema\/person\/9c09eb8c35c46dac6d30e2baff4b64d6","name":"Guillermo Pimentel","url":"https:\/\/laredsocial-noticias.com\/wp\/author\/guillermo\/"}]}},"_links":{"self":[{"href":"https:\/\/laredsocial-noticias.com\/wp\/wp-json\/wp\/v2\/posts\/31070","targetHints":{"allow":["GET"]}}],"collection":[{"href":"https:\/\/laredsocial-noticias.com\/wp\/wp-json\/wp\/v2\/posts"}],"about":[{"href":"https:\/\/laredsocial-noticias.com\/wp\/wp-json\/wp\/v2\/types\/post"}],"author":[{"embeddable":true,"href":"https:\/\/laredsocial-noticias.com\/wp\/wp-json\/wp\/v2\/users\/10"}],"replies":[{"embeddable":true,"href":"https:\/\/laredsocial-noticias.com\/wp\/wp-json\/wp\/v2\/comments?post=31070"}],"version-history":[{"count":2,"href":"https:\/\/laredsocial-noticias.com\/wp\/wp-json\/wp\/v2\/posts\/31070\/revisions"}],"predecessor-version":[{"id":31076,"href":"https:\/\/laredsocial-noticias.com\/wp\/wp-json\/wp\/v2\/posts\/31070\/revisions\/31076"}],"wp:attachment":[{"href":"https:\/\/laredsocial-noticias.com\/wp\/wp-json\/wp\/v2\/media?parent=31070"}],"wp:term":[{"taxonomy":"category","embeddable":true,"href":"https:\/\/laredsocial-noticias.com\/wp\/wp-json\/wp\/v2\/categories?post=31070"},{"taxonomy":"post_tag","embeddable":true,"href":"https:\/\/laredsocial-noticias.com\/wp\/wp-json\/wp\/v2\/tags?post=31070"}],"curies":[{"name":"wp","href":"https:\/\/api.w.org\/{rel}","templated":true}]}}