{"id":31541,"date":"2016-10-06T08:53:42","date_gmt":"2016-10-06T13:53:42","guid":{"rendered":"http:\/\/laredsocial-noticias.com\/wp\/?p=31541"},"modified":"2016-10-06T08:53:42","modified_gmt":"2016-10-06T13:53:42","slug":"adeuda-federacion-150-mmdp-a-pequenas-y-medianas-empresas","status":"publish","type":"post","link":"https:\/\/laredsocial-noticias.com\/wp\/adeuda-federacion-150-mmdp-a-pequenas-y-medianas-empresas\/","title":{"rendered":"Adeuda Federaci\u00f3n 150 mmdp a peque\u00f1as y medianas empresas"},"content":{"rendered":"<p><img loading=\"lazy\" decoding=\"async\" class=\"alignright size-full wp-image-31543\" src=\"http:\/\/laredsocial-noticias.com\/wp\/wp-content\/uploads\/2016\/10\/rai.jpg\" alt=\"rai\" width=\"275\" height=\"183\" data-wp-pid=\"31543\" \/><\/p>\n<p>POR AIDA RAMIREZ MARIN, enviada<\/p>\n<p>GUADALAJARA, Jal.- Diversas entidades de la Federaci\u00f3n adeudan a proveedores del sector industrial, de peque\u00f1as y medianas empresas, m\u00e1s de 150 mil millones de pesos.<\/p>\n<p>Previo al inicio formal de los trabajos de la Reuni\u00f3n Anual de Industriales, RAI 2016, Manuel Herrera Vega asever\u00f3: \u201cLos \u00faltimos dato que ten\u00edamos que rondan por 150 mil millones de pesos, aproximadamente, pero tendr\u00edamos que actualizarlo\u201d.<\/p>\n<p>Se\u00f1al\u00f3 que los principales estados que registran saldos negativos son Veracruz, Coahuila, Michoac\u00e1n y Sinaloa, entre otros.<\/p>\n<p>No obstante lo anterior, dijo que los industriales se mantienen atentos a las compras de gobierno, pero con pago oportuno, en donde los gobiernos estatales no se \u201capalanquen\u201d con los empresarios.<\/p>\n<p>Por otro lado, reconoci\u00f3 que el incremento de la tasa de inter\u00e9s que decidi\u00f3 el Banco de M\u00e9xico (Banxico) tendr\u00e1 un costo financiero para las empresas, pero observ\u00f3 que se trata de medidas necesarias que son en beneficio del pa\u00eds.<\/p>\n<p>En un recorrido por las instalaciones de M\u00e9xico Innovaci\u00f3n y Dise\u00f1o (Mind), Herrera Vega agreg\u00f3 que el ajuste era urgente para controlar la especulaci\u00f3n, volatilidad y dem\u00e1s problemas asociados a los vaivenes internacionales.<\/p>\n<p>Al referirse a la demanda del sector privado para que el Congreso de la Uni\u00f3n reforme la Ley del Impuesto Sobre la Renta sobre deducibilidad total de prestaciones laborales, afirm\u00f3 que acompa\u00f1an esta petici\u00f3n \u201cdebido a que es necesaria para generar empleo e incentivar la inversi\u00f3n\u201d.<\/p>\n<p>Sobre un eventual incremento al salario m\u00ednimo, manifest\u00f3 que los industriales est\u00e1n comprometidos con ello, y en las pr\u00f3ximas semanas determinar\u00e1n qu\u00e9 se puede hacer para aumentar el ingreso de los colaboradores de las empresas.<\/p>\n<p>\u201cEst\u00e1 indexado a muchas otras contribuciones e indicadores que podr\u00e1n generar impacto negativo en la econom\u00eda, pero creemos que es tiempo de definirnos al respecto\u201d, dijo.<\/p>\n<p>Cuestionado sobre la inseguridad en carreteras y las condiciones que ahora ponen las compa\u00f1\u00edas aseguradoras para el contrato de seguros, Manuel Herrera coment\u00f3 que hay un crecimiento de robo en transporte de carga y ferrocarril, en 50 por ciento, pero asegur\u00f3 que ya est\u00e1n en pl\u00e1ticas con los tres niveles de gobierno para generar rutas seguras.<\/p>\n<p>Cabe se\u00f1alar que M\u00e9xico Innovaci\u00f3n y Dise\u00f1o es una iniciativa para incrementar la inversi\u00f3n del sector privado en materia de innovaci\u00f3n, aprovechando el bono demogr\u00e1fico y la apertura comercial.<\/p>\n<p>Se indic\u00f3 que es un modelo que inicia en Jalisco \u2013y se replicar\u00e1 en la Ciudad de M\u00e9xico-, en el que industria, gobierno, academia y sociedad civil se vinculan bajo un ecosistema de intercambio de necesidades y experiencias para la generaci\u00f3n de oportunidades.<\/p>\n<p>En este tenor, El\u00edas Micha, coordinador de Ciencia, Tecnolog\u00eda e Innovaci\u00f3n de la Presidencia de la Rep\u00fablica, se\u00f1al\u00f3 que en la actualidad, es el Gobierno federal la instancia que invierte alrededor de 60 por ciento en este rubro, mientras que el empresariado apenas lo hace con un 30 por ciento, cuando en los pa\u00edses industrializados el porcentaje es al rev\u00e9s.<\/p>\n<p>Por ello, dijo, se busca en el Congreso de la Uni\u00f3n que se dise\u00f1en incentivos para que el sector privado invierta m\u00e1s y se logre llegar a la meta de invertir al menos el uno por ciento del Producto Interno Bruto (PIB), en este rubro, cuando concluya la administraci\u00f3n del presidente Enrique Pe\u00f1a Nieto.<\/p>\n","protected":false},"excerpt":{"rendered":"<p>POR AIDA RAMIREZ MARIN, enviada GUADALAJARA, Jal.- Diversas entidades de la Federaci\u00f3n adeudan a proveedores del sector industrial, de peque\u00f1as&#8230;<\/p>\n","protected":false},"author":1,"featured_media":0,"comment_status":"open","ping_status":"open","sticky":false,"template":"","format":"standard","meta":{"footnotes":""},"categories":[1996,1],"tags":[],"class_list":["post-31541","post","type-post","status-publish","format-standard","hentry","category-finanzas","category-uncategorized"],"yoast_head":"<!-- This site is optimized with the Yoast SEO plugin v26.5 - https:\/\/yoast.com\/wordpress\/plugins\/seo\/ -->\n<title>Adeuda Federaci\u00f3n 150 mmdp a peque\u00f1as y medianas empresas - NOTICIAS<\/title>\n<meta name=\"robots\" content=\"index, follow, max-snippet:-1, max-image-preview:large, max-video-preview:-1\" \/>\n<link rel=\"canonical\" href=\"https:\/\/laredsocial-noticias.com\/wp\/adeuda-federacion-150-mmdp-a-pequenas-y-medianas-empresas\/\" \/>\n<meta property=\"og:locale\" content=\"es_ES\" \/>\n<meta property=\"og:type\" content=\"article\" \/>\n<meta property=\"og:title\" content=\"Adeuda Federaci\u00f3n 150 mmdp a peque\u00f1as y medianas empresas - NOTICIAS\" \/>\n<meta property=\"og:description\" content=\"POR AIDA RAMIREZ MARIN, enviada GUADALAJARA, Jal.- Diversas entidades de la Federaci\u00f3n adeudan a proveedores del sector industrial, de peque\u00f1as...\" \/>\n<meta property=\"og:url\" content=\"https:\/\/laredsocial-noticias.com\/wp\/adeuda-federacion-150-mmdp-a-pequenas-y-medianas-empresas\/\" \/>\n<meta property=\"og:site_name\" content=\"NOTICIAS\" \/>\n<meta property=\"article:published_time\" content=\"2016-10-06T13:53:42+00:00\" \/>\n<meta property=\"og:image\" content=\"https:\/\/laredsocial-noticias.com\/wp\/wp-content\/uploads\/2016\/10\/rai.jpg\" \/>\n\t<meta property=\"og:image:width\" content=\"275\" \/>\n\t<meta property=\"og:image:height\" content=\"183\" \/>\n\t<meta property=\"og:image:type\" content=\"image\/jpeg\" \/>\n<meta name=\"author\" content=\"Editor en Jefe\" \/>\n<meta name=\"twitter:card\" content=\"summary_large_image\" \/>\n<meta name=\"twitter:label1\" content=\"Escrito por\" \/>\n\t<meta name=\"twitter:data1\" content=\"Editor en Jefe\" \/>\n\t<meta name=\"twitter:label2\" content=\"Tiempo de lectura\" \/>\n\t<meta name=\"twitter:data2\" content=\"3 minutos\" \/>\n<!-- \/ Yoast SEO plugin. -->","yoast_head_json":{"title":"Adeuda Federaci\u00f3n 150 mmdp a peque\u00f1as y medianas empresas - NOTICIAS","robots":{"index":"index","follow":"follow","max-snippet":"max-snippet:-1","max-image-preview":"max-image-preview:large","max-video-preview":"max-video-preview:-1"},"canonical":"https:\/\/laredsocial-noticias.com\/wp\/adeuda-federacion-150-mmdp-a-pequenas-y-medianas-empresas\/","og_locale":"es_ES","og_type":"article","og_title":"Adeuda Federaci\u00f3n 150 mmdp a peque\u00f1as y medianas empresas - NOTICIAS","og_description":"POR AIDA RAMIREZ MARIN, enviada GUADALAJARA, Jal.- Diversas entidades de la Federaci\u00f3n adeudan a proveedores del sector industrial, de peque\u00f1as...","og_url":"https:\/\/laredsocial-noticias.com\/wp\/adeuda-federacion-150-mmdp-a-pequenas-y-medianas-empresas\/","og_site_name":"NOTICIAS","article_published_time":"2016-10-06T13:53:42+00:00","og_image":[{"width":275,"height":183,"url":"https:\/\/laredsocial-noticias.com\/wp\/wp-content\/uploads\/2016\/10\/rai.jpg","type":"image\/jpeg"}],"author":"Editor en Jefe","twitter_card":"summary_large_image","twitter_misc":{"Escrito por":"Editor en Jefe","Tiempo de lectura":"3 minutos"},"schema":{"@context":"https:\/\/schema.org","@graph":[{"@type":"WebPage","@id":"https:\/\/laredsocial-noticias.com\/wp\/adeuda-federacion-150-mmdp-a-pequenas-y-medianas-empresas\/","url":"https:\/\/laredsocial-noticias.com\/wp\/adeuda-federacion-150-mmdp-a-pequenas-y-medianas-empresas\/","name":"Adeuda Federaci\u00f3n 150 mmdp a peque\u00f1as y medianas empresas - NOTICIAS","isPartOf":{"@id":"https:\/\/laredsocial-noticias.com\/wp\/#website"},"primaryImageOfPage":{"@id":"https:\/\/laredsocial-noticias.com\/wp\/adeuda-federacion-150-mmdp-a-pequenas-y-medianas-empresas\/#primaryimage"},"image":{"@id":"https:\/\/laredsocial-noticias.com\/wp\/adeuda-federacion-150-mmdp-a-pequenas-y-medianas-empresas\/#primaryimage"},"thumbnailUrl":"http:\/\/laredsocial-noticias.com\/wp\/wp-content\/uploads\/2016\/10\/rai.jpg","datePublished":"2016-10-06T13:53:42+00:00","author":{"@id":"https:\/\/laredsocial-noticias.com\/wp\/#\/schema\/person\/0ce78643f2de7aae6f6ef10e8453a6e0"},"breadcrumb":{"@id":"https:\/\/laredsocial-noticias.com\/wp\/adeuda-federacion-150-mmdp-a-pequenas-y-medianas-empresas\/#breadcrumb"},"inLanguage":"es","potentialAction":[{"@type":"ReadAction","target":["https:\/\/laredsocial-noticias.com\/wp\/adeuda-federacion-150-mmdp-a-pequenas-y-medianas-empresas\/"]}]},{"@type":"ImageObject","inLanguage":"es","@id":"https:\/\/laredsocial-noticias.com\/wp\/adeuda-federacion-150-mmdp-a-pequenas-y-medianas-empresas\/#primaryimage","url":"","contentUrl":""},{"@type":"BreadcrumbList","@id":"https:\/\/laredsocial-noticias.com\/wp\/adeuda-federacion-150-mmdp-a-pequenas-y-medianas-empresas\/#breadcrumb","itemListElement":[{"@type":"ListItem","position":1,"name":"Portada","item":"https:\/\/laredsocial-noticias.com\/wp\/"},{"@type":"ListItem","position":2,"name":"Adeuda Federaci\u00f3n 150 mmdp a peque\u00f1as y medianas empresas"}]},{"@type":"WebSite","@id":"https:\/\/laredsocial-noticias.com\/wp\/#website","url":"https:\/\/laredsocial-noticias.com\/wp\/","name":"NOTICIAS","description":"Lo que se ve y se dice en las redes sociales","potentialAction":[{"@type":"SearchAction","target":{"@type":"EntryPoint","urlTemplate":"https:\/\/laredsocial-noticias.com\/wp\/?s={search_term_string}"},"query-input":{"@type":"PropertyValueSpecification","valueRequired":true,"valueName":"search_term_string"}}],"inLanguage":"es"},{"@type":"Person","@id":"https:\/\/laredsocial-noticias.com\/wp\/#\/schema\/person\/0ce78643f2de7aae6f6ef10e8453a6e0","name":"Editor en Jefe","url":"https:\/\/laredsocial-noticias.com\/wp\/author\/jorgeochoa\/"}]}},"_links":{"self":[{"href":"https:\/\/laredsocial-noticias.com\/wp\/wp-json\/wp\/v2\/posts\/31541","targetHints":{"allow":["GET"]}}],"collection":[{"href":"https:\/\/laredsocial-noticias.com\/wp\/wp-json\/wp\/v2\/posts"}],"about":[{"href":"https:\/\/laredsocial-noticias.com\/wp\/wp-json\/wp\/v2\/types\/post"}],"author":[{"embeddable":true,"href":"https:\/\/laredsocial-noticias.com\/wp\/wp-json\/wp\/v2\/users\/1"}],"replies":[{"embeddable":true,"href":"https:\/\/laredsocial-noticias.com\/wp\/wp-json\/wp\/v2\/comments?post=31541"}],"version-history":[{"count":2,"href":"https:\/\/laredsocial-noticias.com\/wp\/wp-json\/wp\/v2\/posts\/31541\/revisions"}],"predecessor-version":[{"id":31544,"href":"https:\/\/laredsocial-noticias.com\/wp\/wp-json\/wp\/v2\/posts\/31541\/revisions\/31544"}],"wp:attachment":[{"href":"https:\/\/laredsocial-noticias.com\/wp\/wp-json\/wp\/v2\/media?parent=31541"}],"wp:term":[{"taxonomy":"category","embeddable":true,"href":"https:\/\/laredsocial-noticias.com\/wp\/wp-json\/wp\/v2\/categories?post=31541"},{"taxonomy":"post_tag","embeddable":true,"href":"https:\/\/laredsocial-noticias.com\/wp\/wp-json\/wp\/v2\/tags?post=31541"}],"curies":[{"name":"wp","href":"https:\/\/api.w.org\/{rel}","templated":true}]}}