{"id":31865,"date":"2016-10-07T13:18:42","date_gmt":"2016-10-07T18:18:42","guid":{"rendered":"http:\/\/laredsocial-noticias.com\/wp\/?p=31865"},"modified":"2016-10-07T13:18:50","modified_gmt":"2016-10-07T18:18:50","slug":"estado-de-mexico-se-suma-a-la-semana-mundial-del-espacio","status":"publish","type":"post","link":"https:\/\/laredsocial-noticias.com\/wp\/estado-de-mexico-se-suma-a-la-semana-mundial-del-espacio\/","title":{"rendered":"Estado de M\u00e9xico se suma a la Semana Mundial del Espacio"},"content":{"rendered":"<p><strong>CIUDAD DE M\u00c9XICO, 07 de octubre, (MOMENTO INFORMATIVO \/ C\u00cdRCULO DIGITAL).-\u00a0<\/strong>La Agencia Espacial Mexicana (AEM), en el marco de la Semana Mundial del Espacio, coordina actividades que buscan atraer a nuevas generaciones de mexiquenses a la cultura del espacio y la investigaci\u00f3n cient\u00edfica.<\/p>\n<p>En un comunicado, el organismo descentralizado de la Secretar\u00eda de Comunicaciones y Transportes (SCT) destac\u00f3 que World Space Week (Semana Mundial del Espacio), que se realiza del 4 al 10 de octubre, se recordar\u00e1 por mover las emociones de chicos y grandes.<\/p>\n<p>Entre los eventos hasta ahora destac\u00f3 el concierto &#8220;Literalmente estelar&#8221; a cargo de la Orquesta Sinf\u00f3nica Mexiquense, en Toluca, donde se interpretaron piezas como \u201cLos Planetas\u201d, de Gustav Holst, y temas de las pel\u00edculas \u201c2001 Odisea del Espacio\u201d y \u201cLa Guerra de las Galaxias\u201d.<\/p>\n<p>En ese sentido, resalt\u00f3 que gracias al apoyo de la Secretar\u00eda de Cultura del Estado de M\u00e9xico se pudo organizar el primer Festival Cultural Semana Mundial del Espacio en la entidad, para que la poblaci\u00f3n de la entidad se sumara a la celebraci\u00f3n global de la Organizaci\u00f3n de las Naciones Unidas (ONU).<\/p>\n<p>Dicho festival alberga tambi\u00e9n a Kosmica, un festival internacional, con varias presentaciones en Europa, que consiste en actividades donde las artes esc\u00e9nicas se unen a las ciencias exactas para promover el conocimiento del universo.<\/p>\n<p>Cabe destacar que dicho festival continuar\u00e1 a lo largo de esta semana con la impartici\u00f3n de talleres, pel\u00edculas, presentaciones, pl\u00e1ticas y un gran mosaico de arte de vanguardia, que ser\u00e1 &#8220;del gusto de la juventud actual de la era digital&#8221;.<\/p>\n","protected":false},"excerpt":{"rendered":"<p>CIUDAD DE M\u00c9XICO, 07 de octubre, (MOMENTO INFORMATIVO \/ C\u00cdRCULO DIGITAL).-\u00a0La Agencia Espacial Mexicana (AEM), en el marco de la&#8230;<\/p>\n","protected":false},"author":1,"featured_media":0,"comment_status":"closed","ping_status":"closed","sticky":false,"template":"","format":"standard","meta":{"footnotes":""},"categories":[1796,1996,73],"tags":[222,77],"class_list":["post-31865","post","type-post","status-publish","format-standard","hentry","category-circulodigital","category-finanzas","category-principal","tag-finanzas","tag-principal"],"yoast_head":"<!-- This site is optimized with the Yoast SEO plugin v26.5 - https:\/\/yoast.com\/wordpress\/plugins\/seo\/ -->\n<title>Estado de M\u00e9xico se suma a la Semana Mundial del Espacio - NOTICIAS<\/title>\n<meta name=\"robots\" content=\"index, follow, max-snippet:-1, max-image-preview:large, max-video-preview:-1\" \/>\n<link rel=\"canonical\" href=\"https:\/\/laredsocial-noticias.com\/wp\/estado-de-mexico-se-suma-a-la-semana-mundial-del-espacio\/\" \/>\n<meta property=\"og:locale\" content=\"es_ES\" \/>\n<meta property=\"og:type\" content=\"article\" \/>\n<meta property=\"og:title\" content=\"Estado de M\u00e9xico se suma a la Semana Mundial del Espacio - NOTICIAS\" \/>\n<meta property=\"og:description\" content=\"CIUDAD DE M\u00c9XICO, 07 de octubre, (MOMENTO INFORMATIVO \/ C\u00cdRCULO DIGITAL).-\u00a0La Agencia Espacial Mexicana (AEM), en el marco de la...\" \/>\n<meta property=\"og:url\" content=\"https:\/\/laredsocial-noticias.com\/wp\/estado-de-mexico-se-suma-a-la-semana-mundial-del-espacio\/\" \/>\n<meta property=\"og:site_name\" content=\"NOTICIAS\" \/>\n<meta property=\"article:published_time\" content=\"2016-10-07T18:18:42+00:00\" \/>\n<meta property=\"article:modified_time\" content=\"2016-10-07T18:18:50+00:00\" \/>\n<meta property=\"og:image\" content=\"https:\/\/laredsocial-noticias.com\/wp\/wp-content\/uploads\/2016\/10\/LLUVIA-DE-ESTRELLAS.jpg\" \/>\n\t<meta property=\"og:image:width\" content=\"600\" \/>\n\t<meta property=\"og:image:height\" content=\"400\" \/>\n\t<meta property=\"og:image:type\" content=\"image\/jpeg\" \/>\n<meta name=\"author\" content=\"Editor en Jefe\" \/>\n<meta name=\"twitter:card\" content=\"summary_large_image\" \/>\n<meta name=\"twitter:label1\" content=\"Escrito por\" \/>\n\t<meta name=\"twitter:data1\" content=\"Editor en Jefe\" \/>\n\t<meta name=\"twitter:label2\" content=\"Tiempo de lectura\" \/>\n\t<meta name=\"twitter:data2\" content=\"1 minuto\" \/>\n<!-- \/ Yoast SEO plugin. -->","yoast_head_json":{"title":"Estado de M\u00e9xico se suma a la Semana Mundial del Espacio - NOTICIAS","robots":{"index":"index","follow":"follow","max-snippet":"max-snippet:-1","max-image-preview":"max-image-preview:large","max-video-preview":"max-video-preview:-1"},"canonical":"https:\/\/laredsocial-noticias.com\/wp\/estado-de-mexico-se-suma-a-la-semana-mundial-del-espacio\/","og_locale":"es_ES","og_type":"article","og_title":"Estado de M\u00e9xico se suma a la Semana Mundial del Espacio - NOTICIAS","og_description":"CIUDAD DE M\u00c9XICO, 07 de octubre, (MOMENTO INFORMATIVO \/ C\u00cdRCULO DIGITAL).-\u00a0La Agencia Espacial Mexicana (AEM), en el marco de la...","og_url":"https:\/\/laredsocial-noticias.com\/wp\/estado-de-mexico-se-suma-a-la-semana-mundial-del-espacio\/","og_site_name":"NOTICIAS","article_published_time":"2016-10-07T18:18:42+00:00","article_modified_time":"2016-10-07T18:18:50+00:00","og_image":[{"width":600,"height":400,"url":"https:\/\/laredsocial-noticias.com\/wp\/wp-content\/uploads\/2016\/10\/LLUVIA-DE-ESTRELLAS.jpg","type":"image\/jpeg"}],"author":"Editor en Jefe","twitter_card":"summary_large_image","twitter_misc":{"Escrito por":"Editor en Jefe","Tiempo de lectura":"1 minuto"},"schema":{"@context":"https:\/\/schema.org","@graph":[{"@type":"WebPage","@id":"https:\/\/laredsocial-noticias.com\/wp\/estado-de-mexico-se-suma-a-la-semana-mundial-del-espacio\/","url":"https:\/\/laredsocial-noticias.com\/wp\/estado-de-mexico-se-suma-a-la-semana-mundial-del-espacio\/","name":"Estado de M\u00e9xico se suma a la Semana Mundial del Espacio - NOTICIAS","isPartOf":{"@id":"https:\/\/laredsocial-noticias.com\/wp\/#website"},"datePublished":"2016-10-07T18:18:42+00:00","dateModified":"2016-10-07T18:18:50+00:00","author":{"@id":"https:\/\/laredsocial-noticias.com\/wp\/#\/schema\/person\/0ce78643f2de7aae6f6ef10e8453a6e0"},"breadcrumb":{"@id":"https:\/\/laredsocial-noticias.com\/wp\/estado-de-mexico-se-suma-a-la-semana-mundial-del-espacio\/#breadcrumb"},"inLanguage":"es","potentialAction":[{"@type":"ReadAction","target":["https:\/\/laredsocial-noticias.com\/wp\/estado-de-mexico-se-suma-a-la-semana-mundial-del-espacio\/"]}]},{"@type":"BreadcrumbList","@id":"https:\/\/laredsocial-noticias.com\/wp\/estado-de-mexico-se-suma-a-la-semana-mundial-del-espacio\/#breadcrumb","itemListElement":[{"@type":"ListItem","position":1,"name":"Portada","item":"https:\/\/laredsocial-noticias.com\/wp\/"},{"@type":"ListItem","position":2,"name":"Estado de M\u00e9xico se suma a la Semana Mundial del Espacio"}]},{"@type":"WebSite","@id":"https:\/\/laredsocial-noticias.com\/wp\/#website","url":"https:\/\/laredsocial-noticias.com\/wp\/","name":"NOTICIAS","description":"Lo que se ve y se dice en las redes sociales","potentialAction":[{"@type":"SearchAction","target":{"@type":"EntryPoint","urlTemplate":"https:\/\/laredsocial-noticias.com\/wp\/?s={search_term_string}"},"query-input":{"@type":"PropertyValueSpecification","valueRequired":true,"valueName":"search_term_string"}}],"inLanguage":"es"},{"@type":"Person","@id":"https:\/\/laredsocial-noticias.com\/wp\/#\/schema\/person\/0ce78643f2de7aae6f6ef10e8453a6e0","name":"Editor en Jefe","url":"https:\/\/laredsocial-noticias.com\/wp\/author\/jorgeochoa\/"}]}},"_links":{"self":[{"href":"https:\/\/laredsocial-noticias.com\/wp\/wp-json\/wp\/v2\/posts\/31865","targetHints":{"allow":["GET"]}}],"collection":[{"href":"https:\/\/laredsocial-noticias.com\/wp\/wp-json\/wp\/v2\/posts"}],"about":[{"href":"https:\/\/laredsocial-noticias.com\/wp\/wp-json\/wp\/v2\/types\/post"}],"author":[{"embeddable":true,"href":"https:\/\/laredsocial-noticias.com\/wp\/wp-json\/wp\/v2\/users\/1"}],"replies":[{"embeddable":true,"href":"https:\/\/laredsocial-noticias.com\/wp\/wp-json\/wp\/v2\/comments?post=31865"}],"version-history":[{"count":1,"href":"https:\/\/laredsocial-noticias.com\/wp\/wp-json\/wp\/v2\/posts\/31865\/revisions"}],"predecessor-version":[{"id":31866,"href":"https:\/\/laredsocial-noticias.com\/wp\/wp-json\/wp\/v2\/posts\/31865\/revisions\/31866"}],"wp:attachment":[{"href":"https:\/\/laredsocial-noticias.com\/wp\/wp-json\/wp\/v2\/media?parent=31865"}],"wp:term":[{"taxonomy":"category","embeddable":true,"href":"https:\/\/laredsocial-noticias.com\/wp\/wp-json\/wp\/v2\/categories?post=31865"},{"taxonomy":"post_tag","embeddable":true,"href":"https:\/\/laredsocial-noticias.com\/wp\/wp-json\/wp\/v2\/tags?post=31865"}],"curies":[{"name":"wp","href":"https:\/\/api.w.org\/{rel}","templated":true}]}}