{"id":32827,"date":"2016-10-12T16:30:04","date_gmt":"2016-10-12T21:30:04","guid":{"rendered":"http:\/\/laredsocial-noticias.com\/wp\/?p=32827"},"modified":"2016-10-12T15:09:16","modified_gmt":"2016-10-12T20:09:16","slug":"ciudad-de-mexico-participa-en-certamen-internacional-sobre-alimentacion","status":"publish","type":"post","link":"https:\/\/laredsocial-noticias.com\/wp\/ciudad-de-mexico-participa-en-certamen-internacional-sobre-alimentacion\/","title":{"rendered":"Ciudad de M\u00e9xico participa en certamen internacional sobre alimentaci\u00f3n"},"content":{"rendered":"<p><strong>CIUDAD DE M\u00c9XICO, 12 de octubre, (CDMX MAGAC\u00cdN \/ C\u00cdRCULO DIGITAL).-\u00a0<\/strong>En el marco del D\u00eda Internacional de la Alimentaci\u00f3n, el gobierno de la Ciudad de M\u00e9xico participa con tres iniciativas en el concurso &#8220;Milan Food Policy Awards&#8221;, organizado por el gobierno italiano y auspiciado por la FAO.<\/p>\n<p>La administraci\u00f3n local propuso los programas Pensi\u00f3n Alimentaria para Adultos Mayores de 68 a\u00f1os, Comedores Comunitarios y Recetario Saludable para los Comedores Comunitarios de la Ciudad, que cumplen con las caracter\u00edsticas solicitadas por la instancia internacional.<\/p>\n<p>El objetivo del certamen, seg\u00fan se inform\u00f3 en un comunicado, es estimular las acciones de pol\u00edticas y las pr\u00e1cticas alimentarias con aprendizaje e intercambio de experiencias entre las 123 ciudades que integran el Pacto de Pol\u00edtica Alimentaria de Mil\u00e1n, suscrito en 2015.<\/p>\n<p>Se otorgar\u00e1n dos tipos de premios: dos pr\u00e1cticas ser\u00e1n acreedoras de un apoyo econ\u00f3mico de 15 mil euros cada una, recursos que deber\u00e1n ser destinados por la ciudad ganadora a la asistencia t\u00e9cnica en otra localidad con un nivel de desarrollo igual o similar.<\/p>\n<p>En tanto seis pr\u00e1cticas que obtengan el puntaje m\u00e1s alto en cada una de las categor\u00edas establecidas en las bases del concurso ser\u00e1n premiadas con menciones especiales.<\/p>\n<p>Adem\u00e1s de estar ya en operaci\u00f3n, las pr\u00e1cticas y pol\u00edticas enviadas debieron cumplir con los requisitos de tener relaci\u00f3n con los temas de gobernanza para asegurar un ambiente favorable en cuanto a acciones efectivas, as\u00ed como nutrici\u00f3n y dietas sostenibles.<\/p>\n<p>Tambi\u00e9n equidad social y econ\u00f3mica, producci\u00f3n alimentaria incluyendo v\u00ednculos entre zonas rurales y urbanas, suministro y distribuci\u00f3n de alimentos y prevenci\u00f3n, y reducci\u00f3n y manejo del desperdicio de alimentos.<\/p>\n<p>Los ganadores ser\u00e1n anunciados el viernes 14 de octubre \u2014D\u00eda Mundial de la Alimentaci\u00f3n\u2014 en Roma, Italia, en el marco de la Segunda Reuni\u00f3n de Alcaldes organizada por la Organizaci\u00f3n de las Naciones Unidas para la Alimentaci\u00f3n y la Agricultura (FAO).<\/p>\n<p>&nbsp;<\/p>\n","protected":false},"excerpt":{"rendered":"<p>CIUDAD DE M\u00c9XICO, 12 de octubre, (CDMX MAGAC\u00cdN \/ C\u00cdRCULO DIGITAL).-\u00a0En el marco del D\u00eda Internacional de la Alimentaci\u00f3n, el&#8230;<\/p>\n","protected":false},"author":1,"featured_media":0,"comment_status":"closed","ping_status":"closed","sticky":false,"template":"","format":"standard","meta":{"footnotes":""},"categories":[91,1796,73],"tags":[261,77],"class_list":["post-32827","post","type-post","status-publish","format-standard","hentry","category-cdmx","category-circulodigital","category-principal","tag-cdmx","tag-principal"],"yoast_head":"<!-- This site is optimized with the Yoast SEO plugin v26.5 - https:\/\/yoast.com\/wordpress\/plugins\/seo\/ -->\n<title>Ciudad de M\u00e9xico participa en certamen internacional sobre alimentaci\u00f3n - NOTICIAS<\/title>\n<meta name=\"robots\" content=\"index, follow, max-snippet:-1, max-image-preview:large, max-video-preview:-1\" \/>\n<link rel=\"canonical\" href=\"https:\/\/laredsocial-noticias.com\/wp\/ciudad-de-mexico-participa-en-certamen-internacional-sobre-alimentacion\/\" \/>\n<meta property=\"og:locale\" content=\"es_ES\" \/>\n<meta property=\"og:type\" content=\"article\" \/>\n<meta property=\"og:title\" content=\"Ciudad de M\u00e9xico participa en certamen internacional sobre alimentaci\u00f3n - NOTICIAS\" \/>\n<meta property=\"og:description\" content=\"CIUDAD DE M\u00c9XICO, 12 de octubre, (CDMX MAGAC\u00cdN \/ C\u00cdRCULO DIGITAL).-\u00a0En el marco del D\u00eda Internacional de la Alimentaci\u00f3n, el...\" \/>\n<meta property=\"og:url\" content=\"https:\/\/laredsocial-noticias.com\/wp\/ciudad-de-mexico-participa-en-certamen-internacional-sobre-alimentacion\/\" \/>\n<meta property=\"og:site_name\" content=\"NOTICIAS\" \/>\n<meta property=\"article:published_time\" content=\"2016-10-12T21:30:04+00:00\" \/>\n<meta property=\"og:image\" content=\"https:\/\/laredsocial-noticias.com\/wp\/wp-content\/uploads\/2016\/10\/Comedorcomunitario.jpg\" \/>\n\t<meta property=\"og:image:width\" content=\"650\" \/>\n\t<meta property=\"og:image:height\" content=\"433\" \/>\n\t<meta property=\"og:image:type\" content=\"image\/jpeg\" \/>\n<meta name=\"author\" content=\"Editor en Jefe\" \/>\n<meta name=\"twitter:card\" content=\"summary_large_image\" \/>\n<meta name=\"twitter:label1\" content=\"Escrito por\" \/>\n\t<meta name=\"twitter:data1\" content=\"Editor en Jefe\" \/>\n\t<meta name=\"twitter:label2\" content=\"Tiempo de lectura\" \/>\n\t<meta name=\"twitter:data2\" content=\"2 minutos\" \/>\n<!-- \/ Yoast SEO plugin. -->","yoast_head_json":{"title":"Ciudad de M\u00e9xico participa en certamen internacional sobre alimentaci\u00f3n - NOTICIAS","robots":{"index":"index","follow":"follow","max-snippet":"max-snippet:-1","max-image-preview":"max-image-preview:large","max-video-preview":"max-video-preview:-1"},"canonical":"https:\/\/laredsocial-noticias.com\/wp\/ciudad-de-mexico-participa-en-certamen-internacional-sobre-alimentacion\/","og_locale":"es_ES","og_type":"article","og_title":"Ciudad de M\u00e9xico participa en certamen internacional sobre alimentaci\u00f3n - NOTICIAS","og_description":"CIUDAD DE M\u00c9XICO, 12 de octubre, (CDMX MAGAC\u00cdN \/ C\u00cdRCULO DIGITAL).-\u00a0En el marco del D\u00eda Internacional de la Alimentaci\u00f3n, el...","og_url":"https:\/\/laredsocial-noticias.com\/wp\/ciudad-de-mexico-participa-en-certamen-internacional-sobre-alimentacion\/","og_site_name":"NOTICIAS","article_published_time":"2016-10-12T21:30:04+00:00","og_image":[{"width":650,"height":433,"url":"https:\/\/laredsocial-noticias.com\/wp\/wp-content\/uploads\/2016\/10\/Comedorcomunitario.jpg","type":"image\/jpeg"}],"author":"Editor en Jefe","twitter_card":"summary_large_image","twitter_misc":{"Escrito por":"Editor en Jefe","Tiempo de lectura":"2 minutos"},"schema":{"@context":"https:\/\/schema.org","@graph":[{"@type":"WebPage","@id":"https:\/\/laredsocial-noticias.com\/wp\/ciudad-de-mexico-participa-en-certamen-internacional-sobre-alimentacion\/","url":"https:\/\/laredsocial-noticias.com\/wp\/ciudad-de-mexico-participa-en-certamen-internacional-sobre-alimentacion\/","name":"Ciudad de M\u00e9xico participa en certamen internacional sobre alimentaci\u00f3n - NOTICIAS","isPartOf":{"@id":"https:\/\/laredsocial-noticias.com\/wp\/#website"},"datePublished":"2016-10-12T21:30:04+00:00","author":{"@id":"https:\/\/laredsocial-noticias.com\/wp\/#\/schema\/person\/0ce78643f2de7aae6f6ef10e8453a6e0"},"breadcrumb":{"@id":"https:\/\/laredsocial-noticias.com\/wp\/ciudad-de-mexico-participa-en-certamen-internacional-sobre-alimentacion\/#breadcrumb"},"inLanguage":"es","potentialAction":[{"@type":"ReadAction","target":["https:\/\/laredsocial-noticias.com\/wp\/ciudad-de-mexico-participa-en-certamen-internacional-sobre-alimentacion\/"]}]},{"@type":"BreadcrumbList","@id":"https:\/\/laredsocial-noticias.com\/wp\/ciudad-de-mexico-participa-en-certamen-internacional-sobre-alimentacion\/#breadcrumb","itemListElement":[{"@type":"ListItem","position":1,"name":"Portada","item":"https:\/\/laredsocial-noticias.com\/wp\/"},{"@type":"ListItem","position":2,"name":"Ciudad de M\u00e9xico participa en certamen internacional sobre alimentaci\u00f3n"}]},{"@type":"WebSite","@id":"https:\/\/laredsocial-noticias.com\/wp\/#website","url":"https:\/\/laredsocial-noticias.com\/wp\/","name":"NOTICIAS","description":"Lo que se ve y se dice en las redes sociales","potentialAction":[{"@type":"SearchAction","target":{"@type":"EntryPoint","urlTemplate":"https:\/\/laredsocial-noticias.com\/wp\/?s={search_term_string}"},"query-input":{"@type":"PropertyValueSpecification","valueRequired":true,"valueName":"search_term_string"}}],"inLanguage":"es"},{"@type":"Person","@id":"https:\/\/laredsocial-noticias.com\/wp\/#\/schema\/person\/0ce78643f2de7aae6f6ef10e8453a6e0","name":"Editor en Jefe","url":"https:\/\/laredsocial-noticias.com\/wp\/author\/jorgeochoa\/"}]}},"_links":{"self":[{"href":"https:\/\/laredsocial-noticias.com\/wp\/wp-json\/wp\/v2\/posts\/32827","targetHints":{"allow":["GET"]}}],"collection":[{"href":"https:\/\/laredsocial-noticias.com\/wp\/wp-json\/wp\/v2\/posts"}],"about":[{"href":"https:\/\/laredsocial-noticias.com\/wp\/wp-json\/wp\/v2\/types\/post"}],"author":[{"embeddable":true,"href":"https:\/\/laredsocial-noticias.com\/wp\/wp-json\/wp\/v2\/users\/1"}],"replies":[{"embeddable":true,"href":"https:\/\/laredsocial-noticias.com\/wp\/wp-json\/wp\/v2\/comments?post=32827"}],"version-history":[{"count":1,"href":"https:\/\/laredsocial-noticias.com\/wp\/wp-json\/wp\/v2\/posts\/32827\/revisions"}],"predecessor-version":[{"id":32828,"href":"https:\/\/laredsocial-noticias.com\/wp\/wp-json\/wp\/v2\/posts\/32827\/revisions\/32828"}],"wp:attachment":[{"href":"https:\/\/laredsocial-noticias.com\/wp\/wp-json\/wp\/v2\/media?parent=32827"}],"wp:term":[{"taxonomy":"category","embeddable":true,"href":"https:\/\/laredsocial-noticias.com\/wp\/wp-json\/wp\/v2\/categories?post=32827"},{"taxonomy":"post_tag","embeddable":true,"href":"https:\/\/laredsocial-noticias.com\/wp\/wp-json\/wp\/v2\/tags?post=32827"}],"curies":[{"name":"wp","href":"https:\/\/api.w.org\/{rel}","templated":true}]}}