{"id":33430,"date":"2016-10-15T11:00:13","date_gmt":"2016-10-15T16:00:13","guid":{"rendered":"http:\/\/laredsocial-noticias.com\/wp\/?p=33430"},"modified":"2016-10-15T02:44:19","modified_gmt":"2016-10-15T07:44:19","slug":"mancera-atendera-agenda-sobre-vivienda-y-urbanizacion-en-ecuador","status":"publish","type":"post","link":"https:\/\/laredsocial-noticias.com\/wp\/mancera-atendera-agenda-sobre-vivienda-y-urbanizacion-en-ecuador\/","title":{"rendered":"Mancera atender\u00e1 agenda sobre vivienda y urbanizaci\u00f3n en Ecuador"},"content":{"rendered":"<p><strong>CIUDAD DE M\u00c9XICO, 15 de octubre, (AMPRYT \/ C\u00cdRCULO DIGITAL).-\u00a0<\/strong>El jefe de Gobierno capitalino, Miguel \u00c1ngel Mancera, efectuar\u00e1 una visita de trabajo a Quito, Ecuador, donde dialogar\u00e1 con sus hom\u00f3logos en el marco de la Conferencia de las Naciones Unidas sobre Vivienda y Desarrollo Urbano Sostenible H\u00e1bitat III.<\/p>\n<p>En una tarjeta informativa, el Gobierno de la ciudad inform\u00f3 que Mancera participar\u00e1 en reuniones donde la voz de los gobiernos locales ser\u00e1 el principal debate en torno a los retos de la urbanizaci\u00f3n, para promover el conocimiento y aprendizaje mutuo a nivel mundial.<\/p>\n<p>Este encuentro, donde participar\u00e1 en diferentes eventos del 16 al 18 de octubre, busca establecer l\u00edneas estrat\u00e9gicas para que en los pr\u00f3ximos 20 a\u00f1os se impulsen aspectos positivos de la urbanizaci\u00f3n y minimizar aspectos negativos.<\/p>\n<p>El domingo 16 de octubre, durante su primer d\u00eda en la naci\u00f3n sudamericana, participar\u00e1 en las actividades de la segunda Asamblea Mundial de Gobiernos Locales y Regionales, a las que asistir\u00e1n el secretario general de la ONU, Ban Ki-Moon y alcaldes.<\/p>\n<p>El 17 de octubre asistir\u00e1 a la Conferencia de prensa de Alcaldes C40, donde presentar\u00e1 los planes de la Cumbre de Alcaldes de C40, la cual se llevar\u00e1 a cabo en la Ciudad de M\u00e9xico del 30 de noviembre al 2 de diciembre de 2016.<\/p>\n<p>Asimismo participar\u00e1 en el evento paralelo organizado por cinco comisiones econ\u00f3micas de las Naciones Unidas, denominado \u201cImplementaci\u00f3n Regional de la Nueva Agenda Urbana\u201d, que se desarrolla en el marco de la Conferencia H\u00e1bitat III.<\/p>\n<p>Acompa\u00f1ado por representantes del gobierno local y de las cinco comisiones, se tratar\u00e1n los procesos regionales que pueden promover la implementaci\u00f3n de una nueva agenda urbana, de acuerdo con las prioridades espec\u00edficas de cada regi\u00f3n, la COP21 y la Agenda 2030 para el desarrollo sostenible.<\/p>\n<p>El jefe de gobierno de la Ciudad de M\u00e9xico asistir\u00e1 a los encuentros denominados \u201cActores urbanos del cambio: asegurar la salud y el bienestar de los j\u00f3venes en las ciudades\u201d y \u201cEnfoque de G\u00e9nero. Elemento Fundamental de la Construcci\u00f3n de Ciudades Inclusivas\u201d.<\/p>\n<p>El martes 18 de octubre acudir\u00e1 al \u201cPanel ONU: Di\u00e1logo sobre pol\u00edticas de derecho a la Ciudad y las ciudades para todos\u201d. Tambi\u00e9n se reunir\u00e1 con la secretaria ejecutiva de la Comisi\u00f3n Econ\u00f3mica para Am\u00e9rica Latina y el Caribe (CEPAL), Alicia B\u00e1rcena, entre otros.<\/p>\n","protected":false},"excerpt":{"rendered":"<p>CIUDAD DE M\u00c9XICO, 15 de octubre, (AMPRYT \/ C\u00cdRCULO DIGITAL).-\u00a0El jefe de Gobierno capitalino, Miguel \u00c1ngel Mancera, efectuar\u00e1 una visita&#8230;<\/p>\n","protected":false},"author":1,"featured_media":0,"comment_status":"closed","ping_status":"closed","sticky":false,"template":"","format":"standard","meta":{"footnotes":""},"categories":[91,1796,73],"tags":[261,77],"class_list":["post-33430","post","type-post","status-publish","format-standard","hentry","category-cdmx","category-circulodigital","category-principal","tag-cdmx","tag-principal"],"yoast_head":"<!-- This site is optimized with the Yoast SEO plugin v26.5 - https:\/\/yoast.com\/wordpress\/plugins\/seo\/ -->\n<title>Mancera atender\u00e1 agenda sobre vivienda y urbanizaci\u00f3n en Ecuador - NOTICIAS<\/title>\n<meta name=\"robots\" content=\"index, follow, max-snippet:-1, max-image-preview:large, max-video-preview:-1\" \/>\n<link rel=\"canonical\" href=\"https:\/\/laredsocial-noticias.com\/wp\/mancera-atendera-agenda-sobre-vivienda-y-urbanizacion-en-ecuador\/\" \/>\n<meta property=\"og:locale\" content=\"es_ES\" \/>\n<meta property=\"og:type\" content=\"article\" \/>\n<meta property=\"og:title\" content=\"Mancera atender\u00e1 agenda sobre vivienda y urbanizaci\u00f3n en Ecuador - NOTICIAS\" \/>\n<meta property=\"og:description\" content=\"CIUDAD DE M\u00c9XICO, 15 de octubre, (AMPRYT \/ C\u00cdRCULO DIGITAL).-\u00a0El jefe de Gobierno capitalino, Miguel \u00c1ngel Mancera, efectuar\u00e1 una visita...\" \/>\n<meta property=\"og:url\" content=\"https:\/\/laredsocial-noticias.com\/wp\/mancera-atendera-agenda-sobre-vivienda-y-urbanizacion-en-ecuador\/\" \/>\n<meta property=\"og:site_name\" content=\"NOTICIAS\" \/>\n<meta property=\"article:published_time\" content=\"2016-10-15T16:00:13+00:00\" \/>\n<meta property=\"og:image\" content=\"https:\/\/laredsocial-noticias.com\/wp\/wp-content\/uploads\/2016\/10\/26272745570_bda4fcc90b.jpg\" \/>\n\t<meta property=\"og:image:width\" content=\"600\" \/>\n\t<meta property=\"og:image:height\" content=\"400\" \/>\n\t<meta property=\"og:image:type\" content=\"image\/jpeg\" \/>\n<meta name=\"author\" content=\"Editor en Jefe\" \/>\n<meta name=\"twitter:card\" content=\"summary_large_image\" \/>\n<meta name=\"twitter:label1\" content=\"Escrito por\" \/>\n\t<meta name=\"twitter:data1\" content=\"Editor en Jefe\" \/>\n\t<meta name=\"twitter:label2\" content=\"Tiempo de lectura\" \/>\n\t<meta name=\"twitter:data2\" content=\"2 minutos\" \/>\n<!-- \/ Yoast SEO plugin. -->","yoast_head_json":{"title":"Mancera atender\u00e1 agenda sobre vivienda y urbanizaci\u00f3n en Ecuador - NOTICIAS","robots":{"index":"index","follow":"follow","max-snippet":"max-snippet:-1","max-image-preview":"max-image-preview:large","max-video-preview":"max-video-preview:-1"},"canonical":"https:\/\/laredsocial-noticias.com\/wp\/mancera-atendera-agenda-sobre-vivienda-y-urbanizacion-en-ecuador\/","og_locale":"es_ES","og_type":"article","og_title":"Mancera atender\u00e1 agenda sobre vivienda y urbanizaci\u00f3n en Ecuador - NOTICIAS","og_description":"CIUDAD DE M\u00c9XICO, 15 de octubre, (AMPRYT \/ C\u00cdRCULO DIGITAL).-\u00a0El jefe de Gobierno capitalino, Miguel \u00c1ngel Mancera, efectuar\u00e1 una visita...","og_url":"https:\/\/laredsocial-noticias.com\/wp\/mancera-atendera-agenda-sobre-vivienda-y-urbanizacion-en-ecuador\/","og_site_name":"NOTICIAS","article_published_time":"2016-10-15T16:00:13+00:00","og_image":[{"width":600,"height":400,"url":"https:\/\/laredsocial-noticias.com\/wp\/wp-content\/uploads\/2016\/10\/26272745570_bda4fcc90b.jpg","type":"image\/jpeg"}],"author":"Editor en Jefe","twitter_card":"summary_large_image","twitter_misc":{"Escrito por":"Editor en Jefe","Tiempo de lectura":"2 minutos"},"schema":{"@context":"https:\/\/schema.org","@graph":[{"@type":"WebPage","@id":"https:\/\/laredsocial-noticias.com\/wp\/mancera-atendera-agenda-sobre-vivienda-y-urbanizacion-en-ecuador\/","url":"https:\/\/laredsocial-noticias.com\/wp\/mancera-atendera-agenda-sobre-vivienda-y-urbanizacion-en-ecuador\/","name":"Mancera atender\u00e1 agenda sobre vivienda y urbanizaci\u00f3n en Ecuador - NOTICIAS","isPartOf":{"@id":"https:\/\/laredsocial-noticias.com\/wp\/#website"},"datePublished":"2016-10-15T16:00:13+00:00","author":{"@id":"https:\/\/laredsocial-noticias.com\/wp\/#\/schema\/person\/0ce78643f2de7aae6f6ef10e8453a6e0"},"breadcrumb":{"@id":"https:\/\/laredsocial-noticias.com\/wp\/mancera-atendera-agenda-sobre-vivienda-y-urbanizacion-en-ecuador\/#breadcrumb"},"inLanguage":"es","potentialAction":[{"@type":"ReadAction","target":["https:\/\/laredsocial-noticias.com\/wp\/mancera-atendera-agenda-sobre-vivienda-y-urbanizacion-en-ecuador\/"]}]},{"@type":"BreadcrumbList","@id":"https:\/\/laredsocial-noticias.com\/wp\/mancera-atendera-agenda-sobre-vivienda-y-urbanizacion-en-ecuador\/#breadcrumb","itemListElement":[{"@type":"ListItem","position":1,"name":"Portada","item":"https:\/\/laredsocial-noticias.com\/wp\/"},{"@type":"ListItem","position":2,"name":"Mancera atender\u00e1 agenda sobre vivienda y urbanizaci\u00f3n en Ecuador"}]},{"@type":"WebSite","@id":"https:\/\/laredsocial-noticias.com\/wp\/#website","url":"https:\/\/laredsocial-noticias.com\/wp\/","name":"NOTICIAS","description":"Lo que se ve y se dice en las redes sociales","potentialAction":[{"@type":"SearchAction","target":{"@type":"EntryPoint","urlTemplate":"https:\/\/laredsocial-noticias.com\/wp\/?s={search_term_string}"},"query-input":{"@type":"PropertyValueSpecification","valueRequired":true,"valueName":"search_term_string"}}],"inLanguage":"es"},{"@type":"Person","@id":"https:\/\/laredsocial-noticias.com\/wp\/#\/schema\/person\/0ce78643f2de7aae6f6ef10e8453a6e0","name":"Editor en Jefe","url":"https:\/\/laredsocial-noticias.com\/wp\/author\/jorgeochoa\/"}]}},"_links":{"self":[{"href":"https:\/\/laredsocial-noticias.com\/wp\/wp-json\/wp\/v2\/posts\/33430","targetHints":{"allow":["GET"]}}],"collection":[{"href":"https:\/\/laredsocial-noticias.com\/wp\/wp-json\/wp\/v2\/posts"}],"about":[{"href":"https:\/\/laredsocial-noticias.com\/wp\/wp-json\/wp\/v2\/types\/post"}],"author":[{"embeddable":true,"href":"https:\/\/laredsocial-noticias.com\/wp\/wp-json\/wp\/v2\/users\/1"}],"replies":[{"embeddable":true,"href":"https:\/\/laredsocial-noticias.com\/wp\/wp-json\/wp\/v2\/comments?post=33430"}],"version-history":[{"count":1,"href":"https:\/\/laredsocial-noticias.com\/wp\/wp-json\/wp\/v2\/posts\/33430\/revisions"}],"predecessor-version":[{"id":33431,"href":"https:\/\/laredsocial-noticias.com\/wp\/wp-json\/wp\/v2\/posts\/33430\/revisions\/33431"}],"wp:attachment":[{"href":"https:\/\/laredsocial-noticias.com\/wp\/wp-json\/wp\/v2\/media?parent=33430"}],"wp:term":[{"taxonomy":"category","embeddable":true,"href":"https:\/\/laredsocial-noticias.com\/wp\/wp-json\/wp\/v2\/categories?post=33430"},{"taxonomy":"post_tag","embeddable":true,"href":"https:\/\/laredsocial-noticias.com\/wp\/wp-json\/wp\/v2\/tags?post=33430"}],"curies":[{"name":"wp","href":"https:\/\/api.w.org\/{rel}","templated":true}]}}