{"id":35262,"date":"2016-10-25T09:34:37","date_gmt":"2016-10-25T14:34:37","guid":{"rendered":"http:\/\/laredsocial-noticias.com\/wp\/?p=35262"},"modified":"2016-10-25T09:34:37","modified_gmt":"2016-10-25T14:34:37","slug":"carteles-de-sinaloa-y-jalisco-detras-de-emboscada-a-militares","status":"publish","type":"post","link":"https:\/\/laredsocial-noticias.com\/wp\/carteles-de-sinaloa-y-jalisco-detras-de-emboscada-a-militares\/","title":{"rendered":"C\u00e1rteles de Sinaloa y Jalisco detr\u00e1s de emboscada a militares"},"content":{"rendered":"<p><img loading=\"lazy\" decoding=\"async\" class=\"alignright size-full wp-image-35266\" src=\"http:\/\/laredsocial-noticias.com\/wp\/wp-content\/uploads\/2016\/10\/emboscada-a-militares.jpg\" alt=\"emboscada-a-militares\" width=\"1078\" height=\"719\" data-wp-pid=\"35266\" \/><\/p>\n<p>&nbsp;<\/p>\n<p>Por AIDA RAMIREZ MARIN El secretario de Gobernaci\u00f3n, Miguel \u00c1ngel Osorio confirm\u00f3 que los c\u00e1rteles de Sinaloa y de Jalisco podr\u00edan estar detr\u00e1s de la emboscada a militares y ser\u00e1n capturados.<\/p>\n<p>Asever\u00f3 que los agresores \u201cfueron sanguinarios, fueron bestias\u201d pues utilizaron armas \u201cBarret\u201d, que disparan muchos tiros de un calibre grande (12.7 mil\u00edmetros), en pocos segundos.<\/p>\n<p>Se\u00f1al\u00f3 que se sigue la pista de dos grupos: \u201cel que est\u00e1 abajito de Jalisco Nueva Generaci\u00f3n\u00a0y tambi\u00e9n el de Sinaloa. Hacia los dos va dirigida la investigaci\u00f3n&#8221;.<\/p>\n<p>Al referirse precisamente al\u00a0c\u00e1rtel de Jalisco\u00a0Nueva Generaci\u00f3n, indic\u00f3 que \u201ces el \u00fanico\u201d del que falta detener a su l\u00edder y \u201cpor eso es que se ha extendido a otros estados\u2026 Es el \u00fanico de todos los que forman la lista de los m\u00e1s importantes que no ha sido detenido, pero as\u00ed como lo hicimos con unos, esperemos hacerlo con los dem\u00e1s\u201d, confi\u00f3.<\/p>\n<p>En este rengl\u00f3n de la seguridad, se le cuestion\u00f3 sobre la demanda que hace dos semanas hiciera la Confederaci\u00f3n Patronal de la Rep\u00fablica Mexicana\u00a0(Coparmex), para que las funciones de Seguridad salgan de la Secretar\u00eda de Gobernaci\u00f3n.<\/p>\n<p>A ello, Osorio Chong adelant\u00f3 que este mi\u00e9rcoles se reunir\u00e1 con los integrantes del sindicato patronal, para explicarles que cuando no se ten\u00eda un gabinete con alguien al frente, en este caso el Secretario de Gobernaci\u00f3n, no hab\u00eda coordinaci\u00f3n y s\u00ed descalificaciones entre instituciones, por lo que cada dependencia (Marina o la Secretar\u00eda de la Defensa) trabajaban por su lado.<\/p>\n","protected":false},"excerpt":{"rendered":"<p>&nbsp; Por AIDA RAMIREZ MARIN El secretario de Gobernaci\u00f3n, Miguel \u00c1ngel Osorio confirm\u00f3 que los c\u00e1rteles de Sinaloa y de&#8230;<\/p>\n","protected":false},"author":1,"featured_media":0,"comment_status":"open","ping_status":"open","sticky":false,"template":"","format":"standard","meta":{"footnotes":""},"categories":[2423,13],"tags":[],"class_list":["post-35262","post","type-post","status-publish","format-standard","hentry","category-crimen-organizado","category-seguridad-nacional"],"yoast_head":"<!-- This site is optimized with the Yoast SEO plugin v26.5 - https:\/\/yoast.com\/wordpress\/plugins\/seo\/ -->\n<title>C\u00e1rteles de Sinaloa y Jalisco detr\u00e1s de emboscada a militares - NOTICIAS<\/title>\n<meta name=\"robots\" content=\"index, follow, max-snippet:-1, max-image-preview:large, max-video-preview:-1\" \/>\n<link rel=\"canonical\" href=\"https:\/\/laredsocial-noticias.com\/wp\/carteles-de-sinaloa-y-jalisco-detras-de-emboscada-a-militares\/\" \/>\n<meta property=\"og:locale\" content=\"es_ES\" \/>\n<meta property=\"og:type\" content=\"article\" \/>\n<meta property=\"og:title\" content=\"C\u00e1rteles de Sinaloa y Jalisco detr\u00e1s de emboscada a militares - NOTICIAS\" \/>\n<meta property=\"og:description\" content=\"&nbsp; Por AIDA RAMIREZ MARIN El secretario de Gobernaci\u00f3n, Miguel \u00c1ngel Osorio confirm\u00f3 que los c\u00e1rteles de Sinaloa y de...\" \/>\n<meta property=\"og:url\" content=\"https:\/\/laredsocial-noticias.com\/wp\/carteles-de-sinaloa-y-jalisco-detras-de-emboscada-a-militares\/\" \/>\n<meta property=\"og:site_name\" content=\"NOTICIAS\" \/>\n<meta property=\"article:published_time\" content=\"2016-10-25T14:34:37+00:00\" \/>\n<meta property=\"og:image\" content=\"https:\/\/laredsocial-noticias.com\/wp\/wp-content\/uploads\/2016\/10\/emboscada-a-militares.jpg\" \/>\n\t<meta property=\"og:image:width\" content=\"1078\" \/>\n\t<meta property=\"og:image:height\" content=\"719\" \/>\n\t<meta property=\"og:image:type\" content=\"image\/jpeg\" \/>\n<meta name=\"author\" content=\"Editor en Jefe\" \/>\n<meta name=\"twitter:card\" content=\"summary_large_image\" \/>\n<meta name=\"twitter:label1\" content=\"Escrito por\" \/>\n\t<meta name=\"twitter:data1\" content=\"Editor en Jefe\" \/>\n\t<meta name=\"twitter:label2\" content=\"Tiempo de lectura\" \/>\n\t<meta name=\"twitter:data2\" content=\"1 minuto\" \/>\n<!-- \/ Yoast SEO plugin. -->","yoast_head_json":{"title":"C\u00e1rteles de Sinaloa y Jalisco detr\u00e1s de emboscada a militares - NOTICIAS","robots":{"index":"index","follow":"follow","max-snippet":"max-snippet:-1","max-image-preview":"max-image-preview:large","max-video-preview":"max-video-preview:-1"},"canonical":"https:\/\/laredsocial-noticias.com\/wp\/carteles-de-sinaloa-y-jalisco-detras-de-emboscada-a-militares\/","og_locale":"es_ES","og_type":"article","og_title":"C\u00e1rteles de Sinaloa y Jalisco detr\u00e1s de emboscada a militares - NOTICIAS","og_description":"&nbsp; Por AIDA RAMIREZ MARIN El secretario de Gobernaci\u00f3n, Miguel \u00c1ngel Osorio confirm\u00f3 que los c\u00e1rteles de Sinaloa y de...","og_url":"https:\/\/laredsocial-noticias.com\/wp\/carteles-de-sinaloa-y-jalisco-detras-de-emboscada-a-militares\/","og_site_name":"NOTICIAS","article_published_time":"2016-10-25T14:34:37+00:00","og_image":[{"width":1078,"height":719,"url":"https:\/\/laredsocial-noticias.com\/wp\/wp-content\/uploads\/2016\/10\/emboscada-a-militares.jpg","type":"image\/jpeg"}],"author":"Editor en Jefe","twitter_card":"summary_large_image","twitter_misc":{"Escrito por":"Editor en Jefe","Tiempo de lectura":"1 minuto"},"schema":{"@context":"https:\/\/schema.org","@graph":[{"@type":"WebPage","@id":"https:\/\/laredsocial-noticias.com\/wp\/carteles-de-sinaloa-y-jalisco-detras-de-emboscada-a-militares\/","url":"https:\/\/laredsocial-noticias.com\/wp\/carteles-de-sinaloa-y-jalisco-detras-de-emboscada-a-militares\/","name":"C\u00e1rteles de Sinaloa y Jalisco detr\u00e1s de emboscada a militares - NOTICIAS","isPartOf":{"@id":"https:\/\/laredsocial-noticias.com\/wp\/#website"},"primaryImageOfPage":{"@id":"https:\/\/laredsocial-noticias.com\/wp\/carteles-de-sinaloa-y-jalisco-detras-de-emboscada-a-militares\/#primaryimage"},"image":{"@id":"https:\/\/laredsocial-noticias.com\/wp\/carteles-de-sinaloa-y-jalisco-detras-de-emboscada-a-militares\/#primaryimage"},"thumbnailUrl":"http:\/\/laredsocial-noticias.com\/wp\/wp-content\/uploads\/2016\/10\/emboscada-a-militares.jpg","datePublished":"2016-10-25T14:34:37+00:00","author":{"@id":"https:\/\/laredsocial-noticias.com\/wp\/#\/schema\/person\/0ce78643f2de7aae6f6ef10e8453a6e0"},"breadcrumb":{"@id":"https:\/\/laredsocial-noticias.com\/wp\/carteles-de-sinaloa-y-jalisco-detras-de-emboscada-a-militares\/#breadcrumb"},"inLanguage":"es","potentialAction":[{"@type":"ReadAction","target":["https:\/\/laredsocial-noticias.com\/wp\/carteles-de-sinaloa-y-jalisco-detras-de-emboscada-a-militares\/"]}]},{"@type":"ImageObject","inLanguage":"es","@id":"https:\/\/laredsocial-noticias.com\/wp\/carteles-de-sinaloa-y-jalisco-detras-de-emboscada-a-militares\/#primaryimage","url":"","contentUrl":""},{"@type":"BreadcrumbList","@id":"https:\/\/laredsocial-noticias.com\/wp\/carteles-de-sinaloa-y-jalisco-detras-de-emboscada-a-militares\/#breadcrumb","itemListElement":[{"@type":"ListItem","position":1,"name":"Portada","item":"https:\/\/laredsocial-noticias.com\/wp\/"},{"@type":"ListItem","position":2,"name":"C\u00e1rteles de Sinaloa y Jalisco detr\u00e1s de emboscada a militares"}]},{"@type":"WebSite","@id":"https:\/\/laredsocial-noticias.com\/wp\/#website","url":"https:\/\/laredsocial-noticias.com\/wp\/","name":"NOTICIAS","description":"Lo que se ve y se dice en las redes sociales","potentialAction":[{"@type":"SearchAction","target":{"@type":"EntryPoint","urlTemplate":"https:\/\/laredsocial-noticias.com\/wp\/?s={search_term_string}"},"query-input":{"@type":"PropertyValueSpecification","valueRequired":true,"valueName":"search_term_string"}}],"inLanguage":"es"},{"@type":"Person","@id":"https:\/\/laredsocial-noticias.com\/wp\/#\/schema\/person\/0ce78643f2de7aae6f6ef10e8453a6e0","name":"Editor en Jefe","url":"https:\/\/laredsocial-noticias.com\/wp\/author\/jorgeochoa\/"}]}},"_links":{"self":[{"href":"https:\/\/laredsocial-noticias.com\/wp\/wp-json\/wp\/v2\/posts\/35262","targetHints":{"allow":["GET"]}}],"collection":[{"href":"https:\/\/laredsocial-noticias.com\/wp\/wp-json\/wp\/v2\/posts"}],"about":[{"href":"https:\/\/laredsocial-noticias.com\/wp\/wp-json\/wp\/v2\/types\/post"}],"author":[{"embeddable":true,"href":"https:\/\/laredsocial-noticias.com\/wp\/wp-json\/wp\/v2\/users\/1"}],"replies":[{"embeddable":true,"href":"https:\/\/laredsocial-noticias.com\/wp\/wp-json\/wp\/v2\/comments?post=35262"}],"version-history":[{"count":1,"href":"https:\/\/laredsocial-noticias.com\/wp\/wp-json\/wp\/v2\/posts\/35262\/revisions"}],"predecessor-version":[{"id":35267,"href":"https:\/\/laredsocial-noticias.com\/wp\/wp-json\/wp\/v2\/posts\/35262\/revisions\/35267"}],"wp:attachment":[{"href":"https:\/\/laredsocial-noticias.com\/wp\/wp-json\/wp\/v2\/media?parent=35262"}],"wp:term":[{"taxonomy":"category","embeddable":true,"href":"https:\/\/laredsocial-noticias.com\/wp\/wp-json\/wp\/v2\/categories?post=35262"},{"taxonomy":"post_tag","embeddable":true,"href":"https:\/\/laredsocial-noticias.com\/wp\/wp-json\/wp\/v2\/tags?post=35262"}],"curies":[{"name":"wp","href":"https:\/\/api.w.org\/{rel}","templated":true}]}}