{"id":35502,"date":"2016-10-26T11:13:30","date_gmt":"2016-10-26T16:13:30","guid":{"rendered":"http:\/\/laredsocial-noticias.com\/wp\/?p=35502"},"modified":"2016-10-26T11:13:38","modified_gmt":"2016-10-26T16:13:38","slug":"dinamita-contra-el-deutsche-bank","status":"publish","type":"post","link":"https:\/\/laredsocial-noticias.com\/wp\/dinamita-contra-el-deutsche-bank\/","title":{"rendered":"Dinamita contra el Deutsche Bank"},"content":{"rendered":"<h2 style=\"text-align: center;\"><strong>Por la Espiral<\/strong><\/h2>\n<h4>*Claudia Luna Palencia<\/h4>\n<p class=\"x_MsoNormal\">Al Deutsche Bank le est\u00e1 afectando\u00a0 una combinaci\u00f3n de factores, un c\u00f3ctel especulativo, a continuaci\u00f3n amigos lectores les presento mi an\u00e1lisis personal.<\/p>\n<p class=\"x_MsoNormal\">1) En las razones de mercado, este banco sist\u00e9mico, su acci\u00f3n ha perdido el 61% de su valor en el mercado burs\u00e1til en los \u00faltimos dos a\u00f1os afectado por una volatilidad adherida a la puesta en entredicho de su fortaleza financiera una duda sembrada desde la Reserva Federal de Estados Unidos que ha reprobado por dos a\u00f1os consecutivos a la filial del Deutsche Bank en Estados Unidos.<\/p>\n<p class=\"x_MsoNormal\">\u00a0\u00a0\u00a0\u00a0\u00a0\u00a0\u00a0\u00a0 El test de estr\u00e9s aplicado a 31 bancos que operan en territorio de la Uni\u00f3n Americana por parte de la FED sirve para valorar una serie de baremos cuantitativos y cualitativos en las instituciones crediticias; el score pretende evaluar cu\u00e1l es la capacidad efectiva de reacci\u00f3n, respuesta y gesti\u00f3n de un banco ante un shock inesperado sea econ\u00f3mico o de otra \u00edndole.<\/p>\n<p class=\"x_MsoNormal\">\u00a0\u00a0\u00a0\u00a0\u00a0\u00a0\u00a0\u00a0 Pero una vez sembrada la duda en la misma filial del Deutsche Bank en Estados Unidos, al conglomerado financiero germano se le se\u00f1ala por su elevada exposici\u00f3n al riesgo en el mercado de derivados. En sus manos descansan el 13% del mercado global de derivados cuestion\u00e1ndosele la calidad de dichas operaciones.<\/p>\n<p class=\"x_MsoNormal\">\u00a0\u00a0\u00a0\u00a0\u00a0\u00a0\u00a0\u00a0 Me dediqu\u00e9 a analizar los informes anuales de los \u00faltimos\u00a0 cinco a\u00f1os, la capitalizaci\u00f3n de mercado del banco en 2010 alcanz\u00f3 los 36.34 billones de euros;\u00a0 si bien en 2011 cay\u00f3 estrepitosamente hasta los 27.36 billones de euros logr\u00f3 recuperarse en los a\u00f1os siguientes aunque en\u00a0 2014 y 2015 volvi\u00f3 a perder tras cerrar en 34.5 y 31.1 billones de euros, respectivamente.\u00a0 Precisamente de 2014 a 2015 perdi\u00f3 el 6.28% de sus accionistas al bajar a los 561 mil 559 tenedores de t\u00edtulos el a\u00f1o pasado.<\/p>\n<p class=\"x_MsoNormal\">\u00a0\u00a0\u00a0\u00a0\u00a0\u00a0\u00a0\u00a0 2) Las sanciones legales anunciadas por el Departamento de Justicia de Estados Unidos exigiendo el pago de una multa por \u00a012 mil 400\u00a0 millones de euros por su participaci\u00f3n en la gesti\u00f3n de las hipotecas basura. No es la primera vez que en los \u00faltimos a\u00f1os el grupo financiero se ve obligado a pagar una multa millonaria al respecto: en 2015, la Comisi\u00f3n del Mercado de Valores (SEC por sus siglas en ingl\u00e9s) impuso una multa de 50 millones de euros al banco por ocultar p\u00e9rdidas en los estados contables de 2008.\u00a0 En 2013, la Comisi\u00f3n Europea sancion\u00f3 con 725 millones de euros al Deutsche por manipular la tasa Libor y el Eur\u00edbor de referencia interbancaria.<\/p>\n<p class=\"x_MsoNormal\">\u00a0\u00a0\u00a0\u00a0\u00a0\u00a0\u00a0\u00a0 3) Respecto de sus finanzas internas \u00a0no le est\u00e1n saliendo bien los negocios. En Europa, le est\u00e1 pasando factura la obcecada pol\u00edtica del Banco Central Europeo (BCE) de mantener las tasas de inter\u00e9s tan bajas y hasta negativas que ha desincentivado el negocio bancario en varios rubros con tal de incentivar por otra v\u00eda el consumo a cr\u00e9dito de la poblaci\u00f3n y con ello impactar a la demanda interna y levantar a la castigada econom\u00eda europea.<\/p>\n<p class=\"x_MsoNormal\">\u00a0\u00a0\u00a0\u00a0\u00a0\u00a0\u00a0\u00a0 Pero ha sido un arma de doble filo que todas las instituciones crediticias europeas han venido denunciando.\u00a0 En 2010, los ingresos netos totales del banco cerraron en 28 mil 567 millones de euros si bien han subido a lo largo de los \u00faltimos cinco a\u00f1os (el a\u00f1o pasado aumentaron a\u00a0 33 mil 525 millones de euros) su negocio en general se ha visto impactado de tal suerte que en la consolidaci\u00f3n de ganancias ha pasado de reportar beneficios en 2010 por 3 mil 975 millones de euros a p\u00e9rdidas relevantes por 6 mil 772 millones de euros.<\/p>\n<p class=\"x_MsoNormal\">\u00a0\u00a0\u00a0\u00a0\u00a0\u00a0\u00a0\u00a0 Y desmotiva adem\u00e1s la insuficiencia de provisiones para hacer frente a la multa americana, si a d\u00eda de hoy se hiciera \u00a0efectiva, carecer\u00eda de margen de maniobra so pena de que su valor de capitalizaci\u00f3n burs\u00e1til ha bajado a 18 mil millones de euros considerando el precio unitario de 13 euros por acci\u00f3n.<\/p>\n<p class=\"x_MsoNormal\">\u00a0\u00a0\u00a0\u00a0\u00a0\u00a0\u00a0\u00a0 4) Pol\u00edticos, s\u00ed tambi\u00e9n \u00a0los hay. Aunque se trata de una instituci\u00f3n privada tal parece que en el entorno pol\u00edtico que rodea a la canciller Angela Merkel se ha desatado una oleada de golpeteos de todo tipo en su contra para evitar que el pr\u00f3ximo a\u00f1o -en las elecciones parlamentarias- ella logre quedarse en el poder por otro cuarto per\u00edodo consecutivo.<\/p>\n<p class=\"x_MsoNormal\">\u00a0\u00a0\u00a0\u00a0\u00a0\u00a0\u00a0\u00a0 A\u00a0 Merkel le crecen los enanos por todos los sitios, criticada internamente por su pol\u00edtica de acogida migratoria, la xenofobia ha sido el lubricante para fortalecer a los partidos de extrema izquierda y derecha. Que el banco m\u00e1s relevante de Alemania est\u00e9 dando tumbos financieros tambi\u00e9n obra en su contra porque se cr\u00edtica la pol\u00edtica intervencionista y de austeridad por parte de la Comisi\u00f3n Europea y tambi\u00e9n la laxa pol\u00edtica de tasas de inter\u00e9s del BCE.<\/p>\n<p class=\"x_MsoNormal\">\u00a0\u00a0\u00a0\u00a0\u00a0\u00a0\u00a0\u00a0 A Merkel ya se le cuestion\u00f3 hace unas semanas si est\u00e1 dispuesta a inyectarle dinero p\u00fablico al Deutsche Bank a lo que ella revir\u00f3 sentenciando \u201cque no est\u00e1 pensando en ning\u00fan tipo de rescate\u201d.\u00a0 Lo irrisorio ser\u00eda que a los alemanes les aconteciera lo mismo que a los griegos el a\u00f1o pasado cuando tuvieron que enfrentar un corralito para evitar que el ahorrador en masa retirase su dinero de los bancos helenos.<\/p>\n<p class=\"x_MsoNormal\">\u00a0\u00a0\u00a0\u00a0\u00a0\u00a0\u00a0\u00a0 5) Al parecer todo comenz\u00f3 con Apple. En la vieja diplomacia de siempre los pol\u00edticos se dan la mano de frente y \u00a0luego se asestan el pu\u00f1al por la espalda. Hay una guerra comercial, econ\u00f3mica y financiera entre Estados Unidos y la Uni\u00f3n Europea (UE) el detonante ha sido el expediente que en 2014 la Comisi\u00f3n Europea abri\u00f3 a Apple por evasi\u00f3n fiscal al no declarar correctamente todas sus ganancias obtenidas en el continente benefici\u00e1ndose de poner su domicilio fiscal en Irlanda; el verano pasado fue ventilado que\u00a0 Apple deber\u00e1 devolver 13 mil millones de euros en impuestos no declarados.<\/p>\n<p class=\"x_MsoNormal\">\u00a0\u00a0\u00a0\u00a0\u00a0\u00a0\u00a0\u00a0 Casi al a\u00f1o de que en Europa se abri\u00f3 este expediente, la Uni\u00f3n Americana encontr\u00f3 que veh\u00edculos fabricados por Volkswagen estaban trucados en el control de sus emisiones contaminantes; poner en entredicho la credibilidad de la marca alemana ha provocado p\u00e9rdidas importantes en la econom\u00eda germana justo cuando requiere amacizar su recuperaci\u00f3n.<\/p>\n<p class=\"x_MsoNormal\">\u00a0\u00a0\u00a0\u00a0\u00a0\u00a0\u00a0\u00a0 El golpetazo de la Corte norteamericana\u00a0 a Deutsche Bank es un gancho al h\u00edgado que pretende devolver lo acontecido fiscalmente hablando contra Apple.<\/p>\n<h5 class=\"x_MsoNormal\"><strong>@claudialunapale<\/strong><\/h5>\n","protected":false},"excerpt":{"rendered":"<p>Al Deutsche Bank le est\u00e1 afectando  una combinaci\u00f3n de factores, un c\u00f3ctel especulativo, a continuaci\u00f3n amigos lectores les presento mi an\u00e1lisis personal.<\/p>\n","protected":false},"author":1,"featured_media":0,"comment_status":"closed","ping_status":"closed","sticky":false,"template":"","format":"standard","meta":{"footnotes":""},"categories":[1796,697,73],"tags":[696,1059,77],"class_list":["post-35502","post","type-post","status-publish","format-standard","hentry","category-circulodigital","category-opinion","category-principal","tag-columnas","tag-opinion","tag-principal"],"yoast_head":"<!-- This site is optimized with the Yoast SEO plugin v26.5 - https:\/\/yoast.com\/wordpress\/plugins\/seo\/ -->\n<title>Dinamita contra el Deutsche Bank - NOTICIAS<\/title>\n<meta name=\"robots\" content=\"index, follow, max-snippet:-1, max-image-preview:large, max-video-preview:-1\" \/>\n<link rel=\"canonical\" href=\"https:\/\/laredsocial-noticias.com\/wp\/dinamita-contra-el-deutsche-bank\/\" \/>\n<meta property=\"og:locale\" content=\"es_ES\" \/>\n<meta property=\"og:type\" content=\"article\" \/>\n<meta property=\"og:title\" content=\"Dinamita contra el Deutsche Bank - NOTICIAS\" \/>\n<meta property=\"og:description\" content=\"Al Deutsche Bank le est\u00e1 afectando una combinaci\u00f3n de factores, un c\u00f3ctel especulativo, a continuaci\u00f3n amigos lectores les presento mi an\u00e1lisis personal.\" \/>\n<meta property=\"og:url\" content=\"https:\/\/laredsocial-noticias.com\/wp\/dinamita-contra-el-deutsche-bank\/\" \/>\n<meta property=\"og:site_name\" content=\"NOTICIAS\" \/>\n<meta property=\"article:published_time\" content=\"2016-10-26T16:13:30+00:00\" \/>\n<meta property=\"article:modified_time\" content=\"2016-10-26T16:13:38+00:00\" \/>\n<meta property=\"og:image\" content=\"https:\/\/laredsocial-noticias.com\/wp\/wp-content\/uploads\/2016\/10\/DeutscheBank-e1475854506193.jpg\" \/>\n\t<meta property=\"og:image:width\" content=\"600\" \/>\n\t<meta property=\"og:image:height\" content=\"337\" \/>\n\t<meta property=\"og:image:type\" content=\"image\/jpeg\" \/>\n<meta name=\"author\" content=\"Editor en Jefe\" \/>\n<meta name=\"twitter:card\" content=\"summary_large_image\" \/>\n<meta name=\"twitter:label1\" content=\"Escrito por\" \/>\n\t<meta name=\"twitter:data1\" content=\"Editor en Jefe\" \/>\n\t<meta name=\"twitter:label2\" content=\"Tiempo de lectura\" \/>\n\t<meta name=\"twitter:data2\" content=\"5 minutos\" \/>\n<!-- \/ Yoast SEO plugin. -->","yoast_head_json":{"title":"Dinamita contra el Deutsche Bank - NOTICIAS","robots":{"index":"index","follow":"follow","max-snippet":"max-snippet:-1","max-image-preview":"max-image-preview:large","max-video-preview":"max-video-preview:-1"},"canonical":"https:\/\/laredsocial-noticias.com\/wp\/dinamita-contra-el-deutsche-bank\/","og_locale":"es_ES","og_type":"article","og_title":"Dinamita contra el Deutsche Bank - NOTICIAS","og_description":"Al Deutsche Bank le est\u00e1 afectando una combinaci\u00f3n de factores, un c\u00f3ctel especulativo, a continuaci\u00f3n amigos lectores les presento mi an\u00e1lisis personal.","og_url":"https:\/\/laredsocial-noticias.com\/wp\/dinamita-contra-el-deutsche-bank\/","og_site_name":"NOTICIAS","article_published_time":"2016-10-26T16:13:30+00:00","article_modified_time":"2016-10-26T16:13:38+00:00","og_image":[{"width":600,"height":337,"url":"https:\/\/laredsocial-noticias.com\/wp\/wp-content\/uploads\/2016\/10\/DeutscheBank-e1475854506193.jpg","type":"image\/jpeg"}],"author":"Editor en Jefe","twitter_card":"summary_large_image","twitter_misc":{"Escrito por":"Editor en Jefe","Tiempo de lectura":"5 minutos"},"schema":{"@context":"https:\/\/schema.org","@graph":[{"@type":"WebPage","@id":"https:\/\/laredsocial-noticias.com\/wp\/dinamita-contra-el-deutsche-bank\/","url":"https:\/\/laredsocial-noticias.com\/wp\/dinamita-contra-el-deutsche-bank\/","name":"Dinamita contra el Deutsche Bank - NOTICIAS","isPartOf":{"@id":"https:\/\/laredsocial-noticias.com\/wp\/#website"},"datePublished":"2016-10-26T16:13:30+00:00","dateModified":"2016-10-26T16:13:38+00:00","author":{"@id":"https:\/\/laredsocial-noticias.com\/wp\/#\/schema\/person\/0ce78643f2de7aae6f6ef10e8453a6e0"},"breadcrumb":{"@id":"https:\/\/laredsocial-noticias.com\/wp\/dinamita-contra-el-deutsche-bank\/#breadcrumb"},"inLanguage":"es","potentialAction":[{"@type":"ReadAction","target":["https:\/\/laredsocial-noticias.com\/wp\/dinamita-contra-el-deutsche-bank\/"]}]},{"@type":"BreadcrumbList","@id":"https:\/\/laredsocial-noticias.com\/wp\/dinamita-contra-el-deutsche-bank\/#breadcrumb","itemListElement":[{"@type":"ListItem","position":1,"name":"Portada","item":"https:\/\/laredsocial-noticias.com\/wp\/"},{"@type":"ListItem","position":2,"name":"Dinamita contra el Deutsche Bank"}]},{"@type":"WebSite","@id":"https:\/\/laredsocial-noticias.com\/wp\/#website","url":"https:\/\/laredsocial-noticias.com\/wp\/","name":"NOTICIAS","description":"Lo que se ve y se dice en las redes sociales","potentialAction":[{"@type":"SearchAction","target":{"@type":"EntryPoint","urlTemplate":"https:\/\/laredsocial-noticias.com\/wp\/?s={search_term_string}"},"query-input":{"@type":"PropertyValueSpecification","valueRequired":true,"valueName":"search_term_string"}}],"inLanguage":"es"},{"@type":"Person","@id":"https:\/\/laredsocial-noticias.com\/wp\/#\/schema\/person\/0ce78643f2de7aae6f6ef10e8453a6e0","name":"Editor en Jefe","url":"https:\/\/laredsocial-noticias.com\/wp\/author\/jorgeochoa\/"}]}},"_links":{"self":[{"href":"https:\/\/laredsocial-noticias.com\/wp\/wp-json\/wp\/v2\/posts\/35502","targetHints":{"allow":["GET"]}}],"collection":[{"href":"https:\/\/laredsocial-noticias.com\/wp\/wp-json\/wp\/v2\/posts"}],"about":[{"href":"https:\/\/laredsocial-noticias.com\/wp\/wp-json\/wp\/v2\/types\/post"}],"author":[{"embeddable":true,"href":"https:\/\/laredsocial-noticias.com\/wp\/wp-json\/wp\/v2\/users\/1"}],"replies":[{"embeddable":true,"href":"https:\/\/laredsocial-noticias.com\/wp\/wp-json\/wp\/v2\/comments?post=35502"}],"version-history":[{"count":1,"href":"https:\/\/laredsocial-noticias.com\/wp\/wp-json\/wp\/v2\/posts\/35502\/revisions"}],"predecessor-version":[{"id":35503,"href":"https:\/\/laredsocial-noticias.com\/wp\/wp-json\/wp\/v2\/posts\/35502\/revisions\/35503"}],"wp:attachment":[{"href":"https:\/\/laredsocial-noticias.com\/wp\/wp-json\/wp\/v2\/media?parent=35502"}],"wp:term":[{"taxonomy":"category","embeddable":true,"href":"https:\/\/laredsocial-noticias.com\/wp\/wp-json\/wp\/v2\/categories?post=35502"},{"taxonomy":"post_tag","embeddable":true,"href":"https:\/\/laredsocial-noticias.com\/wp\/wp-json\/wp\/v2\/tags?post=35502"}],"curies":[{"name":"wp","href":"https:\/\/api.w.org\/{rel}","templated":true}]}}