{"id":36509,"date":"2016-11-01T16:20:11","date_gmt":"2016-11-01T22:20:11","guid":{"rendered":"http:\/\/laredsocial-noticias.com\/wp\/?p=36509"},"modified":"2016-11-01T17:20:18","modified_gmt":"2016-11-01T22:20:18","slug":"pide-aldf-mas-presupuesto-para-atender-necesidades-de-unidades-habitacionales","status":"publish","type":"post","link":"https:\/\/laredsocial-noticias.com\/wp\/pide-aldf-mas-presupuesto-para-atender-necesidades-de-unidades-habitacionales\/","title":{"rendered":"Pide ALDF m\u00e1s presupuesto para atender necesidades de unidades habitacionales"},"content":{"rendered":"<p><strong>CIUDAD DE M\u00c9XICO, 01 de noviembre, (CDMX MAGAC\u00cdN\/C\u00cdRCULO DIGITAL).\u2014 \u00a0<\/strong>Iv\u00e1n Texta Sol\u00eds, diputado del Partido de la Revoluci\u00f3n Democr\u00e1tica (PRD) en la Asamblea Legislativa del Distrito Federal (ALDF), exhort\u00f3 a la Procuradur\u00eda Social de la Ciudad de M\u00e9xico y a la Secretar\u00eda de Finanzas capitalina a que en el anteproyecto de Presupuesto de Egresos para el a\u00f1o fiscal 2017, contemplen un aumento presupuestal que garantice el derecho humano de acceso a una vivienda digna y adecuada, a los 3.5 millones de habitantes que viven en ocho mil unidades habitacionales en nuestra ciudad.<\/p>\n<p>En el punto de acuerdo presentado por el legislador, y turnado a la Comisi\u00f3n de Presupuesto y Cuenta P\u00fablica, se establece que de acuerdo con cifras de la Procuradur\u00eda Social local, se ha logrado apoyar econ\u00f3micamente, para prevenir y revertir el deterioro f\u00edsico de los inmuebles, a cerca de 4 mil 391 unidades habitacionales; sin embargo, falta mucho por hacer.<\/p>\n<p>\u201cEn total respeto al derecho humano de las y los habitantes de la Ciudad de M\u00e9xico a una vivienda digna y decorosa, el Gobierno capitalino debe garantizar en presupuesto un aumento que permita hacer frente a las necesidades b\u00e1sicas de mantenimiento de la vivienda condominal: infraestructura, calles y andadores; estructuras, instalaciones el\u00e9ctricas, equipamiento urbano al interior, sistemas de seguridad y cuidado al medio ambiente\u201d, precis\u00f3 el diputado perredista.<\/p>\n<p>Sin embargo, explic\u00f3, existe un d\u00e9ficit de atenci\u00f3n presupuestal en materia de mantenimiento de por lo menos 10 mil millones de pesos, contando los siete rubros que contempla actualmente el programa \u201cOllin Callan\u201d, por lo que el Gobierno de la Ciudad de M\u00e9xico debe tomar acciones prontas para atender este d\u00e9ficit presupuestal, aumentando en m\u00e1s de 483 millones de pesos el presupuesto de la Procuradur\u00eda Social de la Ciudad de M\u00e9xico.<\/p>\n<p>Texta Sol\u00eds se\u00f1al\u00f3 que entre las funciones de la Procuradur\u00eda Social de la Ciudad de M\u00e9xico est\u00e1 la de proteger los derechos ciudadanos, promover la cultura de exigibilidad y la difusi\u00f3n de las garant\u00edas econ\u00f3micas, sociales, culturales y ambientales de las y los capitalinos para una sana convivencia.<\/p>\n<p>\u201cSe trata de la autoridad en materia condominal para vigilar, permanentemente, el cumplimiento de la Ley de Propiedad en Condominio de Inmuebles y promover la organizaci\u00f3n para lograr una cultura de convivencia\u201d, se\u00f1al\u00f3 el presidente de la Comisi\u00f3n de Vigilancia de la Auditor\u00eda Superior de la Ciudad de M\u00e9xico en la ALDF.<\/p>\n<p>Indic\u00f3 que para realizar correctamente estos fines y cumplir con lo dispuesto en el Programa General de Desarrollo 2013-2018, la Procuradur\u00eda Social contempla diferentes ejes tem\u00e1ticos de acciones, entre los que destacan:<\/p>\n<p>El fomento a la organizaci\u00f3n social de la estructura condominal, a partir del est\u00edmulo a la participaci\u00f3n y la informaci\u00f3n oportuna; el mejoramiento significativo de las condiciones y niveles de vida de sus residentes y en modelos de corresponsabilidad y coparticipaci\u00f3n; el fortalecimiento de los mecanismos que respalden acciones concretas en materia de habitabilidad y adaptabilidad urbana.<\/p>\n<p>Tambi\u00e9n, la generaci\u00f3n de acciones vinculantes entre ciudadan\u00eda e instituciones gubernamentales, as\u00ed como del espacio org\u00e1nico que fomente la exigibilidad de derechos sociales, la transparencia en la gesti\u00f3n y la rendici\u00f3n de cuentas dentro del marco transversal de derechos humanos en el \u00e1mbito administrativo, que mitigue el conflicto social.<\/p>\n<p>\u201cA trav\u00e9s de su Programa Institucional contribuye a satisfacer los Derechos de Tercera Generaci\u00f3n o Colectivos de la poblaci\u00f3n; es decir, de m\u00e1s 3.5 millones de habitantes que viven en ocho mil unidades habitacionales de esta ciudad. Entre esos derechos est\u00e1 el acceso a una vivienda digna, en condiciones \u00f3ptimas de higiene, seguridad y protecci\u00f3n\u201d, refiri\u00f3 Iv\u00e1n Texta.<\/p>\n<p>Manifest\u00f3 que durante d\u00e9cadas los condominios y unidades habitacionales de la Ciudad de M\u00e9xico no recibieron apoyo alguno por el extinto Departamento del Distrito Federal, lo que contribuy\u00f3 al paulatino deterioro f\u00edsico de los inmuebles de su equipamiento urbano y de las \u00e1reas de uso com\u00fan. Este detrimento f\u00edsico, aunado a la afectaci\u00f3n de la calidad de vida de la poblaci\u00f3n-habitante, propici\u00f3 la creaci\u00f3n del Programa para el Rescate de Unidades Habitacionales de Inter\u00e9s Social en el periodo 2001 a 2006.<\/p>\n<p>Para 2007, dijo, con algunos cambios en las Reglas de Operaci\u00f3n cambia al programa \u201cOllin Callan\u201d, que hasta la fecha continua, y en el cual se replante\u00f3 etiquetando presupuesto espec\u00edficamente para atenci\u00f3n condominal dando m\u00e1s \u00e9nfasis a la organizaci\u00f3n social.<\/p>\n<p>El objetivo del programa es contribuir al mejoramiento de la calidad de vida y la convivencia comunitaria en los residentes de las unidades habitacionales de inter\u00e9s social, a trav\u00e9s de apoyos econ\u00f3micos para prevenir y revertir el deterioro f\u00edsico de inmuebles, siendo el \u00fanico programa social en la materia.<\/p>\n","protected":false},"excerpt":{"rendered":"<p>CIUDAD DE M\u00c9XICO, 01 de noviembre, (CDMX MAGAC\u00cdN\/C\u00cdRCULO DIGITAL).\u2014 \u00a0Iv\u00e1n Texta Sol\u00eds, diputado del Partido de la Revoluci\u00f3n Democr\u00e1tica (PRD)&#8230;<\/p>\n","protected":false},"author":1,"featured_media":0,"comment_status":"closed","ping_status":"closed","sticky":false,"template":"","format":"standard","meta":{"footnotes":""},"categories":[91,1796,73],"tags":[261,77],"class_list":["post-36509","post","type-post","status-publish","format-standard","hentry","category-cdmx","category-circulodigital","category-principal","tag-cdmx","tag-principal"],"yoast_head":"<!-- This site is optimized with the Yoast SEO plugin v26.5 - https:\/\/yoast.com\/wordpress\/plugins\/seo\/ -->\n<title>Pide ALDF m\u00e1s presupuesto para atender necesidades de unidades habitacionales - NOTICIAS<\/title>\n<meta name=\"robots\" content=\"index, follow, max-snippet:-1, max-image-preview:large, max-video-preview:-1\" \/>\n<link rel=\"canonical\" href=\"https:\/\/laredsocial-noticias.com\/wp\/pide-aldf-mas-presupuesto-para-atender-necesidades-de-unidades-habitacionales\/\" \/>\n<meta property=\"og:locale\" content=\"es_ES\" \/>\n<meta property=\"og:type\" content=\"article\" \/>\n<meta property=\"og:title\" content=\"Pide ALDF m\u00e1s presupuesto para atender necesidades de unidades habitacionales - NOTICIAS\" \/>\n<meta property=\"og:description\" content=\"CIUDAD DE M\u00c9XICO, 01 de noviembre, (CDMX MAGAC\u00cdN\/C\u00cdRCULO DIGITAL).\u2014 \u00a0Iv\u00e1n Texta Sol\u00eds, diputado del Partido de la Revoluci\u00f3n Democr\u00e1tica (PRD)...\" \/>\n<meta property=\"og:url\" content=\"https:\/\/laredsocial-noticias.com\/wp\/pide-aldf-mas-presupuesto-para-atender-necesidades-de-unidades-habitacionales\/\" \/>\n<meta property=\"og:site_name\" content=\"NOTICIAS\" \/>\n<meta property=\"article:published_time\" content=\"2016-11-01T22:20:11+00:00\" \/>\n<meta property=\"article:modified_time\" content=\"2016-11-01T22:20:18+00:00\" \/>\n<meta property=\"og:image\" content=\"https:\/\/laredsocial-noticias.com\/wp\/wp-content\/uploads\/2016\/11\/Iv\u00e1n-Texta-Sol\u00eds.jpg\" \/>\n\t<meta property=\"og:image:width\" content=\"600\" \/>\n\t<meta property=\"og:image:height\" content=\"399\" \/>\n\t<meta property=\"og:image:type\" content=\"image\/jpeg\" \/>\n<meta name=\"author\" content=\"Editor en Jefe\" \/>\n<meta name=\"twitter:card\" content=\"summary_large_image\" \/>\n<meta name=\"twitter:label1\" content=\"Escrito por\" \/>\n\t<meta name=\"twitter:data1\" content=\"Editor en Jefe\" \/>\n\t<meta name=\"twitter:label2\" content=\"Tiempo de lectura\" \/>\n\t<meta name=\"twitter:data2\" content=\"4 minutos\" \/>\n<!-- \/ Yoast SEO plugin. -->","yoast_head_json":{"title":"Pide ALDF m\u00e1s presupuesto para atender necesidades de unidades habitacionales - NOTICIAS","robots":{"index":"index","follow":"follow","max-snippet":"max-snippet:-1","max-image-preview":"max-image-preview:large","max-video-preview":"max-video-preview:-1"},"canonical":"https:\/\/laredsocial-noticias.com\/wp\/pide-aldf-mas-presupuesto-para-atender-necesidades-de-unidades-habitacionales\/","og_locale":"es_ES","og_type":"article","og_title":"Pide ALDF m\u00e1s presupuesto para atender necesidades de unidades habitacionales - NOTICIAS","og_description":"CIUDAD DE M\u00c9XICO, 01 de noviembre, (CDMX MAGAC\u00cdN\/C\u00cdRCULO DIGITAL).\u2014 \u00a0Iv\u00e1n Texta Sol\u00eds, diputado del Partido de la Revoluci\u00f3n Democr\u00e1tica (PRD)...","og_url":"https:\/\/laredsocial-noticias.com\/wp\/pide-aldf-mas-presupuesto-para-atender-necesidades-de-unidades-habitacionales\/","og_site_name":"NOTICIAS","article_published_time":"2016-11-01T22:20:11+00:00","article_modified_time":"2016-11-01T22:20:18+00:00","og_image":[{"width":600,"height":399,"url":"https:\/\/laredsocial-noticias.com\/wp\/wp-content\/uploads\/2016\/11\/Iv\u00e1n-Texta-Sol\u00eds.jpg","type":"image\/jpeg"}],"author":"Editor en Jefe","twitter_card":"summary_large_image","twitter_misc":{"Escrito por":"Editor en Jefe","Tiempo de lectura":"4 minutos"},"schema":{"@context":"https:\/\/schema.org","@graph":[{"@type":"WebPage","@id":"https:\/\/laredsocial-noticias.com\/wp\/pide-aldf-mas-presupuesto-para-atender-necesidades-de-unidades-habitacionales\/","url":"https:\/\/laredsocial-noticias.com\/wp\/pide-aldf-mas-presupuesto-para-atender-necesidades-de-unidades-habitacionales\/","name":"Pide ALDF m\u00e1s presupuesto para atender necesidades de unidades habitacionales - NOTICIAS","isPartOf":{"@id":"https:\/\/laredsocial-noticias.com\/wp\/#website"},"datePublished":"2016-11-01T22:20:11+00:00","dateModified":"2016-11-01T22:20:18+00:00","author":{"@id":"https:\/\/laredsocial-noticias.com\/wp\/#\/schema\/person\/0ce78643f2de7aae6f6ef10e8453a6e0"},"breadcrumb":{"@id":"https:\/\/laredsocial-noticias.com\/wp\/pide-aldf-mas-presupuesto-para-atender-necesidades-de-unidades-habitacionales\/#breadcrumb"},"inLanguage":"es","potentialAction":[{"@type":"ReadAction","target":["https:\/\/laredsocial-noticias.com\/wp\/pide-aldf-mas-presupuesto-para-atender-necesidades-de-unidades-habitacionales\/"]}]},{"@type":"BreadcrumbList","@id":"https:\/\/laredsocial-noticias.com\/wp\/pide-aldf-mas-presupuesto-para-atender-necesidades-de-unidades-habitacionales\/#breadcrumb","itemListElement":[{"@type":"ListItem","position":1,"name":"Portada","item":"https:\/\/laredsocial-noticias.com\/wp\/"},{"@type":"ListItem","position":2,"name":"Pide ALDF m\u00e1s presupuesto para atender necesidades de unidades habitacionales"}]},{"@type":"WebSite","@id":"https:\/\/laredsocial-noticias.com\/wp\/#website","url":"https:\/\/laredsocial-noticias.com\/wp\/","name":"NOTICIAS","description":"Lo que se ve y se dice en las redes sociales","potentialAction":[{"@type":"SearchAction","target":{"@type":"EntryPoint","urlTemplate":"https:\/\/laredsocial-noticias.com\/wp\/?s={search_term_string}"},"query-input":{"@type":"PropertyValueSpecification","valueRequired":true,"valueName":"search_term_string"}}],"inLanguage":"es"},{"@type":"Person","@id":"https:\/\/laredsocial-noticias.com\/wp\/#\/schema\/person\/0ce78643f2de7aae6f6ef10e8453a6e0","name":"Editor en Jefe","url":"https:\/\/laredsocial-noticias.com\/wp\/author\/jorgeochoa\/"}]}},"_links":{"self":[{"href":"https:\/\/laredsocial-noticias.com\/wp\/wp-json\/wp\/v2\/posts\/36509","targetHints":{"allow":["GET"]}}],"collection":[{"href":"https:\/\/laredsocial-noticias.com\/wp\/wp-json\/wp\/v2\/posts"}],"about":[{"href":"https:\/\/laredsocial-noticias.com\/wp\/wp-json\/wp\/v2\/types\/post"}],"author":[{"embeddable":true,"href":"https:\/\/laredsocial-noticias.com\/wp\/wp-json\/wp\/v2\/users\/1"}],"replies":[{"embeddable":true,"href":"https:\/\/laredsocial-noticias.com\/wp\/wp-json\/wp\/v2\/comments?post=36509"}],"version-history":[{"count":1,"href":"https:\/\/laredsocial-noticias.com\/wp\/wp-json\/wp\/v2\/posts\/36509\/revisions"}],"predecessor-version":[{"id":36510,"href":"https:\/\/laredsocial-noticias.com\/wp\/wp-json\/wp\/v2\/posts\/36509\/revisions\/36510"}],"wp:attachment":[{"href":"https:\/\/laredsocial-noticias.com\/wp\/wp-json\/wp\/v2\/media?parent=36509"}],"wp:term":[{"taxonomy":"category","embeddable":true,"href":"https:\/\/laredsocial-noticias.com\/wp\/wp-json\/wp\/v2\/categories?post=36509"},{"taxonomy":"post_tag","embeddable":true,"href":"https:\/\/laredsocial-noticias.com\/wp\/wp-json\/wp\/v2\/tags?post=36509"}],"curies":[{"name":"wp","href":"https:\/\/api.w.org\/{rel}","templated":true}]}}