{"id":36868,"date":"2016-11-03T15:30:09","date_gmt":"2016-11-03T21:30:09","guid":{"rendered":"http:\/\/laredsocial-noticias.com\/wp\/?p=36868"},"modified":"2016-11-03T15:46:23","modified_gmt":"2016-11-03T20:46:23","slug":"mexico-tendra-un-registro-nacional-de-cancer","status":"publish","type":"post","link":"https:\/\/laredsocial-noticias.com\/wp\/mexico-tendra-un-registro-nacional-de-cancer\/","title":{"rendered":"M\u00e9xico tendr\u00e1 un Registro Nacional de C\u00e1ncer"},"content":{"rendered":"<p><strong>CIUDAD DE M\u00c9XICO, 03 de octubre, (MOMENTO INFORMATIVO \/ C\u00cdRCULO DIGITAL).-\u00a0<\/strong>Con el fin de dise\u00f1ar, organizar, coordinar y vigilar la situaci\u00f3n de c\u00e1ncer el pa\u00eds, la C\u00e1mara de Diputados aprob\u00f3 un dictamen que reforma la Ley General de Salud, para crear el Registro Nacional de C\u00e1ncer, a cargo de la Secretar\u00eda de Salud.<\/p>\n<p class=\"text\">Por unanimidad, con 440 votos a favor, los legisladores aprobaron esta iniciativa que enviaron al Senado para su eventual ratificaci\u00f3n, en la que se espec\u00edfica que el registro tendr\u00e1 una base poblacional.<\/p>\n<p class=\"text\">Adem\u00e1s, se integrar\u00e1 de informaci\u00f3n proveniente del Sistema Nacional de Informaci\u00f3n B\u00e1sica en Materia de Salud y contar\u00e1 con informaci\u00f3n relacionada el paciente y su enfermedad, observando las disposiciones relativas a la protecci\u00f3n de datos personales.<\/p>\n<p class=\"text\">El documento adiciona una fracci\u00f3n XVI Bis al art\u00edculo 3; una fracci\u00f3n X al art\u00edculo 7, y un Cap\u00edtulo III Bis al T\u00edtulo Octavo, denominado &#8220;Del Registro Nacional de C\u00e1ncer&#8221;, que comprende un nuevo art\u00edculo 161 Bis de la legislaci\u00f3n.<\/p>\n<p class=\"text\">Este dictamen surge de una iniciativa que present\u00f3 la diputada, del PRI, Sylvana Beltrones S\u00e1nchez, el pasado 3 de diciembre de 2015.<\/p>\n<p class=\"text\">Al argumentar el dictamen, el diputado presidente de la Comisi\u00f3n de Salud, el panista El\u00edas Octavio \u00cd\u00f1iguez Mej\u00eda, destac\u00f3 que el c\u00e1ncer es la tercera causa de muerte en M\u00e9xico, por lo que resulta primordial medir el impacto de esta enfermedad y as\u00ed implementar acciones que permitan reducir la incidencia.<\/p>\n<p class=\"text\">Explic\u00f3 que con el agregado de la fracci\u00f3n XVI Bis al precepto 3, se consigna que es materia de salubridad general &#8220;el dise\u00f1o, organizaci\u00f3n y vigilancia del Registro Nacional de C\u00e1ncer&#8221;.<\/p>\n<p class=\"text\">La adici\u00f3n de la fracci\u00f3n X al art\u00edculo 7, se\u00f1ala que a la Secretar\u00eda de Salud, que coordina el Sistema Nacional de Salud, le corresponder\u00e1 &#8220;establecer, promover y coordinar el (nuevo) Registro Nacional de C\u00e1ncer&#8221;.<\/p>\n<p class=\"text\">En tanto, la adici\u00f3n del art\u00edculo 161 Bis, precisa que el Registro Nacional de C\u00e1ncer tendr\u00e1 una base poblacional que se integrar\u00e1 de la informaci\u00f3n proveniente del Sistema Nacional de Informaci\u00f3n B\u00e1sica en Materia de Salud.<\/p>\n<p class=\"text\">Detalla que la informaci\u00f3n del paciente contendr\u00e1 la identidad, historial ocupacional, laboral y cl\u00ednica, as\u00ed como informaci\u00f3n demogr\u00e1fica.Dentro del historial cl\u00ednico incluir\u00e1 &#8220;informaci\u00f3n del tumor, fecha de diagn\u00f3stico de c\u00e1ncer, la localizaci\u00f3n anat\u00f3mica; de ser el caso, la lateralidad; la incidencia y el estado de la enfermedad; la histolog\u00eda del tumor primario y su comportamiento&#8221;.<\/p>\n<p class=\"text\">Tambi\u00e9n debe contener informaci\u00f3n respecto al tratamiento que se ha aplicado al paciente y el seguimiento que se ha dado al mismo de parte de los m\u00e9dicos, adem\u00e1s de la informaci\u00f3n de curaci\u00f3n y supervivencia.<\/p>\n<p class=\"text\">Se debe precisar la fuente de informaci\u00f3n utilizada para cada modalidad de diagn\u00f3stico y de tratamiento y la Secretar\u00eda de Salud integrar\u00e1 la informaci\u00f3n demogr\u00e1fica del Registro Nacional de C\u00e1ncer de todo el territorio nacional dividido en regiones norte, centro y sur.<\/p>\n<p class=\"text\">En un art\u00edculo segundo transitorio, se precisa que la Secretar\u00eda de Salud emitir\u00e1 el Reglamento del Registro Nacional de C\u00e1ncer en los 60 d\u00edas posteriores del inicio de vigencia de la reforma.<\/p>\n<p class=\"text\">En el tercero transitorio expone que la dependencia &#8220;realizar\u00e1 las modificaciones a la Norma Oficial Mexicana y disposiciones administrativas al Sistema Nacional de Informaci\u00f3n B\u00e1sica en Materia de Salud, que permitan la recopilaci\u00f3n, integraci\u00f3n y disposici\u00f3n de la informaci\u00f3n necesaria para la operaci\u00f3n del Registro Nacional de C\u00e1ncer&#8221;.<\/p>\n<p class=\"text\">Se debe garantizar la protecci\u00f3n de datos personales de conformidad con la normatividad vigente.<\/p>\n<p class=\"text\">El art\u00edculo cuarto transitorio indica que las erogaciones que se generen con la entrada en vigor del decreto, se cubrir\u00e1n con el presupuesto autorizado de la Secretar\u00eda de Salud para el presente ejercicio fiscal y los subsecuentes.<\/p>\n<p class=\"text\">Finalmente, se puntualiz\u00f3 que la instrumentaci\u00f3n del Registro Nacional de C\u00e1ncer generar\u00eda un impacto presupuestal con cargo al erario federal en el primer a\u00f1o de 13 millones 682.6 mil pesos y de ocho millones 729.5 mil pesos, a precios de 2016, para el segundo a\u00f1o de operaci\u00f3n.<\/p>\n<p class=\"text\">Asimismo, asever\u00f3 que el c\u00e1ncer es un problema de salud p\u00fablica y que pese a que se ha avanzado en la lucha para combatir esta enfermedad, no es suficiente y a\u00fan quedan muchos retos pendientes.<\/p>\n<p class=\"text\">&#8220;La prevenci\u00f3n, la detecci\u00f3n y el tratamiento oportuno del c\u00e1ncer son los retos m\u00e1s importantes que enfrenta el Sistema Nacional de Salud&#8221;, concluy\u00f3.<\/p>\n","protected":false},"excerpt":{"rendered":"<p>CIUDAD DE M\u00c9XICO, 03 de octubre, (MOMENTO INFORMATIVO \/ C\u00cdRCULO DIGITAL).-\u00a0Con el fin de dise\u00f1ar, organizar, coordinar y vigilar la&#8230;<\/p>\n","protected":false},"author":1,"featured_media":0,"comment_status":"closed","ping_status":"closed","sticky":false,"template":"","format":"standard","meta":{"footnotes":""},"categories":[1796,73],"tags":[332,77],"class_list":["post-36868","post","type-post","status-publish","format-standard","hentry","category-circulodigital","category-principal","tag-mexico","tag-principal"],"yoast_head":"<!-- This site is optimized with the Yoast SEO plugin v26.5 - https:\/\/yoast.com\/wordpress\/plugins\/seo\/ -->\n<title>M\u00e9xico tendr\u00e1 un Registro Nacional de C\u00e1ncer - NOTICIAS<\/title>\n<meta name=\"robots\" content=\"index, follow, max-snippet:-1, max-image-preview:large, max-video-preview:-1\" \/>\n<link rel=\"canonical\" href=\"https:\/\/laredsocial-noticias.com\/wp\/mexico-tendra-un-registro-nacional-de-cancer\/\" \/>\n<meta property=\"og:locale\" content=\"es_ES\" \/>\n<meta property=\"og:type\" content=\"article\" \/>\n<meta property=\"og:title\" content=\"M\u00e9xico tendr\u00e1 un Registro Nacional de C\u00e1ncer - NOTICIAS\" \/>\n<meta property=\"og:description\" content=\"CIUDAD DE M\u00c9XICO, 03 de octubre, (MOMENTO INFORMATIVO \/ C\u00cdRCULO DIGITAL).-\u00a0Con el fin de dise\u00f1ar, organizar, coordinar y vigilar la...\" \/>\n<meta property=\"og:url\" content=\"https:\/\/laredsocial-noticias.com\/wp\/mexico-tendra-un-registro-nacional-de-cancer\/\" \/>\n<meta property=\"og:site_name\" content=\"NOTICIAS\" \/>\n<meta property=\"article:published_time\" content=\"2016-11-03T21:30:09+00:00\" \/>\n<meta property=\"og:image\" content=\"https:\/\/laredsocial-noticias.com\/wp\/wp-content\/uploads\/2016\/11\/descarga.jpeg\" \/>\n\t<meta property=\"og:image:width\" content=\"300\" \/>\n\t<meta property=\"og:image:height\" content=\"168\" \/>\n\t<meta property=\"og:image:type\" content=\"image\/jpeg\" \/>\n<meta name=\"author\" content=\"Editor en Jefe\" \/>\n<meta name=\"twitter:card\" content=\"summary_large_image\" \/>\n<meta name=\"twitter:label1\" content=\"Escrito por\" \/>\n\t<meta name=\"twitter:data1\" content=\"Editor en Jefe\" \/>\n\t<meta name=\"twitter:label2\" content=\"Tiempo de lectura\" \/>\n\t<meta name=\"twitter:data2\" content=\"4 minutos\" \/>\n<!-- \/ Yoast SEO plugin. -->","yoast_head_json":{"title":"M\u00e9xico tendr\u00e1 un Registro Nacional de C\u00e1ncer - NOTICIAS","robots":{"index":"index","follow":"follow","max-snippet":"max-snippet:-1","max-image-preview":"max-image-preview:large","max-video-preview":"max-video-preview:-1"},"canonical":"https:\/\/laredsocial-noticias.com\/wp\/mexico-tendra-un-registro-nacional-de-cancer\/","og_locale":"es_ES","og_type":"article","og_title":"M\u00e9xico tendr\u00e1 un Registro Nacional de C\u00e1ncer - NOTICIAS","og_description":"CIUDAD DE M\u00c9XICO, 03 de octubre, (MOMENTO INFORMATIVO \/ C\u00cdRCULO DIGITAL).-\u00a0Con el fin de dise\u00f1ar, organizar, coordinar y vigilar la...","og_url":"https:\/\/laredsocial-noticias.com\/wp\/mexico-tendra-un-registro-nacional-de-cancer\/","og_site_name":"NOTICIAS","article_published_time":"2016-11-03T21:30:09+00:00","og_image":[{"width":300,"height":168,"url":"https:\/\/laredsocial-noticias.com\/wp\/wp-content\/uploads\/2016\/11\/descarga.jpeg","type":"image\/jpeg"}],"author":"Editor en Jefe","twitter_card":"summary_large_image","twitter_misc":{"Escrito por":"Editor en Jefe","Tiempo de lectura":"4 minutos"},"schema":{"@context":"https:\/\/schema.org","@graph":[{"@type":"WebPage","@id":"https:\/\/laredsocial-noticias.com\/wp\/mexico-tendra-un-registro-nacional-de-cancer\/","url":"https:\/\/laredsocial-noticias.com\/wp\/mexico-tendra-un-registro-nacional-de-cancer\/","name":"M\u00e9xico tendr\u00e1 un Registro Nacional de C\u00e1ncer - NOTICIAS","isPartOf":{"@id":"https:\/\/laredsocial-noticias.com\/wp\/#website"},"datePublished":"2016-11-03T21:30:09+00:00","author":{"@id":"https:\/\/laredsocial-noticias.com\/wp\/#\/schema\/person\/0ce78643f2de7aae6f6ef10e8453a6e0"},"breadcrumb":{"@id":"https:\/\/laredsocial-noticias.com\/wp\/mexico-tendra-un-registro-nacional-de-cancer\/#breadcrumb"},"inLanguage":"es","potentialAction":[{"@type":"ReadAction","target":["https:\/\/laredsocial-noticias.com\/wp\/mexico-tendra-un-registro-nacional-de-cancer\/"]}]},{"@type":"BreadcrumbList","@id":"https:\/\/laredsocial-noticias.com\/wp\/mexico-tendra-un-registro-nacional-de-cancer\/#breadcrumb","itemListElement":[{"@type":"ListItem","position":1,"name":"Portada","item":"https:\/\/laredsocial-noticias.com\/wp\/"},{"@type":"ListItem","position":2,"name":"M\u00e9xico tendr\u00e1 un Registro Nacional de C\u00e1ncer"}]},{"@type":"WebSite","@id":"https:\/\/laredsocial-noticias.com\/wp\/#website","url":"https:\/\/laredsocial-noticias.com\/wp\/","name":"NOTICIAS","description":"Lo que se ve y se dice en las redes sociales","potentialAction":[{"@type":"SearchAction","target":{"@type":"EntryPoint","urlTemplate":"https:\/\/laredsocial-noticias.com\/wp\/?s={search_term_string}"},"query-input":{"@type":"PropertyValueSpecification","valueRequired":true,"valueName":"search_term_string"}}],"inLanguage":"es"},{"@type":"Person","@id":"https:\/\/laredsocial-noticias.com\/wp\/#\/schema\/person\/0ce78643f2de7aae6f6ef10e8453a6e0","name":"Editor en Jefe","url":"https:\/\/laredsocial-noticias.com\/wp\/author\/jorgeochoa\/"}]}},"_links":{"self":[{"href":"https:\/\/laredsocial-noticias.com\/wp\/wp-json\/wp\/v2\/posts\/36868","targetHints":{"allow":["GET"]}}],"collection":[{"href":"https:\/\/laredsocial-noticias.com\/wp\/wp-json\/wp\/v2\/posts"}],"about":[{"href":"https:\/\/laredsocial-noticias.com\/wp\/wp-json\/wp\/v2\/types\/post"}],"author":[{"embeddable":true,"href":"https:\/\/laredsocial-noticias.com\/wp\/wp-json\/wp\/v2\/users\/1"}],"replies":[{"embeddable":true,"href":"https:\/\/laredsocial-noticias.com\/wp\/wp-json\/wp\/v2\/comments?post=36868"}],"version-history":[{"count":1,"href":"https:\/\/laredsocial-noticias.com\/wp\/wp-json\/wp\/v2\/posts\/36868\/revisions"}],"predecessor-version":[{"id":36869,"href":"https:\/\/laredsocial-noticias.com\/wp\/wp-json\/wp\/v2\/posts\/36868\/revisions\/36869"}],"wp:attachment":[{"href":"https:\/\/laredsocial-noticias.com\/wp\/wp-json\/wp\/v2\/media?parent=36868"}],"wp:term":[{"taxonomy":"category","embeddable":true,"href":"https:\/\/laredsocial-noticias.com\/wp\/wp-json\/wp\/v2\/categories?post=36868"},{"taxonomy":"post_tag","embeddable":true,"href":"https:\/\/laredsocial-noticias.com\/wp\/wp-json\/wp\/v2\/tags?post=36868"}],"curies":[{"name":"wp","href":"https:\/\/api.w.org\/{rel}","templated":true}]}}