{"id":37335,"date":"2016-11-07T09:29:18","date_gmt":"2016-11-07T15:29:18","guid":{"rendered":"http:\/\/laredsocial-noticias.com\/wp\/?p=37335"},"modified":"2016-11-07T10:29:25","modified_gmt":"2016-11-07T15:29:25","slug":"va-prd-por-fortalecer-el-presupuesto-a-salud-educacion-campo-y-cdmx-en-pef-2017-jesus-zambrano","status":"publish","type":"post","link":"https:\/\/laredsocial-noticias.com\/wp\/va-prd-por-fortalecer-el-presupuesto-a-salud-educacion-campo-y-cdmx-en-pef-2017-jesus-zambrano\/","title":{"rendered":"Va PRD por fortalecer el presupuesto a salud, educaci\u00f3n campo y CDMX en PEF 2017: Jes\u00fas Zambrano"},"content":{"rendered":"<p><strong>CIUDAD DE M\u00c9XICO, 07 de noviembre, (MENSAJE POL\u00cdTICO \/ C\u00cdRCULO DIGITAL).-\u00a0<\/strong>El Grupo Parlamentario del Partido de la Revoluci\u00f3n Democr\u00e1tica (GPPRD) en la C\u00e1mara de Diputados, se declara listo para defender en las discusiones del Presupuesto de Egresos de la Federaci\u00f3n para el Ejercicio Fiscal 2017, los recursos que -constitucionalmente- corresponden a la capital del pa\u00eds y que la Secretar\u00eda de Hacienda present\u00f3 en ceros ante esta soberan\u00eda para adjudicarlos, en cambio, al estado de M\u00e9xico, del cual es originario el Ejecutivo Federal Enrique Pe\u00f1a Nieto.<\/p>\n<p class=\"x_MsoNormal\"><span lang=\"ES\">\u00a0<\/span><\/p>\n<p class=\"x_MsoNormal\"><span lang=\"ES\">Jes\u00fas Zambrano Grijalva, vicecoordinador de la fracci\u00f3n perredista en el recinto de San L\u00e1zaro se\u00f1al\u00f3 que despu\u00e9s de los encuentros con el Secretario de Hacienda, Jos\u00e9 Antonio Meade, se dar\u00e1n los ajustes en la C\u00e1mara de Diputados para restituir a estados y municipios los recursos que les permitan ejecutar obra m\u00ednima as\u00ed como para impulsar los programas recurrentes para el campo.<\/span><\/p>\n<p class=\"x_MsoNormal\"><span lang=\"ES\">\u00a0<\/span><\/p>\n<p class=\"x_MsoNormal\"><span lang=\"ES\">Tambi\u00e9n en el caso espec\u00edfico de la CDMX, recuperar recursos a infraestructura y otras prioridades que permitan a la capital del pa\u00eds mantener su funcionalidad. Dijo que el Presidente de la Comisi\u00f3n de Hacienda y Cr\u00e9dito P\u00fablico, Jos\u00e9 Antonio Estefan Chidiac adelant\u00f3 p\u00fablicamente que ser\u00e1n reasignados $ 9 mil 500 millones de pesos y el PRD verificar\u00e1\u00a0 que ello se cumpla.<\/span><\/p>\n<p class=\"x_MsoNormal\"><span lang=\"ES\">\u00a0<\/span><\/p>\n<p class=\"x_MsoNormal\"><span lang=\"ES\">Zambrano Grijalva asever\u00f3 que desde un principio, el PRD dej\u00f3 en claro que no acompa\u00f1ar\u00eda la propuesta tal como fue presentada por ser discriminatoria y estar mal planteada al eliminar recursos para salud, educaci\u00f3n y el campo, as\u00ed como m\u00e1s de $ 8 mil millones de pesos que ser\u00edan destinados a la ampliaci\u00f3n del metro de la Ciudad de M\u00e9xico y para el Fondo de Capitalidad; pero en cambio, asigna $ 17 mil millones de pesos para el tren Interurbano M\u00e9xico-Toluca, prioridad de Pe\u00f1a Nieto.<\/span><\/p>\n<p class=\"x_MsoNormal\"><span lang=\"ES\">\u00a0<\/span><\/p>\n<p class=\"x_MsoNormal\"><span lang=\"ES\">El Legislador subray\u00f3 que en modo alguno, el PRD aceptar\u00e1 que se pretenda fortalecer al PRI violando la Constituci\u00f3n y canalizando recursos que pertenecen a todas y todos los mexicanos, s\u00f3lo porque el Revolucionario Institucional est\u00e1 desesperado y no quiere perder la \u201cjoya de la corona\u201d -que es el estado de M\u00e9xico- en los comicios electorales del a\u00f1o pr\u00f3ximo.<\/span><\/p>\n<p class=\"x_MsoNormal\"><span lang=\"ES\">\u00a0<\/span><\/p>\n<p class=\"x_MsoNormal\"><span lang=\"ES\">\u201cQueda claro que la propuesta que present\u00f3 el Secretario Meade peca de inconstitucionalidad, y los priistas saben que hay espacios para reasignar dentro de la propuesta del gobierno Federal; pero no se hace en los \u00e1mbitos que influyen directamente en beneficio de la gente\u201d, expuso.<\/span><\/p>\n<p class=\"x_MsoNormal\"><span lang=\"ES\">\u00a0<\/span><\/p>\n<p class=\"x_MsoNormal\"><span lang=\"ES\">\u201c\u00bfQu\u00e9 es m\u00e1s importante? \u00bfUn tren que conectar\u00e1 de Santa Fe a Toluca (y que queda trunco porque no se asigna un solo peso al Sistema de Transporte Colectivo Metro que lo complementar\u00eda) o que se asignen recursos para fortalecer a la infraestructura educativa por cuya carencia millones de j\u00f3venes mexicanos dejan truncos sus estudios quedando a expensas del subempleo o del crimen organizado?\u201d, cuestion\u00f3.\u00a0<\/span><\/p>\n<p class=\"x_MsoNormal\"><span lang=\"ES\">\u00a0<\/span><\/p>\n<p class=\"x_MsoNormal\"><span lang=\"ES\">Jes\u00fas Zambrano subray\u00f3 que la necedad del gobierno mexicano por mantener un esquema econ\u00f3mico disfuncional, nos mantiene al borde de una crisis que puede llevarnos a la ingobernabilidad y por eso es fundamental que, ya que van a hacer ajustes, \u00a0\u00e9stos se hagan de manera responsable.<\/span><\/p>\n<p class=\"x_MsoNormal\"><span lang=\"ES\">\u00a0<\/span><\/p>\n<p class=\"x_MsoNormal\" align=\"center\"><b><span lang=\"ES\">FUNDAMENTAL BLINDAR LA ECONOM\u00cdA DE LOS MEXICANOS ANTE EL PROCESO ELECTORAL DE LOS EUA<\/span><\/b><\/p>\n<p class=\"x_MsoNormal\"><span lang=\"ES\">\u00a0<\/span><\/p>\n<p class=\"x_MsoNormal\"><span lang=\"ES\">El Diputado Federal se refiri\u00f3 de igual manera al escenario que depara a nuestro pa\u00eds tras el proceso electoral en los Estados Unidos de Am\u00e9rica y plante\u00f3 que \u00a0no es halag\u00fce\u00f1o en cualquiera de los casos de triunfo -de acuerdo con las afirmaciones que ha hechos el gobernador del Banco de M\u00e9xico- y esto puede empeorar a partir de la de por s\u00ed, mala situaci\u00f3n econ\u00f3mica que venimos arrastrando en los \u00faltimos 30 a\u00f1os.<\/span><\/p>\n<p class=\"x_MsoNormal\"><span lang=\"ES\">\u00a0<\/span><\/p>\n<p class=\"x_MsoNormal\">Dijo que aun cuando Hacienda ha manifestado cierta tranquilidad y ha destacado que no piensa hacer nada distinto y que M\u00e9xico puede tener cierta certeza debido a los instrumentos con los que se cuenta &#8211; Ley de Ingresos, el Plan de Negocios de Pemex y otros instrumentos financieros aplicados en el exterior- lo innegable es que no hay certidumbre sobre los efectos que habr\u00e1 para la econom\u00eda nacional dada la volatilidad que habr\u00e1 en los mercados y que afecta directamente a nuestra moneda, por lo que consider\u00f3 necesario que se vaya tomando en cuenta esto al momento de discutir el paquete de Egresos y, de ser necesario, apretar a\u00fan m\u00e1s el cintur\u00f3n en \u00e1reas no prioritarias de los tres poderes de la Uni\u00f3n.<\/p>\n<p class=\"x_MsoNormal\">\n<p class=\"x_MsoNormal\"><span lang=\"ES\">Dijo que si bien los banqueros han externado la necesidad de fortalecer la participaci\u00f3n de la iniciativa privada en sectores estrat\u00e9gicos como una apuesta indispensable para sanear las finanzas del sector p\u00fablico, algo igualmente importante que debe hacerse es blindar a la poblaci\u00f3n fortaleciendo sus ingresos mediante el incremento al salario m\u00ednimo \u2013por lo menos- a $ 89.00 pesos tal y como lo planteaba el Consejo Nacional para la Evaluaci\u00f3n de la Pol\u00edtica de Desarrollo Social (Coneval) en mayo pasado ahora que la Conasami est\u00e1 pr\u00f3xima a definir y que es un compromiso que viene arrastrando el Gobierno Federal desde junio pasado.<\/span><\/p>\n<p class=\"x_MsoNormal\"><span lang=\"ES\">\u00a0<\/span><\/p>\n<p class=\"x_MsoNormal\"><span lang=\"ES\">Jes\u00fas Zambrano recalc\u00f3 finalmente que dicho monto de $ 89.00 pesos diarios en M\u00e9xico est\u00e1n quedando rebasados debido al constante incremento en los productos de la canasta b\u00e1sica alimentaria (L\u00ednea de Bienestar M\u00ednimo) cuyo valor \u00a0pas\u00f3 de $1,290.21 pesos en septiembre de 2015, a $1,339.39 pesos para el mismo mes de 2016 en las zonas urbanas; mientras que el valor de la canasta alimentaria rural pas\u00f3 de $917.45 pesos en 2015, a $959.59 pesos a septiembre pasado,<\/span>seg\u00fan los propios datos oficiales.<\/p>\n","protected":false},"excerpt":{"rendered":"<p>CIUDAD DE M\u00c9XICO, 07 de noviembre, (MENSAJE POL\u00cdTICO \/ C\u00cdRCULO DIGITAL).-\u00a0El Grupo Parlamentario del Partido de la Revoluci\u00f3n Democr\u00e1tica (GPPRD)&#8230;<\/p>\n","protected":false},"author":1,"featured_media":0,"comment_status":"closed","ping_status":"closed","sticky":false,"template":"","format":"standard","meta":{"footnotes":""},"categories":[1796,697,73],"tags":[332,77],"class_list":["post-37335","post","type-post","status-publish","format-standard","hentry","category-circulodigital","category-opinion","category-principal","tag-mexico","tag-principal"],"yoast_head":"<!-- This site is optimized with the Yoast SEO plugin v26.5 - https:\/\/yoast.com\/wordpress\/plugins\/seo\/ -->\n<title>Va PRD por fortalecer el presupuesto a salud, educaci\u00f3n campo y CDMX en PEF 2017: Jes\u00fas Zambrano - NOTICIAS<\/title>\n<meta name=\"robots\" content=\"index, follow, max-snippet:-1, max-image-preview:large, max-video-preview:-1\" \/>\n<link rel=\"canonical\" href=\"https:\/\/laredsocial-noticias.com\/wp\/va-prd-por-fortalecer-el-presupuesto-a-salud-educacion-campo-y-cdmx-en-pef-2017-jesus-zambrano\/\" \/>\n<meta property=\"og:locale\" content=\"es_ES\" \/>\n<meta property=\"og:type\" content=\"article\" \/>\n<meta property=\"og:title\" content=\"Va PRD por fortalecer el presupuesto a salud, educaci\u00f3n campo y CDMX en PEF 2017: Jes\u00fas Zambrano - NOTICIAS\" \/>\n<meta property=\"og:description\" content=\"CIUDAD DE M\u00c9XICO, 07 de noviembre, (MENSAJE POL\u00cdTICO \/ C\u00cdRCULO DIGITAL).-\u00a0El Grupo Parlamentario del Partido de la Revoluci\u00f3n Democr\u00e1tica (GPPRD)...\" \/>\n<meta property=\"og:url\" content=\"https:\/\/laredsocial-noticias.com\/wp\/va-prd-por-fortalecer-el-presupuesto-a-salud-educacion-campo-y-cdmx-en-pef-2017-jesus-zambrano\/\" \/>\n<meta property=\"og:site_name\" content=\"NOTICIAS\" \/>\n<meta property=\"article:published_time\" content=\"2016-11-07T15:29:18+00:00\" \/>\n<meta property=\"article:modified_time\" content=\"2016-11-07T15:29:25+00:00\" \/>\n<meta property=\"og:image\" content=\"https:\/\/laredsocial-noticias.com\/wp\/wp-content\/uploads\/2016\/11\/Jesu\u0301sZambrano-e1478532532759.jpg\" \/>\n\t<meta property=\"og:image:width\" content=\"600\" \/>\n\t<meta property=\"og:image:height\" content=\"400\" \/>\n\t<meta property=\"og:image:type\" content=\"image\/jpeg\" \/>\n<meta name=\"author\" content=\"Editor en Jefe\" \/>\n<meta name=\"twitter:card\" content=\"summary_large_image\" \/>\n<meta name=\"twitter:label1\" content=\"Escrito por\" \/>\n\t<meta name=\"twitter:data1\" content=\"Editor en Jefe\" \/>\n\t<meta name=\"twitter:label2\" content=\"Tiempo de lectura\" \/>\n\t<meta name=\"twitter:data2\" content=\"5 minutos\" \/>\n<!-- \/ Yoast SEO plugin. -->","yoast_head_json":{"title":"Va PRD por fortalecer el presupuesto a salud, educaci\u00f3n campo y CDMX en PEF 2017: Jes\u00fas Zambrano - NOTICIAS","robots":{"index":"index","follow":"follow","max-snippet":"max-snippet:-1","max-image-preview":"max-image-preview:large","max-video-preview":"max-video-preview:-1"},"canonical":"https:\/\/laredsocial-noticias.com\/wp\/va-prd-por-fortalecer-el-presupuesto-a-salud-educacion-campo-y-cdmx-en-pef-2017-jesus-zambrano\/","og_locale":"es_ES","og_type":"article","og_title":"Va PRD por fortalecer el presupuesto a salud, educaci\u00f3n campo y CDMX en PEF 2017: Jes\u00fas Zambrano - NOTICIAS","og_description":"CIUDAD DE M\u00c9XICO, 07 de noviembre, (MENSAJE POL\u00cdTICO \/ C\u00cdRCULO DIGITAL).-\u00a0El Grupo Parlamentario del Partido de la Revoluci\u00f3n Democr\u00e1tica (GPPRD)...","og_url":"https:\/\/laredsocial-noticias.com\/wp\/va-prd-por-fortalecer-el-presupuesto-a-salud-educacion-campo-y-cdmx-en-pef-2017-jesus-zambrano\/","og_site_name":"NOTICIAS","article_published_time":"2016-11-07T15:29:18+00:00","article_modified_time":"2016-11-07T15:29:25+00:00","og_image":[{"width":600,"height":400,"url":"https:\/\/laredsocial-noticias.com\/wp\/wp-content\/uploads\/2016\/11\/Jesu\u0301sZambrano-e1478532532759.jpg","type":"image\/jpeg"}],"author":"Editor en Jefe","twitter_card":"summary_large_image","twitter_misc":{"Escrito por":"Editor en Jefe","Tiempo de lectura":"5 minutos"},"schema":{"@context":"https:\/\/schema.org","@graph":[{"@type":"WebPage","@id":"https:\/\/laredsocial-noticias.com\/wp\/va-prd-por-fortalecer-el-presupuesto-a-salud-educacion-campo-y-cdmx-en-pef-2017-jesus-zambrano\/","url":"https:\/\/laredsocial-noticias.com\/wp\/va-prd-por-fortalecer-el-presupuesto-a-salud-educacion-campo-y-cdmx-en-pef-2017-jesus-zambrano\/","name":"Va PRD por fortalecer el presupuesto a salud, educaci\u00f3n campo y CDMX en PEF 2017: Jes\u00fas Zambrano - NOTICIAS","isPartOf":{"@id":"https:\/\/laredsocial-noticias.com\/wp\/#website"},"datePublished":"2016-11-07T15:29:18+00:00","dateModified":"2016-11-07T15:29:25+00:00","author":{"@id":"https:\/\/laredsocial-noticias.com\/wp\/#\/schema\/person\/0ce78643f2de7aae6f6ef10e8453a6e0"},"breadcrumb":{"@id":"https:\/\/laredsocial-noticias.com\/wp\/va-prd-por-fortalecer-el-presupuesto-a-salud-educacion-campo-y-cdmx-en-pef-2017-jesus-zambrano\/#breadcrumb"},"inLanguage":"es","potentialAction":[{"@type":"ReadAction","target":["https:\/\/laredsocial-noticias.com\/wp\/va-prd-por-fortalecer-el-presupuesto-a-salud-educacion-campo-y-cdmx-en-pef-2017-jesus-zambrano\/"]}]},{"@type":"BreadcrumbList","@id":"https:\/\/laredsocial-noticias.com\/wp\/va-prd-por-fortalecer-el-presupuesto-a-salud-educacion-campo-y-cdmx-en-pef-2017-jesus-zambrano\/#breadcrumb","itemListElement":[{"@type":"ListItem","position":1,"name":"Portada","item":"https:\/\/laredsocial-noticias.com\/wp\/"},{"@type":"ListItem","position":2,"name":"Va PRD por fortalecer el presupuesto a salud, educaci\u00f3n campo y CDMX en PEF 2017: Jes\u00fas Zambrano"}]},{"@type":"WebSite","@id":"https:\/\/laredsocial-noticias.com\/wp\/#website","url":"https:\/\/laredsocial-noticias.com\/wp\/","name":"NOTICIAS","description":"Lo que se ve y se dice en las redes sociales","potentialAction":[{"@type":"SearchAction","target":{"@type":"EntryPoint","urlTemplate":"https:\/\/laredsocial-noticias.com\/wp\/?s={search_term_string}"},"query-input":{"@type":"PropertyValueSpecification","valueRequired":true,"valueName":"search_term_string"}}],"inLanguage":"es"},{"@type":"Person","@id":"https:\/\/laredsocial-noticias.com\/wp\/#\/schema\/person\/0ce78643f2de7aae6f6ef10e8453a6e0","name":"Editor en Jefe","url":"https:\/\/laredsocial-noticias.com\/wp\/author\/jorgeochoa\/"}]}},"_links":{"self":[{"href":"https:\/\/laredsocial-noticias.com\/wp\/wp-json\/wp\/v2\/posts\/37335","targetHints":{"allow":["GET"]}}],"collection":[{"href":"https:\/\/laredsocial-noticias.com\/wp\/wp-json\/wp\/v2\/posts"}],"about":[{"href":"https:\/\/laredsocial-noticias.com\/wp\/wp-json\/wp\/v2\/types\/post"}],"author":[{"embeddable":true,"href":"https:\/\/laredsocial-noticias.com\/wp\/wp-json\/wp\/v2\/users\/1"}],"replies":[{"embeddable":true,"href":"https:\/\/laredsocial-noticias.com\/wp\/wp-json\/wp\/v2\/comments?post=37335"}],"version-history":[{"count":1,"href":"https:\/\/laredsocial-noticias.com\/wp\/wp-json\/wp\/v2\/posts\/37335\/revisions"}],"predecessor-version":[{"id":37336,"href":"https:\/\/laredsocial-noticias.com\/wp\/wp-json\/wp\/v2\/posts\/37335\/revisions\/37336"}],"wp:attachment":[{"href":"https:\/\/laredsocial-noticias.com\/wp\/wp-json\/wp\/v2\/media?parent=37335"}],"wp:term":[{"taxonomy":"category","embeddable":true,"href":"https:\/\/laredsocial-noticias.com\/wp\/wp-json\/wp\/v2\/categories?post=37335"},{"taxonomy":"post_tag","embeddable":true,"href":"https:\/\/laredsocial-noticias.com\/wp\/wp-json\/wp\/v2\/tags?post=37335"}],"curies":[{"name":"wp","href":"https:\/\/api.w.org\/{rel}","templated":true}]}}